{"id":89981,"date":"2020-06-24T10:22:22","date_gmt":"2020-06-24T14:22:22","guid":{"rendered":"https:\/\/linitiative.ca\/International\/laeroport-marrakech-menara-fin-pret-pour-la-reprise-de-son-activite\/"},"modified":"2020-06-24T10:22:22","modified_gmt":"2020-06-24T14:22:22","slug":"laeroport-marrakech-menara-fin-pret-pour-la-reprise-de-son-activite","status":"publish","type":"post","link":"https:\/\/linitiative.ca\/International\/laeroport-marrakech-menara-fin-pret-pour-la-reprise-de-son-activite\/","title":{"rendered":"L\u2019A\u00e9roport Marrakech-Menara fin pr\u00eat pour la reprise de son activit\u00e9"},"content":{"rendered":"<div readability=\"37\">\n<p>Marrakech \u2013 Apr\u00e8s une inactivit\u00e9 de plus de trois mois en raison de la d\u00e9claration de l\u2019\u00e9tat d\u2019urgence sanitaire et des mesures pr\u00e9ventives d\u00e9cr\u00e9t\u00e9es par le Royaume pour enrayer la propagation de la pand\u00e9mie de la Covid-19, l\u2019A\u00e9roport international Marrakech-Menara est fin pr\u00eat pour la reprise du trafic a\u00e9rien et l\u2019accueil des passagers, dans le respect scrupuleux des proc\u00e9dures mises en place par l\u2019Office National des A\u00e9roports (ONDA).<\/p>\n<\/div>\n<div readability=\"129\">\n<p>En effet, les diff\u00e9rentes \u00e9quipes de l\u2019infrastructure a\u00e9roportuaire de la cit\u00e9 ocre ont, \u00e0 l\u2019instar des autres a\u00e9roports du Royaume, travaill\u00e9 d\u2019arrache-pied ces derni\u00e8res semaines pour veiller minutieusement au d\u00e9ploiement de ce dispositif et de ces mesures et consignes pr\u00e9vus par le plan de reprise des activit\u00e9s au niveau des a\u00e9roports du Maroc, \u00e9tabli par l\u2019ONDA pour garantir un accueil tr\u00e8s s\u00e9curis\u00e9 et rassurant pour l\u2019ensemble des voyageurs et des usagers.<\/p>\n<p>Un effort colossal a \u00e9t\u00e9 ainsi consenti par les autorit\u00e9s de l\u2019A\u00e9roport de Marrakech-Menara pour assurer le conformisme de ses diff\u00e9rents services et d\u00e9pendances aux consignes sanitaires et l\u2019adaptation des proc\u00e9dures d\u2019exploitation aux contraintes inh\u00e9rentes \u00e0 la gestion de la situation pand\u00e9mique, notamment aux mesures strictes pour le maintien de la distanciation physique au niveau de tous les espaces d\u2019accueil et d\u2019arriv\u00e9e des passagers.<\/p>\n<p>De la d\u00e9sinfection et la st\u00e9rilisation intense touchant l\u2019ensemble des d\u00e9pendances \u00e0 la mise en place de la signalisation garantissant la distanciation physique, en passant par le tra\u00e7age des circuits et l\u2019installation des cam\u00e9ras thermiques dernier cri, tout est donc fin pr\u00eat pour la reprise de l\u2019activit\u00e9 a\u00e9rienne, l\u2019objectif ultime \u00e9tant de garantir une exp\u00e9rience de voyage confortable aux usagers et de r\u00e9habiliter la confiance dans le transport a\u00e9rien, a constat\u00e9 une \u00e9quipe de la MAP sur place.<\/p>\n<p>Dans une d\u00e9claration \u00e0 la MAP \u00e0 cette occasion, le chef de la division d\u2019exploitation a\u00e9roportuaire au sein de l\u2019A\u00e9roport international Marrakech-Menara, Zakaria Harti, a fait savoir que cette importante structure est pr\u00eate \u00e0 reprendre l\u2019activit\u00e9 apr\u00e8s que le dispositif n\u00e9cessaire pour assurer la s\u00e9curit\u00e9 des usagers a \u00e9t\u00e9 d\u00e9ploy\u00e9 dans ses moindres d\u00e9tails.<\/p>\n<p>Notant que l\u2019ONDA a mis en place un plan de reprise de l\u2019activit\u00e9 des a\u00e9roports du Royaume, avec pour objectif d\u2019assurer un accueil s\u00e9curis\u00e9 pour les voyageurs, le responsable a expliqu\u00e9 qu\u2019\u00e0 l\u2019instar des autres infrastructures a\u00e9roportuaires, une batterie de mesures ont \u00e9t\u00e9 prises au niveau de l\u2019A\u00e9roport de la cit\u00e9 ocre en vue de garantir la s\u00e9curit\u00e9 sanitaire aussi bien des passagers que des employ\u00e9s et usagers.<\/p>\n<p>Ces dispositions, a-t-il poursuivi, s\u2019inscrivent dans le cadre de l\u2019accompagnement des mesures proactives et pr\u00e9ventives pr\u00e9conis\u00e9es par le Royaume afin d\u2019endiguer la propagation de la Covid-19, et interviennent conform\u00e9ment aux recommandations de l\u2019Organisation de l\u2019aviation civile internationale (OACI) et du Conseil international des A\u00e9roports (ACI).<\/p>\n<p>Et d\u2019encha\u00eener que ce dispositif concerne les diff\u00e9rentes \u00e9tapes, allant de l\u2019acc\u00e8s du passager \u00e0 l\u2019a\u00e9roport jusqu\u2019\u00e0 son embarquement, ajoutant que ces mesures touchent \u00e9galement l\u2019ensemble des \u00e9tapes de l\u2019arriv\u00e9e.<\/p>\n<p>Ainsi, il a \u00e9t\u00e9 proc\u00e9d\u00e9 \u00e0 la mise en place de plexiglas \u00e0 des endroits fixes, notamment au niveau des comptoirs d\u2019enregistrement et d\u2019information ainsi que des salles d\u2019embarquement, a-t-il pr\u00e9cis\u00e9, soulignant que des mesures de distanciation sociale sont appliqu\u00e9es au niveau de toutes les zones d\u2019attente, \u00e0 travers le marquage au sol et la condamnation de deux si\u00e8ges sur le banc et espacement des si\u00e8ges, outre l\u2019installation de distributeurs de gel d\u00e9sinfectant dans les diff\u00e9rents points et espaces.<\/p>\n<p>D\u2019autre part, de nouvelles cam\u00e9ras thermiques ont \u00e9t\u00e9 implant\u00e9es pour la prise de la temp\u00e9rature des passagers au niveau des espaces Arriv\u00e9es, permettant ainsi une surveillance proactive d\u2019\u00e9ventuels cas suspects, a relev\u00e9 M. Harti.<\/p>\n<p>Concernant le volet de sensibilisation et d\u2019information, des panneaux portant sur les diff\u00e9rentes consignes sanitaires \u00e0 suivre ont \u00e9t\u00e9 mis en place, a-t-il indiqu\u00e9, notant qu\u2019il sera \u00e9galement proc\u00e9d\u00e9 \u00e0 la diffusion de messages sur le respect des consignes de distanciation sociale et des gestes barri\u00e8res par le biais d\u2019annonces sonores et des \u00e9crans d\u2019affichage, afin de rappeler aux passagers les pr\u00e9cautions n\u00e9cessaires \u00e0 adopter le long de leur pr\u00e9sence au sein de l\u2019a\u00e9roport.<\/p>\n<p>A rappeler que l\u2019ONDA a mis en place un plan de reprise de l\u2019activit\u00e9 des a\u00e9roports du Maroc pour garantir un accueil s\u00e9curis\u00e9 et rassurant pour les passagers.<\/p>\n<p>Ainsi, l\u2019exp\u00e9rience passager int\u00e8gre d\u00e9sormais une nouvelle dimension, celle d\u2019assurer un accueil sain et rassurant et un parcours \u00ab\u00a0healthy\u00a0\u00bb dans les a\u00e9roports et ce, \u00e0 travers un dispositif r\u00e9adaptant les processus et les process de gestion a\u00e9roportuaire.<\/p>\n<p>Le dispositif d\u00e9ploy\u00e9 par l\u2019Office porte, entre autres, sur l\u2019exploitation a\u00e9roportuaire et la gestion des flux, la sensibilisation et l\u2019information, les op\u00e9rations de nettoyage et de d\u00e9sinfection et les mesures d\u2019alerte \u00e9pid\u00e9mique.<\/p>\n<\/div>\n<p>Auteur: Meriem IGASS<br \/>\n<a href=\"http:\/\/www.mapmarrakech.ma\/fr\/laeroport-marrakech-menara-fin-pret-pour-la-reprise-de-son-activite\/\">Cliquez ici pour lire l&rsquo;article depuis sa source.<\/a><\/p>\n","protected":false},"excerpt":{"rendered":"<p>Marrakech \u2013 Apr\u00e8s une inactivit\u00e9 de plus de trois mois en raison de la d\u00e9claration de l\u2019\u00e9tat d\u2019urgence sanitaire et des mesures pr\u00e9ventives d\u00e9cr\u00e9t\u00e9es par le Royaume pour enrayer la propagation de la pand\u00e9mie de la Covid-19, l\u2019A\u00e9roport international Marrakech-Menara est fin pr\u00eat pour la reprise du trafic a\u00e9rien et l\u2019accueil des passagers, dans le [&hellip;]<\/p>\n","protected":false},"author":1788,"featured_media":0,"comment_status":"closed","ping_status":"closed","sticky":false,"template":"","format":"standard","meta":{"fifu_image_url":"","fifu_image_alt":"","footnotes":""},"categories":[54,76],"tags":[],"class_list":["post-89981","post","type-post","status-publish","format-standard","hentry","category-maroc","category-regions"],"_links":{"self":[{"href":"https:\/\/linitiative.ca\/International\/wp-json\/wp\/v2\/posts\/89981","targetHints":{"allow":["GET"]}}],"collection":[{"href":"https:\/\/linitiative.ca\/International\/wp-json\/wp\/v2\/posts"}],"about":[{"href":"https:\/\/linitiative.ca\/International\/wp-json\/wp\/v2\/types\/post"}],"author":[{"embeddable":true,"href":"https:\/\/linitiative.ca\/International\/wp-json\/wp\/v2\/users\/1788"}],"replies":[{"embeddable":true,"href":"https:\/\/linitiative.ca\/International\/wp-json\/wp\/v2\/comments?post=89981"}],"version-history":[{"count":0,"href":"https:\/\/linitiative.ca\/International\/wp-json\/wp\/v2\/posts\/89981\/revisions"}],"wp:attachment":[{"href":"https:\/\/linitiative.ca\/International\/wp-json\/wp\/v2\/media?parent=89981"}],"wp:term":[{"taxonomy":"category","embeddable":true,"href":"https:\/\/linitiative.ca\/International\/wp-json\/wp\/v2\/categories?post=89981"},{"taxonomy":"post_tag","embeddable":true,"href":"https:\/\/linitiative.ca\/International\/wp-json\/wp\/v2\/tags?post=89981"}],"curies":[{"name":"wp","href":"https:\/\/api.w.org\/{rel}","templated":true}]}}