{"id":89984,"date":"2020-06-24T08:52:30","date_gmt":"2020-06-24T12:52:30","guid":{"rendered":"https:\/\/linitiative.ca\/International\/oran-opte-pour-le-rationnement-de-leau\/"},"modified":"2020-06-24T08:52:30","modified_gmt":"2020-06-24T12:52:30","slug":"oran-opte-pour-le-rationnement-de-leau","status":"publish","type":"post","link":"https:\/\/linitiative.ca\/International\/oran-opte-pour-le-rationnement-de-leau\/","title":{"rendered":"Oran opte pour le rationnement de l\u2019eau"},"content":{"rendered":"<div readability=\"40\">\n<p><strong>ORAN- Alors que l\u2019alimentation en eau potable dans la wilaya d\u2019Oran connait plusieurs probl\u00e8mes depuis quelques ann\u00e9es, le retour au rationnement semble s\u2019imposer comme solution, en attendant la\u00a0r\u00e9alisation du projet de la d\u00e9connexion de la station de dessalement d\u2019eau de mer (SDEM) d\u2019El Mact\u00e2a, \u00e0 l\u2019Est de la wilaya, avec le couloir du transfert du \u00ab\u00a0MAE\u00a0\u00bb . Ce projet sera en mesure de r\u00e9gler le probl\u00e8me \u00e0 long terme, estime-t-on.<\/strong><\/p>\n<\/div>\n<div readability=\"125\">\n<p>Le retour au rationnement a \u00e9t\u00e9 annonc\u00e9 par la Soci\u00e9t\u00e9 de l\u2019eau et de l\u2019assainissement (SEOR), \u00e0 la fin du mois de mai dernier, en pr\u00e9vision de la saison estivale, p\u00e9riode connaissant chaque ann\u00e9e, \u00e0 la fois, une\u00a0explosion des besoins en eau potable et de fortes perturbations en alimentation en ce produit vital.<\/p>\n<p>La SEOR avait ainsi opt\u00e9 pour un retour au rationnement pour am\u00e9liorer la distribution de l\u2019eau, avec une plage horaire de 18 heures, &#8211; de 5h00 \u00e0 23h00 &#8211; mettant fin au syst\u00e8me des 24 heures qu\u2019elle peinait \u00e0 assurer.<\/p>\n<p>Les pannes r\u00e9p\u00e9titives au niveau de la SDEM d\u2019El Mact\u00e2a, gigantesque installation alimentant toute la partie Est de la wilaya, et qui est \u00ab\u00a0presque\u00a0\u00bb en arr\u00eat depuis le mois de f\u00e9vrier 2019, ainsi que la croissance\u00a0des besoins en eau potable, notamment avec l\u2019approche de la saison estivale, motivent cette d\u00e9cision, explique la charg\u00e9e de communication de la SEOR, Amel Belghor.<\/p>\n<p>La coupure nocturne de l\u2019eau, entre 23h00 et 5h00 du matin, permet le remplissage des r\u00e9servoirs pour garantir un d\u00e9bit ad\u00e9quat le lendemain, a-t-elle encore soulign\u00e9.<\/p>\n<p>Le syst\u00e8me de rationnement devra \u00eatre maintenu tout au long de l\u2019\u00e9t\u00e9, en attendant la r\u00e9alisation du projet de la d\u00e9connexion de la station d\u2019El Mact\u00e2a du r\u00e9seau MAO, a-t-on expliqu\u00e9.<\/p>\n<p><span class=\"c30\"><strong>&#8211; S\u00e9curiser l\u2019AEP \u00e0 long terme &#8211;<\/strong><\/span><\/p>\n<p>Alors que le rationnement a \u00e9t\u00e9 adopt\u00e9 comme une solution provisoire, la SEOR a propos\u00e9 un projet hydraulique en mesure de s\u00e9curiser l\u2019AEP \u00e0 long terme, soit la d\u00e9connexion de la SDEM d\u2019El Mact\u00e2a du couloir MAO (Mostaganem-Arzew-Oran).<\/p>\n<p>La station de dessalement de l\u2019eau de mer d\u2019El Mact\u00e2a, qui assure l\u2019AEP d\u2019Oran \u00e0 hauteur de 80% est greff\u00e9e au r\u00e9seau MAO qui achemine \u00e9galement l\u2019eau des barrages, de Gargar, dans la wilaya de Relizane, notamment.<\/p>\n<p>Le nouveau projet hydraulique consiste \u00e0 cr\u00e9er deux r\u00e9seaux ind\u00e9pendants : le premier sera r\u00e9serv\u00e9 \u00e0 l\u2019eau des barrages achemin\u00e9e par le biais du couloir MAO et le second sera r\u00e9serv\u00e9 \u00e0 l\u2019eau dessal\u00e9e, via la future conduite qui part de Mers El Hadjadj vers Araba, sur 9 kms, a pr\u00e9cis\u00e9 \u00e0 l\u2019APS le Directeur g\u00e9n\u00e9ral de la SEOR, Mohamed Berrahma.<\/p>\n<hr\/>\n<p>Le projet de d\u00e9connexion consiste \u00e0 cr\u00e9er un couloir libre entre la station d\u2019El Mact\u00e2a vers le r\u00e9servoir Araba, qui dessert les wilayas de Mascara et d\u2019Oran. Ainsi, il sera possible d\u2019approvisionner la wilaya<\/p>\n<p>d\u2019Oran par les sources conventionnelles (les barrages) en passant par le couloir MAO, et par l\u2019eau de mer dessal\u00e9e \u00e0 partir de la station El Mact\u00e2a en passant par le r\u00e9servoir Araba, a encore pr\u00e9cis\u00e9 le m\u00eame responsable.<\/p>\n<p>Le co\u00fbt du projet s\u2019\u00e9l\u00e8ve \u00e0 2 milliards DA. La r\u00e9alisation de cette conduite d\u2019un diam\u00e8tre de 1.8 m devra se faire dans un d\u00e9lai de 6 mois. La direction locale des ressources en eau, maitre d\u2019ouvrage du projet, avait lanc\u00e9 l\u2019appel d\u2019offres juste avant la crise sanitaire du Coronavirus, rappelle-t-on.<\/p>\n<p>\u00ab\u00a0Ce projet permettra un apport suppl\u00e9mentaire en eau potable. La wilaya d\u2019Oran souffre d\u2019un d\u00e9ficit, de 50.000 m3\/ jour\u00a0\u00bb, a, par ailleurs, soulign\u00e9 M. Berrahma, ajoutant que la r\u00e9alisation de cette conduite permettra d\u2019optimiser le r\u00e9seau Araba-Oued Tl\u00e9lat, sans passer par Belga\u00efd et de r\u00e9gler de mani\u00e8re d\u00e9finitive les perturbations d\u2019AEP enregistr\u00e9es jusque l\u00e0.<\/p>\n<\/div>\n<p>Auteur:<br \/>\n<a href=\"http:\/\/www.aps.dz\/regions\/106578-oran-opte-pour-le-rationnement-de-l-eau\">Cliquez ici pour lire l&rsquo;article depuis sa source.<\/a><\/p>\n","protected":false},"excerpt":{"rendered":"<p>ORAN- Alors que l\u2019alimentation en eau potable dans la wilaya d\u2019Oran connait plusieurs probl\u00e8mes depuis quelques ann\u00e9es, le retour au rationnement semble s\u2019imposer comme solution, en attendant la\u00a0r\u00e9alisation du projet de la d\u00e9connexion de la station de dessalement d\u2019eau de mer (SDEM) d\u2019El Mact\u00e2a, \u00e0 l\u2019Est de la wilaya, avec le couloir du transfert du [&hellip;]<\/p>\n","protected":false},"author":1790,"featured_media":0,"comment_status":"closed","ping_status":"closed","sticky":false,"template":"","format":"standard","meta":{"fifu_image_url":"","fifu_image_alt":"","footnotes":""},"categories":[53,76],"tags":[],"class_list":["post-89984","post","type-post","status-publish","format-standard","hentry","category-algerie","category-regions"],"_links":{"self":[{"href":"https:\/\/linitiative.ca\/International\/wp-json\/wp\/v2\/posts\/89984","targetHints":{"allow":["GET"]}}],"collection":[{"href":"https:\/\/linitiative.ca\/International\/wp-json\/wp\/v2\/posts"}],"about":[{"href":"https:\/\/linitiative.ca\/International\/wp-json\/wp\/v2\/types\/post"}],"author":[{"embeddable":true,"href":"https:\/\/linitiative.ca\/International\/wp-json\/wp\/v2\/users\/1790"}],"replies":[{"embeddable":true,"href":"https:\/\/linitiative.ca\/International\/wp-json\/wp\/v2\/comments?post=89984"}],"version-history":[{"count":0,"href":"https:\/\/linitiative.ca\/International\/wp-json\/wp\/v2\/posts\/89984\/revisions"}],"wp:attachment":[{"href":"https:\/\/linitiative.ca\/International\/wp-json\/wp\/v2\/media?parent=89984"}],"wp:term":[{"taxonomy":"category","embeddable":true,"href":"https:\/\/linitiative.ca\/International\/wp-json\/wp\/v2\/categories?post=89984"},{"taxonomy":"post_tag","embeddable":true,"href":"https:\/\/linitiative.ca\/International\/wp-json\/wp\/v2\/tags?post=89984"}],"curies":[{"name":"wp","href":"https:\/\/api.w.org\/{rel}","templated":true}]}}