{"id":89986,"date":"2020-06-24T11:21:13","date_gmt":"2020-06-24T15:21:13","guid":{"rendered":"https:\/\/linitiative.ca\/International\/covid-19-djelfa-suivi-partiel-des-mesures-preventives-hausse-des-cas\/"},"modified":"2020-06-24T11:21:13","modified_gmt":"2020-06-24T15:21:13","slug":"covid-19-djelfa-suivi-partiel-des-mesures-preventives-hausse-des-cas","status":"publish","type":"post","link":"https:\/\/linitiative.ca\/International\/covid-19-djelfa-suivi-partiel-des-mesures-preventives-hausse-des-cas\/","title":{"rendered":"Covid-19\/Djelfa : suivi partiel des mesures pr\u00e9ventives, hausse des cas"},"content":{"rendered":"<div readability=\"40\">\n<p><strong>DJELFA- Les mesures pr\u00e9ventives contre la pand\u00e9mie du nouveau coronavirus enregistrent ces derniers temps un suivi \u00ab\u00a0partiel\u00a0\u00bb au niveau de la wilaya de Djelfa, a-t-on constat\u00e9, au moment o\u00f9 les cas suspects, voire m\u00eame d\u2019atteinte par ce virus, sont en hausse, comme affirm\u00e9 par des m\u00e9decins de la r\u00e9gion.<\/strong><\/p>\n<\/div>\n<div readability=\"137.89873560623\">\n<p>En effet, le rel\u00e2chement de la vigilance est visible au niveau des commerces et des march\u00e9s, o\u00f9 de nombreux citoyens ne portent pas de masques de protection obligatoire au niveau des surfaces commerciales, et semblent prendre \u00e0 la l\u00e9g\u00e8re le virus mortel.<\/p>\n<p>Ce fait est corrobor\u00e9 par le DR. Abdelkader Lamlouma, un des praticiens de l\u2019unit\u00e9 du Covid- 19 de h\u00f4pital \u00ab\u00a0Moudjahid Muhad Abdelkader\u00a0\u00bb du chef lieu de wilaya, qui a affirm\u00e9, \u00e0 l\u2019APS, avoir constat\u00e9 \u00ab\u00a0un important rel\u00e2chement de vigilance\u00a0\u00bb de la part des citoyens,\u00a0 comparativement \u00e0 la premi\u00e8re p\u00e9riode de d\u00e9claration de ce virus dans la wilaya \u00ab\u00a0.\u00a0\u00bbLes mesures pr\u00e9ventives ne sont pas prises au s\u00e9rieux par de nombreux citoyens\u00a0\u00bb, a-t-il d\u00e9plor\u00e9.<\/p>\n<blockquote readability=\"12\">\n<p><em><strong>Pour illustrer ses propos, le praticien a fait part d&rsquo;une hausse des cas de suspicion du Covid-19 au niveau de son unit\u00e9, imm\u00e9diatement apr\u00e8s les deux jour de l\u2019Aid El Fitr (24 et 25 mai), \u00ab\u00a0\u00e0 tel point que sous avons \u00e9t\u00e9 contraints d\u2019\u00e9largir la capacit\u00e9 d\u2019accueil de l\u2019unit\u00e9 pour assurer leur prise en charge\u00a0\u00bb, a-t-il dit.<\/strong><\/em><\/p>\n<\/blockquote>\n<p>\u00ab\u00a0Actuellement, l\u2019unit\u00e9 compte plus de 70 cas soumis au protocole th\u00e9rapeutique, dont certains sont en d\u00e9tresse respiratoire\u00a0\u00bb, a fait savoir DR. Lamlouma, regrettant que certains \u00ab\u00a0continuent \u00e0 ne pas prendre au s\u00e9rieux ce virus, jusqu\u2019\u00e0 ce qu\u2019ils tombent eux m\u00eame malades, ou un des leurs\u00a0\u00bb.<\/p>\n<p>Il a estim\u00e9 imp\u00e9ratif une \u00ab\u00a0mobilisation tous azimut pour sensibiliser le citoyen et l\u2019inciter au respect des mesures barri\u00e8res contre ce virus qui a touch\u00e9 de nombreux pays de par le monde, et a impact\u00e9 sur la vie, dans ses diff\u00e9rents aspects\u00a0\u00bb.<\/p>\n<p>Le praticien a encore insist\u00e9 sur la pr\u00e9vention \u00e0 m\u00eame de vaincre la pand\u00e9mie, et recommand\u00e9 de pr\u00e9server sa vie et la vie d\u2019autrui, par le respect des mesures pr\u00e9conis\u00e9es par les autorit\u00e9s publiques et sanitaires.<\/p>\n<p>Dr Lamlouma a salu\u00e9, \u00e0 l\u2019occasion, les \u00ab\u00a0sacrifices consentis par les personnels du corps m\u00e9dical et param\u00e9dical de tout le pays\u00a0\u00bb. A l&rsquo;\u00e9chelle locale, le coronavirus a emport\u00e9 l\u2019infirmier Nail L\u00e2assali, d\u00e9c\u00e9d\u00e9 durant le mois sacr\u00e9 du Ramadhan, \u00e0 l\u2019h\u00f4pital du chef lieu, et Mekaoui Atia, coordinateur des activit\u00e9s du param\u00e9dical \u00e0 l\u2019h\u00f4pital de Hassi Bahbah, mort r\u00e9cemment du Covid-19, a-t-il rappel\u00e9.<\/p>\n<hr\/>\n<h3>Lire aussi:\u00a0<a href=\"http:\/\/www.aps.dz\/sante-science-technologie\/106391-covid-19-tous-les-moyens-preventifs-et-medicaux-disponibles-dans-les-hopitaux\">Covid-19 : tous les moyens pr\u00e9ventifs et m\u00e9dicaux disponibles dans les h\u00f4pitaux<\/a><\/h3>\n<hr\/>\n<p>A noter que les donn\u00e9es fournies quotidiennement par le Comit\u00e9 scientifique de suivi de l&rsquo;\u00e9volution de la pand\u00e9mie du Covid-19 font appara\u00eetre une hausse des cas d\u2019atteintes \u00e0 Djelfa. Cette derni\u00e8re a enregistr\u00e9 215 cas confirm\u00e9s depuis le d\u00e9but de la pand\u00e9mie, selon les derniers chiffres officiels communiqu\u00e9s hier, mardi.<\/p>\n<p>En d\u00e9pit des restrictions de l&rsquo;information exerc\u00e9es par la direction de la sant\u00e9 de la wilaya, dont le directeur a \u00e9t\u00e9 contact\u00e9 en vain par l\u2019APS, il n\u2019en demeure pas moins que des sources m\u00e9dicales au niveau des unit\u00e9s de prise en charge de cette pand\u00e9mie, \u00e0 travers les h\u00f4pitaux de Messa\u00e0d, Djelfa, Ain Ouessara et Hassi Bahbah, ont exprim\u00e9 \u00e0 l\u2019APS leur \u00ab\u00a0pr\u00e9occupation\u00a0\u00bb \u00e0 l\u2019\u00e9gard \u00ab\u00a0des nombreux cas suspects de Covid-19 accueillis quotidiennement \u00e0 leur niveau\u00a0\u00bb.<\/p>\n<p>Face \u00e0 cette situation, des actions de sensibilisation contre cette pand\u00e9mie ont \u00e9t\u00e9 intensifi\u00e9es par les services conjoints de la police et de la protection civile, au niveau des diff\u00e9rentes communes de la wilaya, pour inciter les citoyens au respect des mesures barri\u00e8res, dont le port de la bavette et la distanciation sociale, au niveau des surfaces commerciales et espaces \u00e0 grande affluence, notamment.<\/p>\n<blockquote readability=\"11\">\n<p><strong><em>\u00ab\u00a0Nous avons mobilis\u00e9 toutes nos unit\u00e9s sur le terrain, \u00e0 cet effet\u00a0\u00bb, aindiqu\u00e9 a l\u2019APS, le charg\u00e9 de la communication aupr\u00e8s de la direction de la protection civile, le lieutenant Abderrahmane Khadher.<\/em><\/strong><\/p>\n<\/blockquote>\n<p>Les services de la s\u00fbret\u00e9 de wilaya ont, pour leur part, effectu\u00e9 195 sorties de pr\u00e9vention sur le terrain, dont 35 interventions relatives \u00e0 la sp\u00e9culation sur les produits alimentaires, et les produits pharmaceutiques et parapharmaceutiques, selon le charg\u00e9 de l\u2019information aupr\u00e8s de ce corps, le commissaire de police Sa\u00e0d Fites.<\/p>\n<p>Il a fait part de la r\u00e9alisation au titre de ces sorties, d\u2019un contr\u00f4le d\u2019identit\u00e9 pour 6.356 individus, et de l\u2019engagement de proc\u00e9dures judiciaires \u00e0 l\u2019encontre de 2.699 parmi eux, outre 266 v\u00e9hicules et 163 motos mis \u00e0 la fourri\u00e8re.(APS)<\/p>\n<\/div>\n<p>Auteur:<br \/>\n<a href=\"http:\/\/www.aps.dz\/regions\/106587-covid-19-djelfa-suivi-partiel-des-mesures-preventives-hausse-des-cas\">Cliquez ici pour lire l&rsquo;article depuis sa source.<\/a><\/p>\n","protected":false},"excerpt":{"rendered":"<p>DJELFA- Les mesures pr\u00e9ventives contre la pand\u00e9mie du nouveau coronavirus enregistrent ces derniers temps un suivi \u00ab\u00a0partiel\u00a0\u00bb au niveau de la wilaya de Djelfa, a-t-on constat\u00e9, au moment o\u00f9 les cas suspects, voire m\u00eame d\u2019atteinte par ce virus, sont en hausse, comme affirm\u00e9 par des m\u00e9decins de la r\u00e9gion. En effet, le rel\u00e2chement de la [&hellip;]<\/p>\n","protected":false},"author":1790,"featured_media":0,"comment_status":"closed","ping_status":"closed","sticky":false,"template":"","format":"standard","meta":{"fifu_image_url":"","fifu_image_alt":"","footnotes":""},"categories":[53,76],"tags":[],"class_list":["post-89986","post","type-post","status-publish","format-standard","hentry","category-algerie","category-regions"],"_links":{"self":[{"href":"https:\/\/linitiative.ca\/International\/wp-json\/wp\/v2\/posts\/89986","targetHints":{"allow":["GET"]}}],"collection":[{"href":"https:\/\/linitiative.ca\/International\/wp-json\/wp\/v2\/posts"}],"about":[{"href":"https:\/\/linitiative.ca\/International\/wp-json\/wp\/v2\/types\/post"}],"author":[{"embeddable":true,"href":"https:\/\/linitiative.ca\/International\/wp-json\/wp\/v2\/users\/1790"}],"replies":[{"embeddable":true,"href":"https:\/\/linitiative.ca\/International\/wp-json\/wp\/v2\/comments?post=89986"}],"version-history":[{"count":0,"href":"https:\/\/linitiative.ca\/International\/wp-json\/wp\/v2\/posts\/89986\/revisions"}],"wp:attachment":[{"href":"https:\/\/linitiative.ca\/International\/wp-json\/wp\/v2\/media?parent=89986"}],"wp:term":[{"taxonomy":"category","embeddable":true,"href":"https:\/\/linitiative.ca\/International\/wp-json\/wp\/v2\/categories?post=89986"},{"taxonomy":"post_tag","embeddable":true,"href":"https:\/\/linitiative.ca\/International\/wp-json\/wp\/v2\/tags?post=89986"}],"curies":[{"name":"wp","href":"https:\/\/api.w.org\/{rel}","templated":true}]}}