{"id":89988,"date":"2020-06-23T15:21:39","date_gmt":"2020-06-23T19:21:39","guid":{"rendered":"https:\/\/linitiative.ca\/International\/172-nouveaux-cas-confirmes-au-maroc-41-guerisons-en-24h\/"},"modified":"2020-06-23T15:21:39","modified_gmt":"2020-06-23T19:21:39","slug":"172-nouveaux-cas-confirmes-au-maroc-41-guerisons-en-24h","status":"publish","type":"post","link":"https:\/\/linitiative.ca\/International\/172-nouveaux-cas-confirmes-au-maroc-41-guerisons-en-24h\/","title":{"rendered":"172 nouveaux cas confirm\u00e9s au Maroc, 41 gu\u00e9risons en 24h"},"content":{"rendered":"<p class=\"c4\">Cent-soixante-douze (172) nouveaux cas d\u2019infection au coronavirus (Covid-19) et 41 gu\u00e9risons ont \u00e9t\u00e9 enregistr\u00e9s au Maroc au cours des derni\u00e8res 24H, a annonc\u00e9 mardi le minist\u00e8re de la Sant\u00e9.<\/p>\n<p class=\"c4\">Ce nouveau bilan porte \u00e0 10.344 le nombre de contaminations dans le Royaume depuis le premier cas signal\u00e9 le 2 mars dernier et \u00e0 8.407 le nombre des personnes totalement r\u00e9tablies, soit un taux de gu\u00e9rison de 81,3%, a pr\u00e9cis\u00e9 Hind Ezzine, cheffe du service des maladies \u00e9pid\u00e9miques \u00e0 la Direction de l\u2019\u00e9pid\u00e9miologie relevant du minist\u00e8re de la Sant\u00e9, dans une d\u00e9claration retransmise par la MAP sur sa cha\u00eene de t\u00e9l\u00e9vision M24 et sur RIM RADIO.<\/p>\n<p class=\"c4\">Le nombre des d\u00e9c\u00e8s est rest\u00e9 stable \u00e0 214, a-t-elle ajout\u00e9, faisant savoir que le taux de l\u00e9talit\u00e9 a atteint 2,1%.<\/p>\n<p class=\"c5\">S\u2019agissant des cas actifs, la responsable a relev\u00e9 que 1.723 patients sont actuellement sous traitement ou font l\u2019objet de suivi m\u00e9dical, faisant savoir que le nombre des cas exclus apr\u00e8s des r\u00e9sultats n\u00e9gatifs d\u2019analyses effectu\u00e9es au laboratoire se chiffre \u00e0 564.832.<\/p>\n<p class=\"c5\">Les nouvelles contaminations se concentrent dans les r\u00e9gions de Marrakech-Safi (36 cas, dont 26 \u00e0 Marrakech et 10 \u00e0 Safi), Casablanca-Settat avec 33 cas, dont 14 \u00e0 Casablanca, 10 \u00e0 El Jadida, 05 \u00e0 Mohammedia et 04 \u00e0 Sidi Bennour, F\u00e8s-Mekn\u00e8s (23 cas \u00e0 F\u00e8s), Rabat-Sal\u00e9-K\u00e9nitra (22 cas \u00e0 K\u00e9nitra), Tanger-T\u00e9touan-Al Hoceima (21 cas, dont 10 \u00e0 Larache, 07 \u00e0 Ouezzane, 03 \u00e0 Tanger et un seul cas \u00e0 T\u00e9touan).<\/p>\n<p class=\"c5\">La r\u00e9gion de La\u00e2youne-Sakia El Hamra a recens\u00e9 18 nouveaux cas, celle de Guelmim-Oued Noun (14 cas \u00e0 Tan-Tan), de Dakhla-Oued Eddahab (04 cas \u00e0 Dakhla) et un seul cas enregistr\u00e9 dans la r\u00e9gion de l\u2019Oriental (province de Jerada).<\/p>\n<p class=\"c5\">Les r\u00e9gions de Souss-Massa, de Dr\u00e2a-Tafilalet et de Beni Mellal-Khenifra n\u2019ont enregistr\u00e9 aucun nouveau cas de coronavirus ces derni\u00e8res 24H, a-t-elle pr\u00e9cis\u00e9.<\/p>\n<p class=\"c5\">Et d\u2019ajouter que le nombre de cas critiques a atteint 15 cas, r\u00e9partis entre la ville de Casablanca (03 cas), et les r\u00e9gions de Marrakech-Safi (06 cas) et Tanger-T\u00e9touan-Al Hoceima (06 cas).<\/p>\n<p class=\"c5\">\u00c9voquant le syst\u00e8me de suivi des personnes contacts, la responsable a signal\u00e9 que leur nombre a actuellement atteint 56.096 et que 6.530 font toujours l\u2019objet de suivi m\u00e9dical.<\/p>\n<p class=\"c5\">Le minist\u00e8re r\u00e9affirme la n\u00e9cessit\u00e9 de respecter toutes les mesures de pr\u00e9caution comme la distanciation sociale, le port du masque de protection, le lavage constant des mains et appelle au respect des mesures sanitaires dans les lieux de travail, notamment l\u2019hygi\u00e8ne des lieux de travail, le respect des mesures de d\u00e9sinfection et de la distanciation sociale et l\u2019a\u00e9ration naturelle des locaux du travail.<\/p>\n<p class=\"c5\">Mme Ezzine a aussi appel\u00e9 les employeurs \u00e0 sensibiliser les salari\u00e9s aux risques li\u00e9s au Covid-19, ainsi qu\u2019aux moyens de protection adopt\u00e9s tout en recourant aux \u00e9l\u00e9ments de communication disponibles sur le site internet du minist\u00e8re, ainsi qu\u2019\u00e0 la r\u00e9habilitation des service sanitaires sur les lieux de travail conform\u00e9ment aux exigences de salubrit\u00e9 publique pr\u00e9vues dans la l\u00e9gislation nationale.<\/p>\n<p>Auteur: Soufiane ELAHMAR<br \/>\n<a href=\"http:\/\/www.mapoujda.ma\/fr\/172-nouveaux-cas-confirmes-au-maroc-41-guerisons-en-24h\/\">Cliquez ici pour lire l&rsquo;article depuis sa source.<\/a><\/p>\n","protected":false},"excerpt":{"rendered":"<p>Cent-soixante-douze (172) nouveaux cas d\u2019infection au coronavirus (Covid-19) et 41 gu\u00e9risons ont \u00e9t\u00e9 enregistr\u00e9s au Maroc au cours des derni\u00e8res 24H, a annonc\u00e9 mardi le minist\u00e8re de la Sant\u00e9. Ce nouveau bilan porte \u00e0 10.344 le nombre de contaminations dans le Royaume depuis le premier cas signal\u00e9 le 2 mars dernier et \u00e0 8.407 le [&hellip;]<\/p>\n","protected":false},"author":1788,"featured_media":0,"comment_status":"closed","ping_status":"closed","sticky":false,"template":"","format":"standard","meta":{"fifu_image_url":"","fifu_image_alt":"","footnotes":""},"categories":[54,76],"tags":[],"class_list":["post-89988","post","type-post","status-publish","format-standard","hentry","category-maroc","category-regions"],"_links":{"self":[{"href":"https:\/\/linitiative.ca\/International\/wp-json\/wp\/v2\/posts\/89988","targetHints":{"allow":["GET"]}}],"collection":[{"href":"https:\/\/linitiative.ca\/International\/wp-json\/wp\/v2\/posts"}],"about":[{"href":"https:\/\/linitiative.ca\/International\/wp-json\/wp\/v2\/types\/post"}],"author":[{"embeddable":true,"href":"https:\/\/linitiative.ca\/International\/wp-json\/wp\/v2\/users\/1788"}],"replies":[{"embeddable":true,"href":"https:\/\/linitiative.ca\/International\/wp-json\/wp\/v2\/comments?post=89988"}],"version-history":[{"count":0,"href":"https:\/\/linitiative.ca\/International\/wp-json\/wp\/v2\/posts\/89988\/revisions"}],"wp:attachment":[{"href":"https:\/\/linitiative.ca\/International\/wp-json\/wp\/v2\/media?parent=89988"}],"wp:term":[{"taxonomy":"category","embeddable":true,"href":"https:\/\/linitiative.ca\/International\/wp-json\/wp\/v2\/categories?post=89988"},{"taxonomy":"post_tag","embeddable":true,"href":"https:\/\/linitiative.ca\/International\/wp-json\/wp\/v2\/tags?post=89988"}],"curies":[{"name":"wp","href":"https:\/\/api.w.org\/{rel}","templated":true}]}}