{"id":89990,"date":"2020-06-24T13:53:08","date_gmt":"2020-06-24T17:53:08","guid":{"rendered":"https:\/\/linitiative.ca\/International\/563-nouveaux-cas-confirmes-au-maroc-61-guerisons-en-24h\/"},"modified":"2020-06-24T13:53:08","modified_gmt":"2020-06-24T17:53:08","slug":"563-nouveaux-cas-confirmes-au-maroc-61-guerisons-en-24h","status":"publish","type":"post","link":"https:\/\/linitiative.ca\/International\/563-nouveaux-cas-confirmes-au-maroc-61-guerisons-en-24h\/","title":{"rendered":"563 nouveaux cas confirm\u00e9s au Maroc, 61 gu\u00e9risons en 24h"},"content":{"rendered":"<div class=\"single-featured\"><img alt=\"\" data-src=\"http:\/\/www.mapoujda.ma\/map\/uploads\/2020\/06\/10907-Bilan-FR-site-R&#xE9;gionaux-M750&#xD7;430-MAP.jpg\"\/><\/div>\n<div class=\"entry-content clearfix single-post-content\" readability=\"50\">\n<p class=\"c4\">Cinq cent soixante-trois (563) nouveaux cas d\u2019infection au coronavirus (Covid-19) et 61 gu\u00e9risons ont \u00e9t\u00e9 enregistr\u00e9s au Maroc au cours des derni\u00e8res 24H, a annonc\u00e9 mercredi le minist\u00e8re de la Sant\u00e9.<\/p>\n<p class=\"c4\">Ce nouveau bilan porte \u00e0 10.907 le nombre de contaminations dans le Royaume depuis le premier cas signal\u00e9 le 2 mars dernier et \u00e0 8.468 le nombre des personnes totalement r\u00e9tablies, soit un taux de gu\u00e9rison de 77,6%, a pr\u00e9cis\u00e9 Hind Ezzine, cheffe du service des maladies \u00e9pid\u00e9miques \u00e0 la Direction de l\u2019\u00e9pid\u00e9miologie relevant du minist\u00e8re de la Sant\u00e9, dans une d\u00e9claration retransmise par la MAP sur sa cha\u00eene de t\u00e9l\u00e9vision M24 et sur RIM RADIO.<\/p>\n<p class=\"c4\">Le nombre des d\u00e9c\u00e8s a atteint 216 avec deux nouveaux d\u00e9c\u00e8s enregistr\u00e9s au cours des derni\u00e8res 24 heures, a-t-elle ajout\u00e9, faisant savoir que le taux de l\u00e9talit\u00e9 a atteint 2%.<\/p>\n<\/div>\n<p>Auteur: Soufiane ELAHMAR<br \/>\n<a href=\"http:\/\/www.mapoujda.ma\/fr\/563-nouveaux-cas-confirmes-au-maroc-61-guerisons-en-24h\/\">Cliquez ici pour lire l&rsquo;article depuis sa source.<\/a><\/p>\n","protected":false},"excerpt":{"rendered":"<p>Cinq cent soixante-trois (563) nouveaux cas d\u2019infection au coronavirus (Covid-19) et 61 gu\u00e9risons ont \u00e9t\u00e9 enregistr\u00e9s au Maroc au cours des derni\u00e8res 24H, a annonc\u00e9 mercredi le minist\u00e8re de la Sant\u00e9. Ce nouveau bilan porte \u00e0 10.907 le nombre de contaminations dans le Royaume depuis le premier cas signal\u00e9 le 2 mars dernier et \u00e0 [&hellip;]<\/p>\n","protected":false},"author":1788,"featured_media":89991,"comment_status":"closed","ping_status":"closed","sticky":false,"template":"","format":"standard","meta":{"fifu_image_url":"","fifu_image_alt":"","footnotes":""},"categories":[54,76],"tags":[],"class_list":["post-89990","post","type-post","status-publish","format-standard","has-post-thumbnail","hentry","category-maroc","category-regions"],"_links":{"self":[{"href":"https:\/\/linitiative.ca\/International\/wp-json\/wp\/v2\/posts\/89990","targetHints":{"allow":["GET"]}}],"collection":[{"href":"https:\/\/linitiative.ca\/International\/wp-json\/wp\/v2\/posts"}],"about":[{"href":"https:\/\/linitiative.ca\/International\/wp-json\/wp\/v2\/types\/post"}],"author":[{"embeddable":true,"href":"https:\/\/linitiative.ca\/International\/wp-json\/wp\/v2\/users\/1788"}],"replies":[{"embeddable":true,"href":"https:\/\/linitiative.ca\/International\/wp-json\/wp\/v2\/comments?post=89990"}],"version-history":[{"count":0,"href":"https:\/\/linitiative.ca\/International\/wp-json\/wp\/v2\/posts\/89990\/revisions"}],"wp:featuredmedia":[{"embeddable":true,"href":"https:\/\/linitiative.ca\/International\/wp-json\/"}],"wp:attachment":[{"href":"https:\/\/linitiative.ca\/International\/wp-json\/wp\/v2\/media?parent=89990"}],"wp:term":[{"taxonomy":"category","embeddable":true,"href":"https:\/\/linitiative.ca\/International\/wp-json\/wp\/v2\/categories?post=89990"},{"taxonomy":"post_tag","embeddable":true,"href":"https:\/\/linitiative.ca\/International\/wp-json\/wp\/v2\/tags?post=89990"}],"curies":[{"name":"wp","href":"https:\/\/api.w.org\/{rel}","templated":true}]}}