{"id":89992,"date":"2020-06-24T12:05:00","date_gmt":"2020-06-24T16:05:00","guid":{"rendered":"https:\/\/linitiative.ca\/International\/les-directives-de-la-caf-seront-elles-scrupuleusement-respectees\/"},"modified":"2020-06-24T12:05:00","modified_gmt":"2020-06-24T16:05:00","slug":"les-directives-de-la-caf-seront-elles-scrupuleusement-respectees","status":"publish","type":"post","link":"https:\/\/linitiative.ca\/International\/les-directives-de-la-caf-seront-elles-scrupuleusement-respectees\/","title":{"rendered":"Les directives de la CAF seront-elles, scrupuleusement respect\u00e9es\u00a0?"},"content":{"rendered":"<p class=\"p1 c3\"><span class=\"c2\">La Conf\u00e9d\u00e9ration africaine de Football (CAF) veut assister ses associations membres pour la reprise<span class=\"Apple-converted-space\">\u00a0<\/span> des activit\u00e9s footballistiques. Elle a mis en place un plan sp\u00e9cial.<\/span><\/p>\n<p class=\"p1 c3\"><span class=\"c2\">Impliqu\u00e9e dans la lutte contre la pand\u00e9mie du Coronavirus, la Conf\u00e9d\u00e9ration africaine de football (CAF) tient \u00e0 diriger ses associations membres (AM).<\/span><\/p>\n<p class=\"p1 c3\"><span class=\"c2\">La Commission M\u00e9dicale de la CAF, en collaboration avec le D\u00e9partement Technique et de D\u00e9veloppement et un groupe d\u2019experts, a \u00e9labor\u00e9 un\u00a0plan complet\u00a0pour guider les Associations Membres (AM) pour la reprise des activit\u00e9s footballistiques.<\/span><\/p>\n<p class=\"p1 c3\"><span class=\"c2\">C\u2019est un document de 29 pages appel\u00e9 \u00abLes directives de la CAF pour la reprise du football en Afrique\u00bb et qui se concentre grandement sur la sant\u00e9 des parties prenantes du jeu (joueurs, officiels, supporters, partenaires).<\/span><\/p>\n<p class=\"p1 c3\"><span class=\"c2\">Le plan appuie \u00e9galement sur l\u2019importance d\u2019une \u00e9valuation m\u00e9dicale efficace et continue (\u00e0 travers le test syst\u00e9matique) des joueurs et des officiels. Il donne aussi des directives pour les s\u00e9ances d\u2019entra\u00eenement, la d\u00e9sinfection des installations sportives et le strict respect des mesures pr\u00e9ventives mondiales.<\/span><\/p>\n<p class=\"p1 c3\"><span class=\"c2\">\u00abDe nombreuses consid\u00e9rations ont \u00e9t\u00e9 prises en compte dans l\u2019\u00e9laboration du document par notre \u00e9quipe d\u2019experts, notamment celles li\u00e9es aux sp\u00e9cificit\u00e9s du continent. Associ\u00e9 aux strat\u00e9gies \u00e9tablies par les autorit\u00e9s locales, le document fournit aux AMs les informations ad\u00e9quates pour reprendre les op\u00e9rations d\u00e8s l\u2019obtention du feu vert\u00bb, a affirm\u00e9 \u00e0 ce sujet le Secr\u00e9taire g\u00e9n\u00e9ral par int\u00e9rim de la CAF, le Marocain Abdelmounaim Bah.<\/span><\/p>\n<p class=\"p1 c3\"><span class=\"c2\">Le Comit\u00e9 Ex\u00e9cutif de l\u2019instance dirigeante du football continental se r\u00e9unira le mardi 30 juin 2020 en visio- conf\u00e9rence et fera des d\u00e9clarations sur les recommandations des commissions permanentes respectives.<\/span><\/p>\n<p class=\"p1 c3\"><span class=\"c2\">Reste \u00e0 savoir si ces directives seront scrupuleusement<span class=\"Apple-converted-space\">\u00a0<\/span> respect\u00e9es\u00a0?!<\/span><\/p>\n<p class=\"p2 c4\"><span class=\"c2\"><strong>Ameur KERKENNI<\/strong><\/span><\/p>\n<p>Auteur: letemps1<br \/>\n<a href=\"http:\/\/www.letemps.com.tn\/article\/115104\/les-directives-de-la-caf-seront-elles-scrupuleusement-respect%C3%A9es%C2%A0\">Cliquez ici pour lire l&rsquo;article depuis sa source.<\/a><\/p>\n","protected":false},"excerpt":{"rendered":"<p>La Conf\u00e9d\u00e9ration africaine de Football (CAF) veut assister ses associations membres pour la reprise\u00a0 des activit\u00e9s footballistiques. Elle a mis en place un plan sp\u00e9cial. Impliqu\u00e9e dans la lutte contre la pand\u00e9mie du Coronavirus, la Conf\u00e9d\u00e9ration africaine de football (CAF) tient \u00e0 diriger ses associations membres (AM). La Commission M\u00e9dicale de la CAF, en collaboration [&hellip;]<\/p>\n","protected":false},"author":1773,"featured_media":0,"comment_status":"closed","ping_status":"closed","sticky":false,"template":"","format":"standard","meta":{"fifu_image_url":"","fifu_image_alt":"","footnotes":""},"categories":[73,55],"tags":[],"class_list":["post-89992","post","type-post","status-publish","format-standard","hentry","category-actualite","category-tunisie"],"_links":{"self":[{"href":"https:\/\/linitiative.ca\/International\/wp-json\/wp\/v2\/posts\/89992","targetHints":{"allow":["GET"]}}],"collection":[{"href":"https:\/\/linitiative.ca\/International\/wp-json\/wp\/v2\/posts"}],"about":[{"href":"https:\/\/linitiative.ca\/International\/wp-json\/wp\/v2\/types\/post"}],"author":[{"embeddable":true,"href":"https:\/\/linitiative.ca\/International\/wp-json\/wp\/v2\/users\/1773"}],"replies":[{"embeddable":true,"href":"https:\/\/linitiative.ca\/International\/wp-json\/wp\/v2\/comments?post=89992"}],"version-history":[{"count":0,"href":"https:\/\/linitiative.ca\/International\/wp-json\/wp\/v2\/posts\/89992\/revisions"}],"wp:attachment":[{"href":"https:\/\/linitiative.ca\/International\/wp-json\/wp\/v2\/media?parent=89992"}],"wp:term":[{"taxonomy":"category","embeddable":true,"href":"https:\/\/linitiative.ca\/International\/wp-json\/wp\/v2\/categories?post=89992"},{"taxonomy":"post_tag","embeddable":true,"href":"https:\/\/linitiative.ca\/International\/wp-json\/wp\/v2\/tags?post=89992"}],"curies":[{"name":"wp","href":"https:\/\/api.w.org\/{rel}","templated":true}]}}