{"id":89993,"date":"2020-06-24T12:06:10","date_gmt":"2020-06-24T16:06:10","guid":{"rendered":"https:\/\/linitiative.ca\/International\/jalel-kadri-rempile\/"},"modified":"2020-06-24T12:06:10","modified_gmt":"2020-06-24T16:06:10","slug":"jalel-kadri-rempile","status":"publish","type":"post","link":"https:\/\/linitiative.ca\/International\/jalel-kadri-rempile\/","title":{"rendered":"Jalel Kadri rempile"},"content":{"rendered":"<p class=\"p1 c3\"><span class=\"c2\">Comme attendu, Jalel<span class=\"Apple-converted-space\">\u00a0<\/span> Kadri poursuivra son aventure au Bardo pour une saison de plus. Apr\u00e8s un accord verbal entre les deux parties, Jalel Ben A\u00efssa, pr\u00e9sident du ST vient de reconduire tout le staff technique de l\u2019\u00e9quipe premi\u00e8re de football jusqu\u2019au mois de juin 2021. Cet accord fait suite \u00e0 la satisfaction des responsables stadistes du travail accompli par JalelKadri et son \u00e9quipe depuis son arriv\u00e9e au Bardo pour relever Mantacer Louhichi, et de la satisfaction du cadre technique des conditions dans lesquelles il travaille.<span class=\"Apple-converted-space\">\u00a0<\/span><\/span><\/p>\n<p class=\"p1 c3\"><span class=\"c2\">Apr\u00e8s le renouvellement de son contrat, JalelKadri devait d\u00e9clarer qu\u2019il \u00e9tait heureux de rempiler au ST, l\u00e0 o\u00f9 il a trouv\u00e9 toutes les bonnes conditions de travail et une ambiance encourageante. Il a promis de faire de son mieux pour parvenir \u00e0 un classement parmi les 4 premiers et \u00e0 la qualification \u00e0 une comp\u00e9tition continentale qui reste un objectif majeur.<\/span><\/p>\n<p class=\"p2 c4\"><span class=\"c2\"><strong>Stage<span class=\"Apple-converted-space\">\u00a0<\/span><\/strong><\/span><\/p>\n<p class=\"p1 c3\"><span class=\"c2\">Les joueurs stadistes ont disput\u00e9 hier sur leur terrain leur premi\u00e8re rencontre amicale depuis leur reprise des entra\u00eenements. Ils ont rencontr\u00e9 l\u2019AS Soliman avant de partir samedi en stage \u00e0 Hammam Bourguiba. Ce stage se poursuivra jusqu\u2019au 6 juillet prochain et disputeront deux rencontres amicales dont celle contre le CA, alors que le second adversaire sera d\u00e9sign\u00e9 sur place.<span class=\"Apple-converted-space\">\u00a0<\/span><\/span><\/p>\n<p class=\"p3 c5\">\u00a0<\/p>\n<p class=\"p2 c4\"><span class=\"c2\"><strong>A.G. \u00e9valuative<\/strong><\/span><\/p>\n<p class=\"p1 c3\"><span class=\"c2\">Le ST tiendra son assembl\u00e9e g\u00e9n\u00e9rale \u00e9valuative pour la saison 2018\/2019 le 24 juillet prochain \u00e0 la salle des r\u00e9unions de la maison des jeunes de Khaznadar. Cette assembl\u00e9e sera exclusivement r\u00e9serv\u00e9e \u00e0 la lecture du rapport moral et celui financier.<span class=\"Apple-converted-space\">\u00a0<\/span><\/span><\/p>\n<p class=\"p1 c3\"><span class=\"c2\">Les cartes d\u2019adh\u00e9rents permettant \u00e0 leurs acqu\u00e9reurs d\u2019assister et de participer aux travaux de cette assembl\u00e9e seront mis en vente au prix de 25 dinars \u00e0 partir du 6 juillet et jusqu\u2019au 21 au si\u00e8ge du club.<span class=\"Apple-converted-space\">\u00a0<\/span><\/span><\/p>\n<p class=\"p2 c4\"><span class=\"c2\"><strong>Comit\u00e9 des supporters<\/strong><\/span><\/p>\n<p class=\"p1 c3\"><span class=\"c2\">Les responsables stadistes viennent de d\u00e9signer MoezBejaoui \u00e0 la t\u00eate du comit\u00e9 des supporters \u00e0 la place de HachemAyari charg\u00e9 des infrastructures et des relations avec la Municipalit\u00e9 du Bardo.<\/span><\/p>\n<p class=\"p4 c6\"><span class=\"c2\"><strong>M.R<\/strong><\/span><\/p>\n<p>Auteur: letemps1<br \/>\n<a href=\"http:\/\/www.letemps.com.tn\/article\/115105\/jalel-kadri-rempile\">Cliquez ici pour lire l&rsquo;article depuis sa source.<\/a><\/p>\n","protected":false},"excerpt":{"rendered":"<p>Comme attendu, Jalel\u00a0 Kadri poursuivra son aventure au Bardo pour une saison de plus. Apr\u00e8s un accord verbal entre les deux parties, Jalel Ben A\u00efssa, pr\u00e9sident du ST vient de reconduire tout le staff technique de l\u2019\u00e9quipe premi\u00e8re de football jusqu\u2019au mois de juin 2021. Cet accord fait suite \u00e0 la satisfaction des responsables stadistes [&hellip;]<\/p>\n","protected":false},"author":1773,"featured_media":0,"comment_status":"closed","ping_status":"closed","sticky":false,"template":"","format":"standard","meta":{"fifu_image_url":"","fifu_image_alt":"","footnotes":""},"categories":[73,55],"tags":[],"class_list":["post-89993","post","type-post","status-publish","format-standard","hentry","category-actualite","category-tunisie"],"_links":{"self":[{"href":"https:\/\/linitiative.ca\/International\/wp-json\/wp\/v2\/posts\/89993","targetHints":{"allow":["GET"]}}],"collection":[{"href":"https:\/\/linitiative.ca\/International\/wp-json\/wp\/v2\/posts"}],"about":[{"href":"https:\/\/linitiative.ca\/International\/wp-json\/wp\/v2\/types\/post"}],"author":[{"embeddable":true,"href":"https:\/\/linitiative.ca\/International\/wp-json\/wp\/v2\/users\/1773"}],"replies":[{"embeddable":true,"href":"https:\/\/linitiative.ca\/International\/wp-json\/wp\/v2\/comments?post=89993"}],"version-history":[{"count":0,"href":"https:\/\/linitiative.ca\/International\/wp-json\/wp\/v2\/posts\/89993\/revisions"}],"wp:attachment":[{"href":"https:\/\/linitiative.ca\/International\/wp-json\/wp\/v2\/media?parent=89993"}],"wp:term":[{"taxonomy":"category","embeddable":true,"href":"https:\/\/linitiative.ca\/International\/wp-json\/wp\/v2\/categories?post=89993"},{"taxonomy":"post_tag","embeddable":true,"href":"https:\/\/linitiative.ca\/International\/wp-json\/wp\/v2\/tags?post=89993"}],"curies":[{"name":"wp","href":"https:\/\/api.w.org\/{rel}","templated":true}]}}