{"id":89999,"date":"2020-06-24T15:13:19","date_gmt":"2020-06-24T19:13:19","guid":{"rendered":"https:\/\/linitiative.ca\/International\/international-arsenal-les-gunners-annoncent-quatre-prolongations-de-contrat\/"},"modified":"2020-06-24T15:13:19","modified_gmt":"2020-06-24T19:13:19","slug":"international-arsenal-les-gunners-annoncent-quatre-prolongations-de-contrat","status":"publish","type":"post","link":"https:\/\/linitiative.ca\/International\/international-arsenal-les-gunners-annoncent-quatre-prolongations-de-contrat\/","title":{"rendered":"International : Arsenal : Les Gunners annoncent quatre prolongations de contrat !"},"content":{"rendered":"<div readability=\"32\">\n<p>Auteur : <span class=\"time\">mercredi 24 juin 2020 14:30<\/span><\/p>\n<\/div>\n<div id=\"post_core\" readability=\"44\">\n<p>Dans cette d\u00e9faite, David Luiz a \u00e9t\u00e9 coupable d\u2019une faute qui a co\u00fbt\u00e9 un but, puis a provoqu\u00e9 un p\u00e9nalty et son expulsion. Ajoutez \u00e0 cela les blessures de Granit Xhaka et Pablo Mari, puis une nouvelle d\u00e9faite pour les Gunners contre Brighton, et vous obtenez un sacr\u00e9 casse-t\u00eate pour Mikel Arteta. Malgr\u00e9 tout, Arsenal mise sur la stabilit\u00e9 puisque le club a officialis\u00e9 quatre prolongations de son contrat dans son effectif. David Luiz, Pablo Mari, Cedric Soares et Dani Ceballos sont impliqu\u00e9s.\u00a0<\/p>\n<p><strong>Publi\u00e9 dans :<\/strong> <span>david luiz<\/span> <span>Arsenal<\/span> <span>Ceballos<\/span> <span>Soares<\/span> <span>Mari<\/span><\/p>\n<\/div>\n<p>Auteur:<br \/>\n<a href=\"http:\/\/www.lebuteur.com\/article\/detail?titre=arsenal-les-gunners-annoncent-quatre-prolongations-de-contrat&#038;id=96377&#038;utm_source=feedburner&#038;utm_medium=feed&#038;utm_campaign=Feed%3A+GalerieFArtciles+%28Les+derniers+articles++-+lebuteur.com%29\">Cliquez ici pour lire l&rsquo;article depuis sa source.<\/a><\/p>\n","protected":false},"excerpt":{"rendered":"<p>Auteur : mercredi 24 juin 2020 14:30 Dans cette d\u00e9faite, David Luiz a \u00e9t\u00e9 coupable d\u2019une faute qui a co\u00fbt\u00e9 un but, puis a provoqu\u00e9 un p\u00e9nalty et son expulsion. Ajoutez \u00e0 cela les blessures de Granit Xhaka et Pablo Mari, puis une nouvelle d\u00e9faite pour les Gunners contre Brighton, et vous obtenez un sacr\u00e9 [&hellip;]<\/p>\n","protected":false},"author":1738,"featured_media":90000,"comment_status":"closed","ping_status":"closed","sticky":false,"template":"","format":"standard","meta":{"fifu_image_url":"","fifu_image_alt":"","footnotes":""},"categories":[53,75],"tags":[],"class_list":["post-89999","post","type-post","status-publish","format-standard","has-post-thumbnail","hentry","category-algerie","category-sport"],"_links":{"self":[{"href":"https:\/\/linitiative.ca\/International\/wp-json\/wp\/v2\/posts\/89999","targetHints":{"allow":["GET"]}}],"collection":[{"href":"https:\/\/linitiative.ca\/International\/wp-json\/wp\/v2\/posts"}],"about":[{"href":"https:\/\/linitiative.ca\/International\/wp-json\/wp\/v2\/types\/post"}],"author":[{"embeddable":true,"href":"https:\/\/linitiative.ca\/International\/wp-json\/wp\/v2\/users\/1738"}],"replies":[{"embeddable":true,"href":"https:\/\/linitiative.ca\/International\/wp-json\/wp\/v2\/comments?post=89999"}],"version-history":[{"count":0,"href":"https:\/\/linitiative.ca\/International\/wp-json\/wp\/v2\/posts\/89999\/revisions"}],"wp:featuredmedia":[{"embeddable":true,"href":"https:\/\/linitiative.ca\/International\/wp-json\/"}],"wp:attachment":[{"href":"https:\/\/linitiative.ca\/International\/wp-json\/wp\/v2\/media?parent=89999"}],"wp:term":[{"taxonomy":"category","embeddable":true,"href":"https:\/\/linitiative.ca\/International\/wp-json\/wp\/v2\/categories?post=89999"},{"taxonomy":"post_tag","embeddable":true,"href":"https:\/\/linitiative.ca\/International\/wp-json\/wp\/v2\/tags?post=89999"}],"curies":[{"name":"wp","href":"https:\/\/api.w.org\/{rel}","templated":true}]}}