{"id":90007,"date":"2020-06-23T19:00:00","date_gmt":"2020-06-23T23:00:00","guid":{"rendered":"https:\/\/linitiative.ca\/International\/histoire-mardis-sanglants\/"},"modified":"2020-06-23T19:00:00","modified_gmt":"2020-06-23T23:00:00","slug":"histoire-mardis-sanglants","status":"publish","type":"post","link":"https:\/\/linitiative.ca\/International\/histoire-mardis-sanglants\/","title":{"rendered":"Histoire  : Mardis sanglants"},"content":{"rendered":"<p>Mohamed Ghafir, dit Moh Clichy, militant de la cause nationale, un des organisateurs de la manifestation du 17 octobre 1961 \u00e0 Paris, a consacr\u00e9 sa vie \u00e0 militer pour p\u00e9renniser un devoir de m\u00e9moire de tous les martyrs, sans exception, et m\u00e8ne une v\u00e9ritable bataille contre l\u2019oubli. Il est l\u2019auteur d\u2019un essai intitul\u00e9 Droit d\u2019\u00e9vocation et de souvenance sur le 17 octobre 1961 \u00e0 Paris. Pour lui, il y a des dates qui ne s\u2019oublient pas. Elles d\u00e9montrent \u00e0 la face du monde, la bestialit\u00e9 et la f\u00e9rocit\u00e9 du syst\u00e8me colonial fran\u00e7ais.<br \/>Le mardi 8 mai 1945, jour o\u00f9 la France est lib\u00e9r\u00e9e, elle r\u00e9affirmait dans le sang, sa domination sans partage en Alg\u00e9rie : 45.000 morts \u00e0 S\u00e9tif, Guelma, Kherrata et dans tout le Constantinois. Cette r\u00e9pression abominable fut perp\u00e9tr\u00e9e contre une population farouchement d\u00e9termin\u00e9e \u00e0 promouvoir les nobles id\u00e9aux de paix et d\u2019ind\u00e9pendance. Le 8 mai 1945 fut un mardi pas comme les autres en Alg\u00e9rie. Les manifestants qui ont \u00e9t\u00e9 massacr\u00e9s, le furent \u00e0 cause d\u2019une revendication de libert\u00e9, de dignit\u00e9. Ils s\u2019\u00e9taient donn\u00e9 pour consigne de brandir pour la premi\u00e8re fois le drapeau alg\u00e9rien. La riposte fut impitoyable. On a tir\u00e9 sur un jeune scout. Le premier martyr de cette boucherie. Saal Bouzid venait, par son souffle, d\u2019indiquer la voie du sacrifice pour l\u2019ind\u00e9pendance.<br \/>Le mardi 14 juillet 1953, une manifestation anticoloniale \u00e0 l\u2019instigation du MTLD (Mouvement pour le Triomphe des Libert\u00e9s D\u00e9mocratiques), la CGT et le PCF \u00e9tait r\u00e9prim\u00e9e dans le sang. Six Alg\u00e9riens et un Fran\u00e7ais furent abattus par balles pour avoir r\u00e9clam\u00e9 la fin du colonialisme et l\u2019ind\u00e9pendance de l\u2019Alg\u00e9rie. Un \u00e9v\u00e8nement atroce intervenu en marge de la f\u00eate du 14 juillet. La police parisienne faisait mortellement feu sur le cort\u00e8ge des manifestants alg\u00e9riens, accomplissant un massacre d\u2019Etat. Le mensonge officiel \u00e9rig\u00e9 en mode de l\u00e9gitimation des forces de l\u2019ordre n\u2019a pas emp\u00each\u00e9 que la v\u00e9rit\u00e9 soit connue sur cette tuerie politique. C\u2019est \u00e0 partir de 17 heures que la journ\u00e9e prit une tournure dramatique. D\u00e8s la dispersion de la manifestation, les rapports des diff\u00e9rents commissaires de police engag\u00e9s dans ce singulier maintien de l\u2019ordre, privil\u00e9gient de fa\u00e7on \u00e9hont\u00e9e, une interpr\u00e9tation \u00e9meuti\u00e8re d\u00e9lib\u00e9r\u00e9e, voulant faire accroire une th\u00e8se de la l\u00e9gitime d\u00e9fense, que tous les \u00e9chelons hi\u00e9rarchiques souhaitaient imposer au m\u00e9pris de la r\u00e9alit\u00e9 des faits. Cette ignominie s\u2019\u00e9tait appuy\u00e9e sur des t\u00e9moignages arguant que les Alg\u00e9riens \u00e9taient les premiers \u00e0 avoir ouvert le feu. La fabrique du mensonge n\u2019a pas de limites. Comme la couleuvre \u00e9tait trop grosse, le ministre de l\u2019Int\u00e9rieur de l\u2019\u00e9poque et les hauts dirigeants de la pr\u00e9fecture de police se repli\u00e8rent sur des justifications fallacieuses habituellement utilis\u00e9es. Sans la moindre g\u00eane ni respect pour les morts et les bless\u00e9s, l\u2019on inventa l\u2019inadmissible pr\u00e9texte que la police avait d\u00fb faire face \u00e0 une \u00e9meute et s\u2019opposer \u00e0 ce que L\u00e9on Martinaud D\u00e9plat, ministre de l\u2019Int\u00e9rieur, qualifiait de foule d\u00e9cha\u00een\u00e9e, une foule qui, prise de cette fi\u00e8vre que le d\u00e9clenchement d\u2019une bagarre provoque toujours, \u00e9tait capable de mettre \u00e0 mort, les quelques policiers qui n\u2019avaient pas pu rejoindre leurs camarades et leurs chefs. En mati\u00e8re de falsification, il est difficile de faire mieux. Les sp\u00e9cialistes du maintien de l\u2019ordre colonial s\u2019abritaient derri\u00e8re des arguties racistes pour justifier une exp\u00e9dition punitive place de la Nation, en utilisant la force brutale pour mettre fin \u00e0 une manifestation pacifique. Encore une fois, c\u2019est une version polici\u00e8re mensong\u00e8re de bout en bout qui avait pr\u00e9valu.<\/p>\n<p><strong>Sans armes et sans haine<\/strong><\/p>\n<p>Le mardi 17 octobre 1961, alors que la lutte de lib\u00e9ration nationale touchait \u00e0 sa fin, le FLN appelle \u00e0 une manifestation pacifique dans les rues de Paris. Les Alg\u00e9riens ont d\u00e9cid\u00e9 de desserrer l\u2019\u00e9tau dans lequel le gouvernement fran\u00e7ais a voulu les enfermer en leur imposant des mesures intol\u00e9rables tel le couvre-feu \u00e0 partir de 20 heures. Ils ont affront\u00e9 h\u00e9ro\u00efquement les hordes colonialistes assoiff\u00e9es de sang. En rangs serr\u00e9s, ils \u00e9taient pr\u00e8s de 80.000 \u00e0 d\u00e9filer dans les rues et les places de Paris. Les colonialistes ont sauvagement fusill\u00e9 les patriotes alg\u00e9riens. Ces martyrs tomb\u00e9s sous les balles ennemies, ont vers\u00e9 leur sang pour que triomphe la R\u00e9volution alg\u00e9rienne et que vive libre le fier peuple alg\u00e9rien. Ces assassinats qui ont marqu\u00e9 cette r\u00e9pression collective furent poursuivis tr\u00e8s tard dans la nuit. Des centaines d\u2019Alg\u00e9riens sont pourchass\u00e9s \u00e0 travers les rues, soumis \u00e0 des exactions inqualifiables. Des dizaines d\u2019Alg\u00e9riens ont \u00e9t\u00e9 noy\u00e9s dans la Seine.<br \/>Un devoir de m\u00e9moire nous intime de ne jamais oublier ces horreurs.<br \/>\u00a0\u00a0\u00a0\u00a0 M. Bouraib<br \/>\u00a0<\/p>\n<p>Auteur: elmoudjahid<br \/>\n<a href=\"http:\/\/www.elmoudjahid.com\/fr\/actualites\/155446\">Cliquez ici pour lire l&rsquo;article depuis sa source.<\/a><\/p>\n","protected":false},"excerpt":{"rendered":"<p>Mohamed Ghafir, dit Moh Clichy, militant de la cause nationale, un des organisateurs de la manifestation du 17 octobre 1961 \u00e0 Paris, a consacr\u00e9 sa vie \u00e0 militer pour p\u00e9renniser un devoir de m\u00e9moire de tous les martyrs, sans exception, et m\u00e8ne une v\u00e9ritable bataille contre l\u2019oubli. Il est l\u2019auteur d\u2019un essai intitul\u00e9 Droit d\u2019\u00e9vocation [&hellip;]<\/p>\n","protected":false},"author":1744,"featured_media":0,"comment_status":"closed","ping_status":"closed","sticky":false,"template":"","format":"standard","meta":{"fifu_image_url":"","fifu_image_alt":"","footnotes":""},"categories":[73,53],"tags":[],"class_list":["post-90007","post","type-post","status-publish","format-standard","hentry","category-actualite","category-algerie"],"_links":{"self":[{"href":"https:\/\/linitiative.ca\/International\/wp-json\/wp\/v2\/posts\/90007","targetHints":{"allow":["GET"]}}],"collection":[{"href":"https:\/\/linitiative.ca\/International\/wp-json\/wp\/v2\/posts"}],"about":[{"href":"https:\/\/linitiative.ca\/International\/wp-json\/wp\/v2\/types\/post"}],"author":[{"embeddable":true,"href":"https:\/\/linitiative.ca\/International\/wp-json\/wp\/v2\/users\/1744"}],"replies":[{"embeddable":true,"href":"https:\/\/linitiative.ca\/International\/wp-json\/wp\/v2\/comments?post=90007"}],"version-history":[{"count":0,"href":"https:\/\/linitiative.ca\/International\/wp-json\/wp\/v2\/posts\/90007\/revisions"}],"wp:attachment":[{"href":"https:\/\/linitiative.ca\/International\/wp-json\/wp\/v2\/media?parent=90007"}],"wp:term":[{"taxonomy":"category","embeddable":true,"href":"https:\/\/linitiative.ca\/International\/wp-json\/wp\/v2\/categories?post=90007"},{"taxonomy":"post_tag","embeddable":true,"href":"https:\/\/linitiative.ca\/International\/wp-json\/wp\/v2\/tags?post=90007"}],"curies":[{"name":"wp","href":"https:\/\/api.w.org\/{rel}","templated":true}]}}