{"id":90008,"date":"2020-06-23T19:00:00","date_gmt":"2020-06-23T23:00:00","guid":{"rendered":"https:\/\/linitiative.ca\/International\/gouvernement-le-president-tebboune-procede-a-un-remaniement-ministeriel\/"},"modified":"2020-06-23T19:00:00","modified_gmt":"2020-06-23T23:00:00","slug":"gouvernement-le-president-tebboune-procede-a-un-remaniement-ministeriel","status":"publish","type":"post","link":"https:\/\/linitiative.ca\/International\/gouvernement-le-president-tebboune-procede-a-un-remaniement-ministeriel\/","title":{"rendered":"Gouvernement : le pr\u00e9sident tebboune proc\u00e8de  \u00e0 un remaniement minist\u00e9riel"},"content":{"rendered":"<p>Le pr\u00e9sident de la R\u00e9publique, M. Abdelmadjid Tebboune, a sign\u00e9, hier soir, le d\u00e9cret pr\u00e9sidentiel no 163 portant remaniement minist\u00e9riel.<br \/>En vertu de ce d\u00e9cret, sont nomm\u00e9s Mesdames et Messieurs :<\/p>\n<p>&#8211; Abdelaziz Djerad : Premier ministre.<br \/>&#8211; Sabri Boukadoum : ministre des Affaires \u00e9trang\u00e8res.<br \/>&#8211; Kamal Beldjoud : ministre de l&rsquo;Int\u00e9rieur, des Collectivit\u00e9s locales et de l&rsquo;Am\u00e9nagement du Territoire.<br \/>&#8211; Belkacem Zeghmati : ministre de la Justice, garde des Sceaux.<br \/>&#8211; Aymen Benabderrahme : ministre des Finances.<br \/>&#8211; Abdelmadjid Attar : ministre de l&rsquo;\u00c9nergie.<br \/>&#8211; Chems Eddine Chitour : ministre de la Transition \u00e9nerg\u00e9tique et des \u00c9nergies renouvelables.<br \/>&#8211; Tayeb Zitouni : ministre des Moudjahidine et des Ayants droit.<br \/>&#8211; Youcef Belmehdi : ministre des Affaires religieuses et des Wakfs.<br \/>&#8211; Mohamed Ouadjaout : ministre de l&rsquo;\u00c9ducation nationale.<br \/>&#8211; Abdelbaqi Benziane : ministre de l&rsquo;Enseignement sup\u00e9rieur et de la Recherche scientifique.<br \/>&#8211; Hoyam Benfriha : ministre de la Formation et de l&rsquo;Enseignement professionnels.<br \/>&#8211; Malika Bendouda : ministre de la Culture et des Arts.<br \/>&#8211; Sid Ali Khaldi : ministre de la Jeunesse et des Sports.<br \/>&#8211; Mounir Khaled Berrah : ministre de la Num\u00e9risation et des Statistiques.\u00a0<br \/>&#8211; Brahim Boumzar : Ministre de la Poste et des T\u00e9l\u00e9communications.<br \/>&#8211; Kaoutar Krikou : ministre de la Solidarit\u00e9 nationale, de la Famille et de la Condition de la femme.<br \/>&#8211; Ferhat A\u00eft Ali Ibrahim : ministre de l&rsquo;Industrie.<br \/>&#8211; Mohamed Arkab : ministre des Mines.<br \/>&#8211; Abdelhamid Hamdane : ministre de l&rsquo;Agriculture et du D\u00e9veloppement rural.<br \/>&#8211; Kamel Nasri : ministre de l&rsquo;Habitat, de l&rsquo;Urbanisme et de la Ville.<br \/>&#8211; Kamel Rezig : ministre du Commerce.<br \/>&#8211; Ammar Belhimer : ministre de la Communication, Porte-parole du gouvernement.<br \/>&#8211; Farouk Chiali : ministre des Travaux publics.<br \/>&#8211; Lazhar Hani : ministre des Transports.\u00a0\u00a0\u00a0<br \/>&#8211; Arezki Berraki : ministre des Ressources en eau.<br \/>&#8211; Mohamed Hamidou : ministre du Tourisme, de l&rsquo;Artisanat et du Travail familial.<br \/>&#8211; Abderrahmane Benbouzid : ministre de la Sant\u00e9, de la Population et de la R\u00e9forme hospitali\u00e8re.<br \/>&#8211; Ahmed Chawki Fouad Acheuk Youcef : ministre du Travail, de l&rsquo;Emploi et de la S\u00e9curit\u00e9 sociale.<br \/>&#8211; Bessma Azouar : ministre des Relations avec le Parlement.<br \/>&#8211; Nassira Benharrats : ministre de l&rsquo;Environnement.<br \/>&#8211; Sid Ahmed Ferroukhi : ministre de la P\u00eache et des Productions halieutiques.<br \/>&#8211; Abderrahmane Lotfi Djamel Benbahmad : ministre de l&rsquo;Industrie pharmaceutique.<br \/>&#8211; Mohamed Cherif Belmihoub : ministre d\u00e9l\u00e9gu\u00e9 aupr\u00e8s du Premier ministre, charg\u00e9 de la Prospective. \u00a0\u00a0\u00a0<br \/>&#8211; Nassim Diafat : ministre d\u00e9l\u00e9gu\u00e9 aupr\u00e8s du Premier ministre, charg\u00e9 des Micro-entreprises.<br \/>&#8211; Yacine El-Mahdi Oualid : ministre d\u00e9l\u00e9gu\u00e9 aupr\u00e8s du Premier ministre, charg\u00e9 de l&rsquo;\u00c9conomie de la connaissance et des Start-up.<br \/>&#8211; Samir Chaabana : ministre d\u00e9l\u00e9gu\u00e9 aupr\u00e8s du Premier ministre, charg\u00e9 de la Communaut\u00e9 nationale \u00e0 l&rsquo;\u00e9tranger.<br \/>&#8211; A\u00efssa Bekkai : ministre d\u00e9l\u00e9gu\u00e9 aupr\u00e8s du ministre du Commerce, charg\u00e9 du Commerce ext\u00e9rieur.<br \/>&#8211; Hamza Al Sid Cheikh : ministre d\u00e9l\u00e9gu\u00e9 aupr\u00e8s du ministre de l&rsquo;Environnement, charg\u00e9 de l&rsquo;Environnement saharien.<br \/>&#8211; Salima Souakri : secr\u00e9taire d&rsquo;\u00c9tat aupr\u00e8s du ministre de la Jeunesse et des Sports, charg\u00e9e du Sport d&rsquo;\u00e9lite.<br \/>&#8211; Bechri Youcef Sehairi : secr\u00e9taire d&rsquo;\u00c9tat\u00a0 aupr\u00e8s du ministre de la Culture, charg\u00e9 de l&rsquo;Industrie cin\u00e9matographique.\u00a0\u00a0\u00a0 \u00a0\u00a0\u00a0 \u00a0\u00a0<br \/>\u00a0<strong>APS<br \/>\u00a0<\/strong><\/p>\n<p>Auteur: elmoudjahid<br \/>\n<a href=\"http:\/\/www.elmoudjahid.com\/fr\/actualites\/155447\">Cliquez ici pour lire l&rsquo;article depuis sa source.<\/a><\/p>\n","protected":false},"excerpt":{"rendered":"<p>Le pr\u00e9sident de la R\u00e9publique, M. Abdelmadjid Tebboune, a sign\u00e9, hier soir, le d\u00e9cret pr\u00e9sidentiel no 163 portant remaniement minist\u00e9riel.En vertu de ce d\u00e9cret, sont nomm\u00e9s Mesdames et Messieurs : &#8211; Abdelaziz Djerad : Premier ministre.&#8211; Sabri Boukadoum : ministre des Affaires \u00e9trang\u00e8res.&#8211; Kamal Beldjoud : ministre de l&rsquo;Int\u00e9rieur, des Collectivit\u00e9s locales et de l&rsquo;Am\u00e9nagement [&hellip;]<\/p>\n","protected":false},"author":1744,"featured_media":0,"comment_status":"closed","ping_status":"closed","sticky":false,"template":"","format":"standard","meta":{"fifu_image_url":"","fifu_image_alt":"","footnotes":""},"categories":[73,53],"tags":[],"class_list":["post-90008","post","type-post","status-publish","format-standard","hentry","category-actualite","category-algerie"],"_links":{"self":[{"href":"https:\/\/linitiative.ca\/International\/wp-json\/wp\/v2\/posts\/90008","targetHints":{"allow":["GET"]}}],"collection":[{"href":"https:\/\/linitiative.ca\/International\/wp-json\/wp\/v2\/posts"}],"about":[{"href":"https:\/\/linitiative.ca\/International\/wp-json\/wp\/v2\/types\/post"}],"author":[{"embeddable":true,"href":"https:\/\/linitiative.ca\/International\/wp-json\/wp\/v2\/users\/1744"}],"replies":[{"embeddable":true,"href":"https:\/\/linitiative.ca\/International\/wp-json\/wp\/v2\/comments?post=90008"}],"version-history":[{"count":0,"href":"https:\/\/linitiative.ca\/International\/wp-json\/wp\/v2\/posts\/90008\/revisions"}],"wp:attachment":[{"href":"https:\/\/linitiative.ca\/International\/wp-json\/wp\/v2\/media?parent=90008"}],"wp:term":[{"taxonomy":"category","embeddable":true,"href":"https:\/\/linitiative.ca\/International\/wp-json\/wp\/v2\/categories?post=90008"},{"taxonomy":"post_tag","embeddable":true,"href":"https:\/\/linitiative.ca\/International\/wp-json\/wp\/v2\/tags?post=90008"}],"curies":[{"name":"wp","href":"https:\/\/api.w.org\/{rel}","templated":true}]}}