{"id":90013,"date":"2020-06-24T12:31:00","date_gmt":"2020-06-24T16:31:00","guid":{"rendered":"https:\/\/linitiative.ca\/International\/coronavirus-pourquoi-les-enfants-sont-ils-moins-contaminants-que-les-adultes\/"},"modified":"2020-06-24T12:31:00","modified_gmt":"2020-06-24T16:31:00","slug":"coronavirus-pourquoi-les-enfants-sont-ils-moins-contaminants-que-les-adultes","status":"publish","type":"post","link":"https:\/\/linitiative.ca\/International\/coronavirus-pourquoi-les-enfants-sont-ils-moins-contaminants-que-les-adultes\/","title":{"rendered":"Coronavirus : pourquoi les enfants sont-ils moins contaminants que les adultes ?"},"content":{"rendered":"<p><br id=\"sep_para_1\" class=\"sep_para access\"\/><\/p>\n<div id=\"para_1\" class=\"para_37574417 resize\">\n<div class=\"texte access firstletter\">Il y a peu de transmission du virus entre enfants \u00e0 l\u2019\u00e9cole, ou des enfants vers les enseignants. Et quand ils sont infect\u00e9s, c&rsquo;est dans la plupart des cas, via leurs parents, confirme une \u00e9tude men\u00e9e dans des \u00e9coles primaires de Cr\u00e9py-en-Valois (France) par l&rsquo;Institut Pasteur.<br \/>Le retour \u00e0 l&rsquo;\u00e9cole a dans un premier temps inqui\u00e9t\u00e9 parents et syndicats de l&rsquo;enseignement, qui craignaient un red\u00e9marrage de l&rsquo;\u00e9pid\u00e9mie, notamment parce que les enfants contr\u00f4lent moins bien les gestes barri\u00e8re. Pourtant depuis le d\u00e9but de l&rsquo;\u00e9pid\u00e9mie, les enfants sont tr\u00e8s peu touch\u00e9s par le virus et les formes observ\u00e9es sont tr\u00e8s majoritairement b\u00e9nignes.<br \/>Selon une \u00e9tude men\u00e9e par l&rsquo;Institut Pasteur dans les \u00e9coles primaires de Cr\u00e9py-en-Valois (Oise), l\u00e0 o\u00f9 le coronavirus a massivement circul\u00e9 au d\u00e9but de l&rsquo;\u00e9pid\u00e9mie, la transmission est peu \u00e9lev\u00e9e entre les jeunes enfants. Sur les 510 \u00e9l\u00e8ves de six \u00e9coles primaires inclus dans l&rsquo;\u00e9tude, il y a eu trois cas probables d\u2019infection par le SARS-CoV-2 dans trois \u00e9coles diff\u00e9rentes avant la fermeture des \u00e9coles pour les vacances scolaires de f\u00e9vrier, puis pour le confinement \u00e0 Cr\u00e9py-en-Valois. Ces cas n\u2019ont pas donn\u00e9 lieu \u00e0 des cas secondaires, que ce soit parmi les autres \u00e9coliers ou parmi les personnels enseignants, rapporte l&rsquo;\u00e9tude. En outre, la proportion d\u2019infection est tr\u00e8s \u00e9lev\u00e9e (61%) chez les parents d\u2019enfants infect\u00e9s, alors qu\u2019elle n\u2019est que de 6.9% chez les parents d\u2019enfants non infect\u00e9s. \u00ab\u00a0Ceci permet de penser que les parents ont \u00e9t\u00e9 la source de l\u2019infection de leurs enfants dans de nombreux cas\u00a0\u00bb, r\u00e9sume l&rsquo;Institut Pasteur.<br \/>\u00ab\u00a0Dans l&rsquo;ensemble, les r\u00e9sultats de cette \u00e9tude sont comparables \u00e0 ceux d\u2019autres \u00e9tudes r\u00e9alis\u00e9es \u00e0 l\u2019\u00e9tranger, qui laissent entendre que les enfants de 6 \u00e0 11 ans s\u2019infectent plut\u00f4t en milieu familial qu\u2019\u00e0 l\u2019\u00e9cole. La principale information nouvelle apport\u00e9e par cette \u00e9tude est que les enfants infect\u00e9s n\u2019ont transmis le virus ni aux autres enfants, ni aux enseignants et ni aux autres personnels des \u00e9tablissements scolaires. Il faut cependant confirmer ces r\u00e9sultats sur d\u2019autres \u00e9tudes vu le faible nombre d\u2019introductions du virus dans les \u00e9coles qui ont pu \u00eatre \u00e9tudi\u00e9es\u00a0\u00bb, commente Arnaud Fontanet, premier auteur de l\u2019\u00e9tude, responsable de l\u2019unit\u00e9 Epid\u00e9miologie des maladies \u00e9mergentes \u00e0 l\u2019Institut Pasteur.<br \/>Ces r\u00e9sultats rassurants confirment ainsi une autre \u00e9tude men\u00e9e par le professeur Robert Cohen, p\u00e9diatre . Selon cette \u00e9tude, les enfants (jusqu\u2019\u00e0 l\u2019\u00e2ge de 15 ans) sont tr\u00e8s peu contagieux. Le p\u00e9diatre l&rsquo;affirme : on sait avec \u00ab\u00a0certitude\u00a0\u00bb que les enfants ne sont pas des \u00ab\u00a0super-contaminateurs\u00a0\u00bb, bien au contraire. \u00ab\u00a0On sait d\u00e9sormais qu\u2019ils sont de tout petits contaminateurs. Au d\u00e9but de la crise, on a cru -comme pour d\u2019autres virus respiratoires- qu\u2019ils jouaient un r\u00f4le important dans la propagation de l\u2019\u00e9pid\u00e9mie. Ce n\u2019est pas le cas.\u00a0\u00bb<br \/>La Soci\u00e9t\u00e9 fran\u00e7aise de p\u00e9diatrie s&rsquo;appuie sur une \u00e9tude qu&rsquo;elle a men\u00e9e (du 14 avril au 12 mai) aupr\u00e8s de 600 enfants entre 3 mois et 18 ans, en r\u00e9gion parisienne. Tous ont \u00e9t\u00e9 test\u00e9 par PCR et par test sanguin au bout du doigt (test s\u00e9rologique). R\u00e9sultat les tests s\u00e9rologiques montrent que 10 % des enfants d\u2019Ile-de-France, la r\u00e9gion la plus touch\u00e9e, ont \u00e9t\u00e9 infect\u00e9s par le coronavirus. De plus, 1,8 % avait un test PCR positif lorsqu\u2019on les a d\u00e9pist\u00e9s pendant le confinement. Mais, souligne le Dr Cohen, \u00ab\u00a0on a \u00e9t\u00e9 r\u00e9ellement surpris de voir que seuls 0,6 % \u00e9taient contagieux.\u00a0\u00bb<br \/>Enfin, une \u00e9tude men\u00e9e aux Contamines-Montjoie et publi\u00e9e dans la revue Clinical infectious diseases arrivait elle aussi \u00e0 cette conclusion. Elle avait \u00e9tudi\u00e9 le cas de l&rsquo;enfant de 9 ans, qui bien qu&rsquo;infect\u00e9 au Covid-19 avait continu\u00e9 \u00e0 fr\u00e9quenter trois \u00e9coles et un ski-club avant que l&rsquo;alerte sanitaire ne soit donn\u00e9e. L&rsquo;\u00e9tude avait conclu qu&rsquo;aucune des 172 personnes avec lesquelles l&rsquo;enfant avait \u00e9t\u00e9 en contact n&rsquo;avait \u00e9t\u00e9 infect\u00e9e par le virus, pas m\u00eame les deux autres enfants de sa fratrie. Ce qui laisse penser que \u00ab\u00a0les enfants pourraient ne pas \u00eatre une source importante de transmission de ce nouveau virus\u00a0\u00bb et sugg\u00e8re \u00ab\u00a0une dynamique de transmission diff\u00e9rente chez les enfant.<br \/>Selon une \u00e9tude chinoise, publi\u00e9e dans le Journal of the American Medical Association (JAMA) fin f\u00e9vrier 2020, parmi les plus de 70 000 cas de coronavirus recens\u00e9s en Chine, on ne compte \u00ab\u00a0que\u00a0\u00bb 2 % d&rsquo;enfants et d&rsquo;adolescents \u00e2g\u00e9s de moins de 19 ans. Les chercheurs ajoutent qu&rsquo;aucun d\u00e9c\u00e8s d&rsquo;enfant de moins de 9 ans n&rsquo;est survenu. Selon cette vaste \u00e9tude, les cas s\u00e9v\u00e8res sont observ\u00e9s essentiellement chez les personnes \u00e2g\u00e9es et avec des comorbidit\u00e9s.).<br \/>Les donn\u00e9es Fran\u00e7aises confirme la b\u00e9nignit\u00e9 de l&rsquo;infection chez les enfants (les cas graves et les d\u00e9c\u00e8s sont extr\u00eamement rares).<\/div>\n<\/div>\n<p>Auteur: R\u00e9flexion<br \/>\n<a href=\"https:\/\/www.reflexiondz.net\/Coronavirus-pourquoi-les-enfants-sont-ils-moins-contaminants-que-les-adultes_a63587.html\">Cliquez ici pour lire l&rsquo;article depuis sa source.<\/a><\/p>\n","protected":false},"excerpt":{"rendered":"<p>Il y a peu de transmission du virus entre enfants \u00e0 l\u2019\u00e9cole, ou des enfants vers les enseignants. Et quand ils sont infect\u00e9s, c&rsquo;est dans la plupart des cas, via leurs parents, confirme une \u00e9tude men\u00e9e dans des \u00e9coles primaires de Cr\u00e9py-en-Valois (France) par l&rsquo;Institut Pasteur.Le retour \u00e0 l&rsquo;\u00e9cole a dans un premier temps inqui\u00e9t\u00e9 [&hellip;]<\/p>\n","protected":false},"author":1740,"featured_media":0,"comment_status":"closed","ping_status":"closed","sticky":false,"template":"","format":"standard","meta":{"fifu_image_url":"","fifu_image_alt":"","footnotes":""},"categories":[53,76],"tags":[],"class_list":["post-90013","post","type-post","status-publish","format-standard","hentry","category-algerie","category-regions"],"_links":{"self":[{"href":"https:\/\/linitiative.ca\/International\/wp-json\/wp\/v2\/posts\/90013","targetHints":{"allow":["GET"]}}],"collection":[{"href":"https:\/\/linitiative.ca\/International\/wp-json\/wp\/v2\/posts"}],"about":[{"href":"https:\/\/linitiative.ca\/International\/wp-json\/wp\/v2\/types\/post"}],"author":[{"embeddable":true,"href":"https:\/\/linitiative.ca\/International\/wp-json\/wp\/v2\/users\/1740"}],"replies":[{"embeddable":true,"href":"https:\/\/linitiative.ca\/International\/wp-json\/wp\/v2\/comments?post=90013"}],"version-history":[{"count":0,"href":"https:\/\/linitiative.ca\/International\/wp-json\/wp\/v2\/posts\/90013\/revisions"}],"wp:attachment":[{"href":"https:\/\/linitiative.ca\/International\/wp-json\/wp\/v2\/media?parent=90013"}],"wp:term":[{"taxonomy":"category","embeddable":true,"href":"https:\/\/linitiative.ca\/International\/wp-json\/wp\/v2\/categories?post=90013"},{"taxonomy":"post_tag","embeddable":true,"href":"https:\/\/linitiative.ca\/International\/wp-json\/wp\/v2\/tags?post=90013"}],"curies":[{"name":"wp","href":"https:\/\/api.w.org\/{rel}","templated":true}]}}