{"id":90014,"date":"2020-06-24T12:31:00","date_gmt":"2020-06-24T16:31:00","guid":{"rendered":"https:\/\/linitiative.ca\/International\/ecole-superieure-dagronomie-a-mostaganem-le-developpement-de-la-technologie-laitiere-en-debat\/"},"modified":"2020-06-24T12:31:00","modified_gmt":"2020-06-24T16:31:00","slug":"ecole-superieure-dagronomie-a-mostaganem-le-developpement-de-la-technologie-laitiere-en-debat","status":"publish","type":"post","link":"https:\/\/linitiative.ca\/International\/ecole-superieure-dagronomie-a-mostaganem-le-developpement-de-la-technologie-laitiere-en-debat\/","title":{"rendered":"\u00c9COLE SUPERIEURE D\u2019AGRONOMIE A MOSTAGANEM : Le d\u00e9veloppement de  la technologie laiti\u00e8re en d\u00e9bat"},"content":{"rendered":"<p><br id=\"sep_para_1\" class=\"sep_para access\"\/><\/p>\n<div id=\"para_1\" class=\"para_37574409 resize\">\n<div class=\"texte access firstletter\">\u00a0Le secteur lait, vecteur de d\u00e9veloppement et cr\u00e9ateur de richesses, est devenu strat\u00e9gique en Alg\u00e9rie, tout en \u00e9tant une source de cr\u00e9ation d\u2019emplois, il g\u00e9n\u00e8re des revenus pour les familles et assure une s\u00e9curit\u00e9 alimentaire. Au vu de ces param\u00e8tres, un riche programme d\u2019\u00e9tude et de d\u00e9veloppement des fili\u00e8res agroalimentaires sera \u00e9tabli et\/ou plusieurs th\u00e9matiques seront d\u00e9battues \u00e0 l\u2019\u00e9cole sup\u00e9rieure d\u2019agronomie de Mostaganem, notamment la production et technologie laiti\u00e8re en Alg\u00e9rie, contraintes et enjeux de d\u00e9veloppement, programm\u00e9s la prochaine ann\u00e9e en date du 20 janvier 2021, a-t-on appris . En ce sens, il sera d\u00e9battu des contraintes\u00a0 de l\u2019industrie et la transformation laiti\u00e8re et sa promotion en Alg\u00e9rie, notamment la probl\u00e9matique de la poudre du lait et \u00e9galement la contribution de la recherche et innovation scientifique afin de permettre une meilleure promotion des produits laitiers.\u00a0<\/div>\n<\/div>\n<p>Auteur: Gana Yacine<br \/>\n<a href=\"https:\/\/www.reflexiondz.net\/ECOLE-SUPERIEURE-D-AGRONOMIE-A-MOSTAGANEM-Le-developpement-de-la-technologie-laitiere-en-debat_a63586.html\">Cliquez ici pour lire l&rsquo;article depuis sa source.<\/a><\/p>\n","protected":false},"excerpt":{"rendered":"<p>\u00a0Le secteur lait, vecteur de d\u00e9veloppement et cr\u00e9ateur de richesses, est devenu strat\u00e9gique en Alg\u00e9rie, tout en \u00e9tant une source de cr\u00e9ation d\u2019emplois, il g\u00e9n\u00e8re des revenus pour les familles et assure une s\u00e9curit\u00e9 alimentaire. Au vu de ces param\u00e8tres, un riche programme d\u2019\u00e9tude et de d\u00e9veloppement des fili\u00e8res agroalimentaires sera \u00e9tabli et\/ou plusieurs th\u00e9matiques [&hellip;]<\/p>\n","protected":false},"author":1740,"featured_media":0,"comment_status":"closed","ping_status":"closed","sticky":false,"template":"","format":"standard","meta":{"fifu_image_url":"","fifu_image_alt":"","footnotes":""},"categories":[53,76],"tags":[],"class_list":["post-90014","post","type-post","status-publish","format-standard","hentry","category-algerie","category-regions"],"_links":{"self":[{"href":"https:\/\/linitiative.ca\/International\/wp-json\/wp\/v2\/posts\/90014","targetHints":{"allow":["GET"]}}],"collection":[{"href":"https:\/\/linitiative.ca\/International\/wp-json\/wp\/v2\/posts"}],"about":[{"href":"https:\/\/linitiative.ca\/International\/wp-json\/wp\/v2\/types\/post"}],"author":[{"embeddable":true,"href":"https:\/\/linitiative.ca\/International\/wp-json\/wp\/v2\/users\/1740"}],"replies":[{"embeddable":true,"href":"https:\/\/linitiative.ca\/International\/wp-json\/wp\/v2\/comments?post=90014"}],"version-history":[{"count":0,"href":"https:\/\/linitiative.ca\/International\/wp-json\/wp\/v2\/posts\/90014\/revisions"}],"wp:attachment":[{"href":"https:\/\/linitiative.ca\/International\/wp-json\/wp\/v2\/media?parent=90014"}],"wp:term":[{"taxonomy":"category","embeddable":true,"href":"https:\/\/linitiative.ca\/International\/wp-json\/wp\/v2\/categories?post=90014"},{"taxonomy":"post_tag","embeddable":true,"href":"https:\/\/linitiative.ca\/International\/wp-json\/wp\/v2\/tags?post=90014"}],"curies":[{"name":"wp","href":"https:\/\/api.w.org\/{rel}","templated":true}]}}