{"id":90028,"date":"2020-06-24T06:00:00","date_gmt":"2020-06-24T10:00:00","guid":{"rendered":"https:\/\/linitiative.ca\/International\/il-faut-appliquer-la-loi-sans-etat-dame\/"},"modified":"2020-06-24T06:00:00","modified_gmt":"2020-06-24T10:00:00","slug":"il-faut-appliquer-la-loi-sans-etat-dame","status":"publish","type":"post","link":"https:\/\/linitiative.ca\/International\/il-faut-appliquer-la-loi-sans-etat-dame\/","title":{"rendered":"\u00abIl faut appliquer la loi sans \u00e9tat d\u2019\u00e2me\u00bb"},"content":{"rendered":"<p>L\u2019\u00e9chec cuisant des campagnes de sensibilisation laisse peu de parades aux membres du Comit\u00e9 scientifique face \u00e0 la recrudescence de l\u2019\u00e9pid\u00e9mie de coronavirus. Le tout confinement n\u2019\u00e9tant plus \u00e0 l\u2019ordre du jour, seule la force de la loi est en mesure de venir \u00e0 bout des comportements irresponsables des plus r\u00e9fractaires, selon le Dr Bekkat Berkani. Le membre du Comit\u00e9 scientifique de suivi du Covid-19 est formel : la loi doit d\u00e9sormais \u00eatre appliqu\u00e9e sans \u00e9tat d\u2019\u00e2me.<br \/>Nawal Im\u00e8s &#8211; Alger (Le Soir) &#8211; Au moment o\u00f9 une grande majorit\u00e9 de structures hospitali\u00e8res enregistrent un d\u00e9but de saturation, devant l\u2019afflux de patients contamin\u00e9s au Covid-19, des pans entiers de la soci\u00e9t\u00e9 s\u2019installent dans un incroyable d\u00e9ni. Une \u00ab inconscience collective \u00bb d\u00e9plore le Dr Bekkat Berkani, membre du Comit\u00e9 scientifique de suivi de l\u2019\u00e9pid\u00e9mie de Covid-19.<br \/>Charg\u00e9 d\u2019imaginer des strat\u00e9gies de riposte, les membres dudit comit\u00e9 disposent de peu de parades face \u00e0 cette situation. \u00c0 ce stade, l\u2019option du confinement semble d\u2019ores et d\u00e9j\u00e0 d\u00e9pass\u00e9e. Seule possibilit\u00e9 \u00e9voqu\u00e9e : imposer plus de restrictions aux r\u00e9gions les plus touch\u00e9es.<br \/>Les mesures visant \u00e0 restreindre la circulation des individus \u00e0 des heures pr\u00e9cises ont montr\u00e9 leurs limites. Que reste-t-il donc \u00e0 faire ? Le Dr Bekkat Berkani est formel : \u00ab En attendant le vaccin, la seule issue, ce sont les mesures barri\u00e8res .\u00bb S\u2019il plaide pour la poursuite des campagnes de sensibilisation en direction du large public, le pr\u00e9sident de l\u2019Ordre des m\u00e9decins estime que l\u2019heure est \u00e0 \u00ab l\u2019application stricte \u00bb de la loi. Il consid\u00e8re que le d\u00e9cret instituant l\u2019obligation du port du masque ne souffre aucune ambigu\u00eft\u00e9. Il suffit, dit-il, de veiller \u00e0 son application. Pour lui, la loi doit \u00eatre appliqu\u00e9e sans \u00e9tat d\u2019\u00e2me pour obliger les moins enclins \u00e0 respecter les r\u00e8gles sanitaires \u00e0 le faire. \u00ab Nous sommes en situation d\u2019urgence sanitaire, et \u00e0 ce stade, les libert\u00e9s de l\u2019individu sont abolies. Mettre en danger la sant\u00e9 d\u2019autrui est un d\u00e9lit \u00bb, tranche-t-il , appelant les autorit\u00e9s concern\u00e9es \u00e0 faire appliquer la loi, estimant que \u00ab si tout le monde adoptait ce geste de mani\u00e8re stricte, au bout de dix \u00e0 quinze jours, il nous serait possible de sortir de cette situation et d\u00e9passer la crise \u00bb.<br \/>Le d\u00e9cret ex\u00e9cutif datant du mois de mai dernier stipule dans son article 13 que \u00ab toute administration, \u00e9tablissement recevant le public, ainsi que toute personne assurant une activit\u00e9 de commerce ou de prestation de services, sous quelque forme que ce soit, sont tenus d&rsquo;observer et de faire respecter l&rsquo;obligation du port de masque de protection, par tous moyens, y compris en faisant appel \u00e0 la force publique \u00bb. Il pr\u00e9cise que \u00ab tous les agents publics habilit\u00e9s sont tenus de veiller au strict respect de l&rsquo;obligation du port de masque de protection \u00bb, ajoutant que \u00ab les personnes enfreignant les mesures de confinement, de port du masque de protection, des r\u00e8gles de distanciation et de pr\u00e9vention et les dispositions du pr\u00e9sent d\u00e9cret sont passibles de peines pr\u00e9vues par le code p\u00e9nal \u00bb.<br \/>Des amendes et un emprisonnement de un \u00e0 trois jours sont en effet pr\u00e9vus mais jusqu\u2019\u00e0 maintenant, les agents de l\u2019ordre s\u2019\u00e9taient content\u00e9s de verbaliser les automobilistes conduisant sans bavette, alors que les personnes adoptant des comportements \u00e0 risque dans les transports ou sur la voie publique ne sont pas du tout inqui\u00e9t\u00e9es.<br \/>N. I.<\/p>\n<p>Auteur:<br \/>\n<a href=\"https:\/\/www.lesoirdalgerie.com\/actualites\/il-faut-appliquer-la-loi-sans-etat-dame-44036\">Cliquez ici pour lire l&rsquo;article depuis sa source.<\/a><\/p>\n","protected":false},"excerpt":{"rendered":"<p>L\u2019\u00e9chec cuisant des campagnes de sensibilisation laisse peu de parades aux membres du Comit\u00e9 scientifique face \u00e0 la recrudescence de l\u2019\u00e9pid\u00e9mie de coronavirus. Le tout confinement n\u2019\u00e9tant plus \u00e0 l\u2019ordre du jour, seule la force de la loi est en mesure de venir \u00e0 bout des comportements irresponsables des plus r\u00e9fractaires, selon le Dr Bekkat [&hellip;]<\/p>\n","protected":false},"author":1741,"featured_media":0,"comment_status":"closed","ping_status":"closed","sticky":false,"template":"","format":"standard","meta":{"fifu_image_url":"","fifu_image_alt":"","footnotes":""},"categories":[73,53],"tags":[],"class_list":["post-90028","post","type-post","status-publish","format-standard","hentry","category-actualite","category-algerie"],"_links":{"self":[{"href":"https:\/\/linitiative.ca\/International\/wp-json\/wp\/v2\/posts\/90028","targetHints":{"allow":["GET"]}}],"collection":[{"href":"https:\/\/linitiative.ca\/International\/wp-json\/wp\/v2\/posts"}],"about":[{"href":"https:\/\/linitiative.ca\/International\/wp-json\/wp\/v2\/types\/post"}],"author":[{"embeddable":true,"href":"https:\/\/linitiative.ca\/International\/wp-json\/wp\/v2\/users\/1741"}],"replies":[{"embeddable":true,"href":"https:\/\/linitiative.ca\/International\/wp-json\/wp\/v2\/comments?post=90028"}],"version-history":[{"count":0,"href":"https:\/\/linitiative.ca\/International\/wp-json\/wp\/v2\/posts\/90028\/revisions"}],"wp:attachment":[{"href":"https:\/\/linitiative.ca\/International\/wp-json\/wp\/v2\/media?parent=90028"}],"wp:term":[{"taxonomy":"category","embeddable":true,"href":"https:\/\/linitiative.ca\/International\/wp-json\/wp\/v2\/categories?post=90028"},{"taxonomy":"post_tag","embeddable":true,"href":"https:\/\/linitiative.ca\/International\/wp-json\/wp\/v2\/tags?post=90028"}],"curies":[{"name":"wp","href":"https:\/\/api.w.org\/{rel}","templated":true}]}}