{"id":90029,"date":"2020-06-24T06:00:00","date_gmt":"2020-06-24T10:00:00","guid":{"rendered":"https:\/\/linitiative.ca\/International\/quand-le-citoyen-complique-la-situation\/"},"modified":"2020-06-24T06:00:00","modified_gmt":"2020-06-24T10:00:00","slug":"quand-le-citoyen-complique-la-situation","status":"publish","type":"post","link":"https:\/\/linitiative.ca\/International\/quand-le-citoyen-complique-la-situation\/","title":{"rendered":"Quand le citoyen complique la situation"},"content":{"rendered":"<p>Avec l\u2019entame de la deuxi\u00e8me phase de sortie progressive du confinement d\u00e9cid\u00e9e par le gouvernement le 13 juin dernier, l\u2019assouplissement du confinement a permis \u00e0 certaines activit\u00e9s de reprendre leur travail mais avec le respect des mesures barri\u00e8res, \u00e0 commencer par le port du masque obligatoire et la distanciation physique. Si certains commerces respectent les r\u00e8gles \u00e9dict\u00e9es dans la d\u00e9cision gouvernementale, il n\u2019en est rien du c\u00f4t\u00e9 d\u2019autres. Mais c\u2019est chez les citoyens que la situation est plus inqui\u00e9tante. L\u2019assouplissement du confinement est consid\u00e9r\u00e9 comme l\u2019empressement au retour aux habitudes du pass\u00e9.<br \/>Abdelhalim Benyell\u00e8s \u2013 Alger (Le Soir) &#8211; C\u2019est du moins ce qui apparaissait , hier mardi, dans les rues d\u2019Alger o\u00f9 tout donne \u00e0 croire que les comportements des citoyens favorisent la prolif\u00e9ration du virus. Ce rel\u00e2chement qui t\u00e9moigne de l\u2019insouciance face aux avertissements des autorit\u00e9s sanitaire est observ\u00e9 d\u2019abord au niveau des march\u00e9s couverts.<br \/>\u00c0 Belouizdad, comme au niveau du march\u00e9 Clauzel d\u2019Alger-Centre, les clients sont presque coll\u00e9s les uns aux autres, et dont la majorit\u00e9 ne porte pas de bavette. Idem pour les commer\u00e7ants, o\u00f9 chez une partie d\u2019entre eux, le port est facultatif ou de simple forme, puisqu\u2019il ne couvre que le menton. Ceci est justifi\u00e9 par certains d\u2019entre eux, par la chaleur qui s\u00e9vit ces derniers jours dans la capitale. Du c\u00f4t\u00e9 de la client\u00e8le, c\u2019est le m\u00eame son de cloche. Mis \u00e0 part une minorit\u00e9, des personnes du troisi\u00e8me \u00e2ge qui se soumettent aux strictes mesures pr\u00e9ventives, tout le reste, et ils sont fort nombreux, fait fi de toutes les pr\u00e9cautions. Karim, la trentaine, n\u2019y croit singuli\u00e8rement plus, jusqu\u2019\u00e0 l\u2019existence m\u00eame du virus. Parmi cette tranche d\u2019\u00e2ge, rencontr\u00e9s dans les quartiers les plus peupl\u00e9s, \u00e0 l\u2019instar de la rue Hassiba, les jeunes sont accoud\u00e9s aux v\u00e9hicules gar\u00e9s ou adoss\u00e9s aux murs, une tasse de caf\u00e9 \u00e0 la main. Samir, 26 ans, dit se prot\u00e9ger tout en \u00e9tant en retrait de la foule. Tout comme d\u2019ailleurs son compagnon presque du m\u00eame \u00e2ge, qui consid\u00e8re que le coronavirus tend \u00e0 dispara\u00eetre et que le rel\u00e2chement de la population s\u2019explique par cette conviction. Mais il faut bien signaler que les magasins de v\u00eatements, r\u00e9cemment rouverts au niveau de la rue Hassiba, ne grouillent plus de monde comme \u00e0 leur accoutum\u00e9e. Ce qui est \u00e0 remarquer l\u00e0, c\u2019est l\u2019affichage \u00e0 l\u2019entr\u00e9e des indications portant sur le port du masque et sur la limitation de l\u2019acc\u00e8s \u00e0 deux ou \u00e0 trois personnes. Certains commer\u00e7ants, questionn\u00e9s sur l\u2019application des mesures pr\u00e9ventives, se disent y \u00eatre favorables, et que \u00ab pourvu qu\u2019ils demeurent ouverts \u00bb, expliquent-ils. \u00ab Le chiffre d\u2019affaires a beaucoup chut\u00e9 en raison de la phase de confinement \u00bb, font-ils signaler. Mais, bizarrement, beaucoup d\u2019entre ces commer\u00e7ants ne respectent pas l\u2019obligation du port du masque, d\u00e9j\u00e0. L\u00e0 aussi, c\u2019est l\u2019argument de la chaleur qui est avanc\u00e9.<br \/>Cependant, parmi tous les commer\u00e7ants qui ont rouvert dans le cadre des derni\u00e8res mesures, l\u2019on distingue incontestablement les sup\u00e9rettes, o\u00f9 on se conforme au strict respect de la loi. En sus de la limitation de l\u2019acc\u00e8s, des pancartes sont visiblement affich\u00e9es \u00e0 l\u2019entr\u00e9e, et les commer\u00e7ants se conforment au port obligatoire du masque et dans les r\u00e8gles. Ceci est per\u00e7u au niveau de toutes les sup\u00e9rettes visit\u00e9es au niveau de la capitale. N\u00e9anmoins, ce qui est \u00e0 d\u00e9plorer, particuli\u00e8rement hier \u00e0 Alger, c\u2019est l\u2019attitude irresponsable de certains citoyens au niveau des recettes, pour une journ\u00e9e qui co\u00efncide avec le virement des pensions de retraite.<br \/>Devant tous les bureaux de poste, m\u00eame si la distanciation physique est respect\u00e9e \u00e0 l\u2019int\u00e9rieur, dehors, aucune mesure n\u2019est prise au s\u00e9rieux. Des grappes humaines sont observ\u00e9es de loin. Un spectacle qui s\u2019apparente aux jours habituels en pareille p\u00e9riode du mois. C\u2019est comme si la situation de crise sanitaire de coronavirus \u00e9tait derri\u00e8re nous, semblent se dire certains. Les quelques retrait\u00e9s au milieu de la foule, dont la majorit\u00e9 est sans masque, ne se pr\u00eatent m\u00eame pas \u00e0 nos questions, tant ils sont pr\u00e9occup\u00e9s par l\u2019\u00e9tat d\u2019avancement de la cha\u00eene, car pr\u00e9occup\u00e9s d\u2019arriver au plus vite aux guichets.<br \/>Quant aux automobilistes, ils ne sont pas en reste, car rares sont ceux qui se conforment aux mesures sanitaires du port obligatoire du masque. Mais au niveau de certains points des rues de la capitale, ceux-ci sont sit\u00f4t verbalis\u00e9s. C\u2019est le cas \u00e0 proximit\u00e9 de l\u2019h\u00f4pital Mustapha-Pacha, o\u00f9 des policiers point\u00e9s rep\u00e8rent par surprise tous les contrevenants. Beaucoup de v\u00e9hicules interpell\u00e9s sont vus gar\u00e9s, et les propri\u00e9taires, affichant une inqui\u00e9tude av\u00e9r\u00e9e, tendent les papiers du v\u00e9hicule \u00e0 l\u2019agent de la S\u00fbret\u00e9 nationale.<br \/>A. B.<\/p>\n<p>Auteur:<br \/>\n<a href=\"https:\/\/www.lesoirdalgerie.com\/actualites\/quand-le-citoyen-complique-la-situation-44035\">Cliquez ici pour lire l&rsquo;article depuis sa source.<\/a><\/p>\n","protected":false},"excerpt":{"rendered":"<p>Avec l\u2019entame de la deuxi\u00e8me phase de sortie progressive du confinement d\u00e9cid\u00e9e par le gouvernement le 13 juin dernier, l\u2019assouplissement du confinement a permis \u00e0 certaines activit\u00e9s de reprendre leur travail mais avec le respect des mesures barri\u00e8res, \u00e0 commencer par le port du masque obligatoire et la distanciation physique. Si certains commerces respectent les [&hellip;]<\/p>\n","protected":false},"author":1741,"featured_media":0,"comment_status":"closed","ping_status":"closed","sticky":false,"template":"","format":"standard","meta":{"fifu_image_url":"","fifu_image_alt":"","footnotes":""},"categories":[73,53],"tags":[],"class_list":["post-90029","post","type-post","status-publish","format-standard","hentry","category-actualite","category-algerie"],"_links":{"self":[{"href":"https:\/\/linitiative.ca\/International\/wp-json\/wp\/v2\/posts\/90029","targetHints":{"allow":["GET"]}}],"collection":[{"href":"https:\/\/linitiative.ca\/International\/wp-json\/wp\/v2\/posts"}],"about":[{"href":"https:\/\/linitiative.ca\/International\/wp-json\/wp\/v2\/types\/post"}],"author":[{"embeddable":true,"href":"https:\/\/linitiative.ca\/International\/wp-json\/wp\/v2\/users\/1741"}],"replies":[{"embeddable":true,"href":"https:\/\/linitiative.ca\/International\/wp-json\/wp\/v2\/comments?post=90029"}],"version-history":[{"count":0,"href":"https:\/\/linitiative.ca\/International\/wp-json\/wp\/v2\/posts\/90029\/revisions"}],"wp:attachment":[{"href":"https:\/\/linitiative.ca\/International\/wp-json\/wp\/v2\/media?parent=90029"}],"wp:term":[{"taxonomy":"category","embeddable":true,"href":"https:\/\/linitiative.ca\/International\/wp-json\/wp\/v2\/categories?post=90029"},{"taxonomy":"post_tag","embeddable":true,"href":"https:\/\/linitiative.ca\/International\/wp-json\/wp\/v2\/tags?post=90029"}],"curies":[{"name":"wp","href":"https:\/\/api.w.org\/{rel}","templated":true}]}}