{"id":90036,"date":"2020-06-24T16:26:31","date_gmt":"2020-06-24T20:26:31","guid":{"rendered":"https:\/\/linitiative.ca\/International\/rapport-annuel-sur-le-terrorisme-le-maroc-cite-en-exemple-document\/"},"modified":"2020-06-24T16:26:31","modified_gmt":"2020-06-24T20:26:31","slug":"rapport-annuel-sur-le-terrorisme-le-maroc-cite-en-exemple-document","status":"publish","type":"post","link":"https:\/\/linitiative.ca\/International\/rapport-annuel-sur-le-terrorisme-le-maroc-cite-en-exemple-document\/","title":{"rendered":"Rapport annuel sur le terrorisme : le Maroc cit\u00e9 en exemple [ Document ]"},"content":{"rendered":"<p><strong>Le d\u00e9partement d\u2019\u00c9tat am\u00e9ricain vient de publier son rapport annuel sur le terrorisme dans le monde au titre de l\u2019ann\u00e9e 2019 . Un document de 304 pages dans lequel il s\u2019attaque de front et d\u2019embl\u00e9e \u00e0 l\u2019Iran, au groupe terroriste Daech et met en relief le r\u00f4le des Etats Unis dans la lutte contre la radicalisation et la coop\u00e9ration internationale avec diff\u00e9rents pays dans ce domaine. Le Maroc est \u00e9videmment cit\u00e9 en exemple.<\/strong><\/p>\n<div class=\"c10\"\/>\n<p>Le rapport rel\u00e8ve que le Maroc participe activement dans la lutte contre le terrorisme sous ses diff\u00e9rents aspects aussi bien \u00e0 l\u2019\u00e9chelon national qu\u2019international. Sur le plan int\u00e9rieur, les services de s\u00e9curit\u00e9 ont r\u00e9ussi \u00e0 d\u00e9manteler plusieurs cellules affili\u00e9es ou sympathisantes de Daech et veille scrupuleusement \u00e0 la s\u00e9curit\u00e9 de ses fronti\u00e8res mettant en relief le r\u00f4le jou\u00e9 par le BCIJ [ Bureau central d\u2019investigation judiciaire ] . Les diff\u00e9rentes op\u00e9rations de d\u00e9mant\u00e8lement op\u00e9r\u00e9es en 2019 sont \u00e9galement cit\u00e9es. \u00a0<\/p>\n<p><strong>Lire aussi |<a href=\"https:\/\/www.challenge.ma\/tests-du-covid19-le-maroc-entre-au-top-40-mondial-145835\/\">Tests du Covid-19 : le Maroc entre au top 40 mondial<\/a><\/strong><\/p>\n<p>Le Maroc est \u00e9galement tr\u00e8s actif dans cette lutte \u00e0 l\u2019\u00e9chelon international en tant qu\u2019acteur majeur non membre de <a href=\"https:\/\/www.nato.int\/nato-welcome\/index_fr.html\">l\u2019OTAN<\/a> en participant \u00e0 diff\u00e9rents s\u00e9minaires et ateliers. Le rapport \u00a0souligne en particulier l\u2019\u00e9troite coop\u00e9ration entre les services marocains et leurs homologues fran\u00e7ais, belges et espagnols , permettant \u00ab\u00a0<em>d\u2019\u00e9touffer dans l\u2019\u0153uf des projets d\u2019attentat<\/em>s\u00a0\u00bb. Il est \u00e9galement indiqu\u00e9 \u00a0que le Maroc a accept\u00e9 le retour de 10 personnes ayant combattu dans les rangs du groupe terroriste Daech et la mise en place de tout un programme de d\u00e9-radicalisation avec le concours du <a href=\"http:\/\/www.habous.gov.ma\/fr\/affaires-islamiques-accueil.html\">Minist\u00e8re des Habous et des affaires islamiques<\/a>. A cet \u00e9gard, il rel\u00e8ve \u00ab\u00a0 <em>l\u2019importance du rite mal\u00e9kite du Royaume empreint de tol\u00e9rance\u00a0<\/em>\u00bb.<\/p>\n<div class=\"vw-sticky-sidebar-wrapper vw-sticky-sidebar widget_text awac-wrapper widget_text awac widget custom_html-4 textwidget custom-html-widget\">\n<p class=\"has-background c12\"><span class=\"widget-title c11\">Tribune et D\u00e9bats<\/span><\/p>\n<p>La tribune qui vous parle d\u2019une actu, d\u2019un sujet qui fait d\u00e9bat, les traitent et les analysent. \u00c9conomistes et autres experts, patrons d\u2019entreprises, d\u00e9cideurs, acteurs de la soci\u00e9t\u00e9 civile, s\u2019y prononcent et contribuent \u00e0 sa grande richesse. Vous avez votre opinion, convergente ou diff\u00e9rente. Exprimez-la et mesurez-vous ainsi \u00e0 nos tribuns et d\u00e9batteurs.<\/p>\n<p>Envoyez vos analyses \u00e0 : <a href=\"\/cdn-cgi\/l\/email-protection#b2d1dddcc6d3d1c6f2d1dad3deded7dcd5d79cdfd3\"><span class=\"__cf_email__\" data-cfemail=\"462529283227253206252e272a2a23282123682b27\">[email\u00a0protected]<\/span><\/a>, en pr\u00e9cisant votre nom, votre pr\u00e9nom et votre m\u00e9tier.<\/p>\n<\/div>\n<p>Auteur: Adil Lahlou<br \/>\n<a href=\"https:\/\/www.challenge.ma\/rapport-annuel-sur-le-terrorisme-le-maroc-cite-en-exemple-document-146228\/\">Cliquez ici pour lire l&rsquo;article depuis sa source.<\/a><\/p>\n","protected":false},"excerpt":{"rendered":"<p>Le d\u00e9partement d\u2019\u00c9tat am\u00e9ricain vient de publier son rapport annuel sur le terrorisme dans le monde au titre de l\u2019ann\u00e9e 2019 . Un document de 304 pages dans lequel il s\u2019attaque de front et d\u2019embl\u00e9e \u00e0 l\u2019Iran, au groupe terroriste Daech et met en relief le r\u00f4le des Etats Unis dans la lutte contre la [&hellip;]<\/p>\n","protected":false},"author":1787,"featured_media":0,"comment_status":"closed","ping_status":"closed","sticky":false,"template":"","format":"standard","meta":{"fifu_image_url":"","fifu_image_alt":"","footnotes":""},"categories":[78,54],"tags":[],"class_list":["post-90036","post","type-post","status-publish","format-standard","hentry","category-economie","category-maroc"],"_links":{"self":[{"href":"https:\/\/linitiative.ca\/International\/wp-json\/wp\/v2\/posts\/90036","targetHints":{"allow":["GET"]}}],"collection":[{"href":"https:\/\/linitiative.ca\/International\/wp-json\/wp\/v2\/posts"}],"about":[{"href":"https:\/\/linitiative.ca\/International\/wp-json\/wp\/v2\/types\/post"}],"author":[{"embeddable":true,"href":"https:\/\/linitiative.ca\/International\/wp-json\/wp\/v2\/users\/1787"}],"replies":[{"embeddable":true,"href":"https:\/\/linitiative.ca\/International\/wp-json\/wp\/v2\/comments?post=90036"}],"version-history":[{"count":0,"href":"https:\/\/linitiative.ca\/International\/wp-json\/wp\/v2\/posts\/90036\/revisions"}],"wp:attachment":[{"href":"https:\/\/linitiative.ca\/International\/wp-json\/wp\/v2\/media?parent=90036"}],"wp:term":[{"taxonomy":"category","embeddable":true,"href":"https:\/\/linitiative.ca\/International\/wp-json\/wp\/v2\/categories?post=90036"},{"taxonomy":"post_tag","embeddable":true,"href":"https:\/\/linitiative.ca\/International\/wp-json\/wp\/v2\/tags?post=90036"}],"curies":[{"name":"wp","href":"https:\/\/api.w.org\/{rel}","templated":true}]}}