{"id":90038,"date":"2020-06-24T12:23:39","date_gmt":"2020-06-24T16:23:39","guid":{"rendered":"https:\/\/linitiative.ca\/International\/tunisie-nouvelle-infection-au-coronavirus-dans-la-prison-el-dir-au-kef\/"},"modified":"2020-06-24T12:23:39","modified_gmt":"2020-06-24T16:23:39","slug":"tunisie-nouvelle-infection-au-coronavirus-dans-la-prison-el-dir-au-kef","status":"publish","type":"post","link":"https:\/\/linitiative.ca\/International\/tunisie-nouvelle-infection-au-coronavirus-dans-la-prison-el-dir-au-kef\/","title":{"rendered":"Tunisie: Nouvelle infection au coronavirus dans la prison El Dir au Kef"},"content":{"rendered":"<div class=\"post-cont-in left relative\">\n<p>Les 238 \u00e9chantillons, pr\u00e9lev\u00e9s par la direction sanitaire du Kef le 22 juin 2020, ont donn\u00e9 237 r\u00e9sultats n\u00e9gatifs et un cas positif au <a href=\"https:\/\/www.tunisienumerique.com\/tunisie-actualite\/coronavirus\/\" title=\"Coronavirus\" target=\"_top\" class=\"auto-link\" rel=\"noopener noreferrer\">Coronavirus<\/a> dans la pison El Dir, a indiqu\u00e9 une source de la direction.<br \/>La m\u00eame source a ajout\u00e9 le cas positif enregistr\u00e9 n\u2019avait rien \u00e0 voir avec le d\u00e9tenu \u00e9tranger infect\u00e9 par le virus Corona.<\/p>\n<div class=\"code-block code-block-1 c3\"><ins class=\"adsbygoogle c2\" data-ad-layout=\"in-article\" data-ad-format=\"fluid\" data-ad-client=\"ca-pub-2102118777505746\" data-ad-slot=\"7301775417\"\/> <\/div>\n<p>La direction r\u00e9gionale de la sant\u00e9, en coordination avec l\u2019administration de la prison El-Dir au Kef, a pris toutes les mesures n\u00e9cessaires en vigueur dans de tels cas.<\/p>\n<p>A rappeler qu\u2019un \u00e9tranger a \u00e9t\u00e9 d\u00e9tenu \u00e0 la prison El Dir du Kef apr\u00e8s que le repr\u00e9sentant du minist\u00e8re public pr\u00e8s le tribunal de premi\u00e8re instance de Jendouba ait \u00e9t\u00e9 autoris\u00e9 \u00e0 le garder suite \u00e0 son arrestation dans la zone frontali\u00e8re de la d\u00e9l\u00e9gation d\u2019Ain Draham \u00e0 Jendouba, pour avoir travers\u00e9 les fronti\u00e8res tunisiennes clandestinement.<\/p>\n<p>Il a \u00e9t\u00e9 confirm\u00e9 positif au Coronavirus et a \u00e9t\u00e9 plac\u00e9 en quarantaine obligatoire \u00e0 Monastir.<\/p>\n<div class=\"swp_social_panel swp_horizontal_panel swp_flat_fresh swp_default_full_color swp_individual_full_color swp_other_full_color scale-100 scale-\" data-min-width=\"1100\" data-float-color=\"#ffffff\" data-float=\"bottom\" data-float-mobile=\"bottom\" data-transition=\"slide\">\n<div class=\"nc_tweetContainer swp_share_button total_shares total_sharesalt\"><span class=\"swp_count\">10 <span class=\"swp_label\">Partages<\/span><\/span><\/div>\n<\/div>\n<p><strong>Que se passe-t-il en Tunisie?<\/strong><br \/>Nous expliquons sur notre <a href=\"https:\/\/www.youtube.com\/channel\/UCRzypVq0B_yBad5eGrwBx0Q?sub_confirmation=1\" target=\"_blank\" rel=\"noopener noreferrer\">cha\u00eene YouTube<\/a> . <a href=\"https:\/\/www.youtube.com\/channel\/UCRzypVq0B_yBad5eGrwBx0Q?sub_confirmation=1\" target=\"_blank\" rel=\"noopener noreferrer\">Abonnez-vous!<\/a><\/p>\n<div class=\"mvp-org-wrap mvp-org-logo\" itemprop=\"publisher\" itemscope=\"\" itemtype=\"https:\/\/schema.org\/Organization\"><img decoding=\"async\" src=\"https:\/\/www.tunisienumerique.com\/wp-content\/uploads\/2017\/02\/logo_tunisie_numerique.png\"\/><\/div>\n<div class=\"mvp-related-posts left relative\">\n<h4 class=\"post-header\"><span class=\"post-header\">Lire aussi<\/span><\/h4>\n<\/div>\n<div id=\"article-ad\"><ins class=\"adsbygoogle c4\" data-ad-client=\"ca-pub-2102118777505746\" data-ad-slot=\"6513972734\" data-ad-format=\"auto\" data-full-width-responsive=\"true\"\/> <\/div>\n<\/div>\n<div id=\"post-sidebar-wrap\"><ins class=\"adsbygoogle c4\" data-ad-client=\"ca-pub-2102118777505746\" data-ad-slot=\"6168283410\" data-ad-format=\"auto\" data-full-width-responsive=\"true\"\/> <\/div>\n<p>Auteur: Mourad S<br \/>\n<a href=\"https:\/\/www.tunisienumerique.com\/tunisie-nouvelle-infection-au-coronavirus-dans-la-prison-el-dir-au-kef\/\">Cliquez ici pour lire l&rsquo;article depuis sa source.<\/a><\/p>\n","protected":false},"excerpt":{"rendered":"<p>Les 238 \u00e9chantillons, pr\u00e9lev\u00e9s par la direction sanitaire du Kef le 22 juin 2020, ont donn\u00e9 237 r\u00e9sultats n\u00e9gatifs et un cas positif au Coronavirus dans la pison El Dir, a indiqu\u00e9 une source de la direction.La m\u00eame source a ajout\u00e9 le cas positif enregistr\u00e9 n\u2019avait rien \u00e0 voir avec le d\u00e9tenu \u00e9tranger infect\u00e9 par [&hellip;]<\/p>\n","protected":false},"author":1789,"featured_media":90039,"comment_status":"closed","ping_status":"closed","sticky":false,"template":"","format":"standard","meta":{"fifu_image_url":"","fifu_image_alt":"","footnotes":""},"categories":[73,55],"tags":[],"class_list":["post-90038","post","type-post","status-publish","format-standard","has-post-thumbnail","hentry","category-actualite","category-tunisie"],"_links":{"self":[{"href":"https:\/\/linitiative.ca\/International\/wp-json\/wp\/v2\/posts\/90038","targetHints":{"allow":["GET"]}}],"collection":[{"href":"https:\/\/linitiative.ca\/International\/wp-json\/wp\/v2\/posts"}],"about":[{"href":"https:\/\/linitiative.ca\/International\/wp-json\/wp\/v2\/types\/post"}],"author":[{"embeddable":true,"href":"https:\/\/linitiative.ca\/International\/wp-json\/wp\/v2\/users\/1789"}],"replies":[{"embeddable":true,"href":"https:\/\/linitiative.ca\/International\/wp-json\/wp\/v2\/comments?post=90038"}],"version-history":[{"count":0,"href":"https:\/\/linitiative.ca\/International\/wp-json\/wp\/v2\/posts\/90038\/revisions"}],"wp:featuredmedia":[{"embeddable":true,"href":"https:\/\/linitiative.ca\/International\/wp-json\/"}],"wp:attachment":[{"href":"https:\/\/linitiative.ca\/International\/wp-json\/wp\/v2\/media?parent=90038"}],"wp:term":[{"taxonomy":"category","embeddable":true,"href":"https:\/\/linitiative.ca\/International\/wp-json\/wp\/v2\/categories?post=90038"},{"taxonomy":"post_tag","embeddable":true,"href":"https:\/\/linitiative.ca\/International\/wp-json\/wp\/v2\/tags?post=90038"}],"curies":[{"name":"wp","href":"https:\/\/api.w.org\/{rel}","templated":true}]}}