{"id":90052,"date":"2020-06-24T16:08:38","date_gmt":"2020-06-24T20:08:38","guid":{"rendered":"https:\/\/linitiative.ca\/International\/harouna-kabore-ministre-du-commerce-de-lindustrie-et-de-lartisanat-nous-avons-anticipe-sur-limpact-negatif-de-la-covid-19-sur-les-performances-des-societes-d\/"},"modified":"2020-06-24T16:08:38","modified_gmt":"2020-06-24T20:08:38","slug":"harouna-kabore-ministre-du-commerce-de-lindustrie-et-de-lartisanat-nous-avons-anticipe-sur-limpact-negatif-de-la-covid-19-sur-les-performances-des-societes-d","status":"publish","type":"post","link":"https:\/\/linitiative.ca\/International\/harouna-kabore-ministre-du-commerce-de-lindustrie-et-de-lartisanat-nous-avons-anticipe-sur-limpact-negatif-de-la-covid-19-sur-les-performances-des-societes-d\/","title":{"rendered":"Harouna Kabor\u00e9, ministre du Commerce, de l\u2019Industrie et de l\u2019Artisanat  : \u00ab Nous avons anticip\u00e9 sur l\u2019impact n\u00e9gatif de la COVID-19 sur les performances des soci\u00e9t\u00e9s d\u2019Etat \u00bb"},"content":{"rendered":"<div class=\"td-post-featured-image\"><a href=\"https:\/\/www.sidwaya.info\/wp-content\/uploads\/2020\/06\/1-59.jpg\" data-caption=\"\"><img loading=\"lazy\" decoding=\"async\" width=\"595\" height=\"461\" class=\"entry-thumb td-modal-image\" src=\"https:\/\/www.sidwaya.info\/wp-content\/uploads\/2020\/06\/1-59.jpg\" srcset=\"https:\/\/www.sidwaya.info\/wp-content\/uploads\/2020\/06\/1-59.jpg 595w, https:\/\/www.sidwaya.info\/wp-content\/uploads\/2020\/06\/1-59-300x232.jpg 300w, https:\/\/www.sidwaya.info\/wp-content\/uploads\/2020\/06\/1-59-542x420.jpg 542w\" sizes=\"auto, (max-width: 595px) 100vw, 595px\" alt=\"\" title=\"1\"\/><\/a><\/div>\n<p><strong>A l\u2019occasion de la tenue de la 28e assembl\u00e9e g\u00e9n\u00e9rale des soci\u00e9t\u00e9s d\u2019Etat, le ministre du Commerce, de l\u2019Industrie et de l\u2019Artisanat, Harouna Kabor\u00e9, dont le d\u00e9partement assure la tutelle gestion de ces entreprises publiques, s\u2019est prononc\u00e9 sur les enjeux de cette rencontre qui se tient dans un contexte de coronavirus.<\/strong><\/p>\n<p><strong>S : La 28e Assembl\u00e9e g\u00e9n\u00e9rale (AG) des soci\u00e9t\u00e9s d\u2019Etat se tient en pleine pand\u00e9mie de la COVID-19. Quel est l\u2019impact de cette maladie sur ces entreprises publiques ?<\/strong><\/p>\n<p>H. K. : Disons que la pand\u00e9mie a effectivement impact\u00e9 n\u00e9gativement le fonctionnement de nos entreprises publiques en 2020 mais pas v\u00e9ritablement sur les comptes de l\u2019exercice 2019 qui doivent faire l\u2019objet d\u2019approbation par la 28e session de l\u2019AG-SE.<br \/>En notre qualit\u00e9 de tutelle de gestion des soci\u00e9t\u00e9s d\u2019Etat, nous avons anticip\u00e9 sur l\u2019impact n\u00e9gatif de la COVID-19 sur les performances des soci\u00e9t\u00e9s d\u2019Etat au titre de l\u2019exercice 2020 qui est en cours.<br \/>Nous avons pris la mesure de nous attacher les services d\u2019un expert burkinab\u00e8, sp\u00e9cialiste en gestion des risques qui fera une pr\u00e9sentation sur l\u2019impact de la COVID-19 sur les performances de nos entreprises publiques. Cette pr\u00e9sentation sera l\u2019occasion pour l\u2019AG de prendre des d\u00e9cisions fortes en vue d\u2019am\u00e9liorer la r\u00e9silience des soci\u00e9t\u00e9s d\u2019Etat face \u00e0 un monde de plus en plus sujet \u00e0 des chocs exog\u00e8nes.<br \/>La pr\u00e9sentation de l\u2019expert est bas\u00e9e sur la synth\u00e8se des impacts que chaque soci\u00e9t\u00e9 a notifi\u00e9s en r\u00e9ponse \u00e0 un courrier que nous leur avons adress\u00e9.<\/p>\n<div class=\"td-a-rec td-a-rec-id-content_inline tdi_30_113 td_block_template_1\"><img loading=\"lazy\" decoding=\"async\" class=\"aligncenter size-full wp-image-21314\" src=\"https:\/\/www.sidwaya.info\/wp-content\/uploads\/2020\/04\/Bandeau-Covid-19-Sidwaya-1.jpg\" alt=\"\" width=\"790\" height=\"98\"\/><\/div>\n<p><strong>S. : Les soci\u00e9t\u00e9s d\u2019Etat ont-elles b\u00e9n\u00e9fici\u00e9 de mesures particuli\u00e8res pour faire face aux effets \u00e9conomiques du coronavirus ?<\/strong><\/p>\n<p>H. K. : En pr\u00e9lude \u00e0 des propositions de mesures, il sied d\u2019abord de proc\u00e9der \u00e0 l\u2019\u00e9valuation de l\u2019impact de la COVID-19 sur ces soci\u00e9t\u00e9s ; toute chose qui est en cours.<br \/>A cet effet, un diagnostic assorti de propositions de recommandations sera fait par l\u2019expert comme je vous l\u2019avais d\u00e9j\u00e0 signifi\u00e9. Ces recommandations permettront \u00e0 l\u2019AG-SE de prendre des d\u00e9cisions fortes afin d\u2019am\u00e9liorer la r\u00e9silience de nos soci\u00e9t\u00e9s pour leur permettre de jouer pleinement leur r\u00f4le dans l\u2019\u00e9conomie nationale.<\/p>\n<p><strong>S : Quel bilan faites-vous de la gestion de l\u2019exercice 2019 des soci\u00e9t\u00e9s d\u2019Etat ?<\/strong><\/p>\n<p>H. K. : En termes de bilan, nous disons que 2019 a \u00e9t\u00e9 satisfaisant par rapport \u00e0 2018. En effet sur 21 soci\u00e9t\u00e9s d\u2019Etat, seulement trois sont d\u00e9ficitaires, \u00e0 savoir, la MINOFA, la SONATER et la SBT, contre six soci\u00e9t\u00e9s d\u00e9ficitaires en 2018 avec un d\u00e9ficit cumul\u00e9 de 704 millions F CFA.<br \/>Malgr\u00e9 les d\u00e9ficits enregistr\u00e9s, les performances de nos soci\u00e9t\u00e9s se sont consolid\u00e9es en 2019 avec un accroissement du chiffre d\u2019affaires de 8,73% et aussi la consistance de ce chiffre d\u2019affaires qui se stabilise \u00e0 1 379,279 milliards F CFA en 2019. Le r\u00e9sultat s\u2019est \u00e9galement am\u00e9lior\u00e9 en passant de 172,664 milliards F CFA en 2018 \u00e0 191,641 milliards F CFA en 2019.<br \/>En 2019, nos soci\u00e9t\u00e9s d\u2019Etat ont contribu\u00e9 \u00e0 hauteur de 335,590 milliards F CFA au budget de l\u2019Etat. Cette contribution est essentiellement compos\u00e9e d\u2019imp\u00f4ts et taxes et de dividendes.<\/p>\n<p><strong>S : Lors de la 27e AG en fin juin 2019, six soci\u00e9t\u00e9s \u00e9taient d\u00e9ficitaires \u00e0 cause de l\u2019ins\u00e9curit\u00e9 et autres facteurs, avec un d\u00e9ficit cumul\u00e9 de 2,311 milliards FCFA en 2018. Quelles \u00e9taient ces soci\u00e9t\u00e9s ? Leur situation s\u2019est-elle am\u00e9lior\u00e9e ?<\/strong><\/p>\n<p>H. K. : Ces six soci\u00e9t\u00e9s \u00e9taient effectivement l\u2019AGETEER, la MINOFA, la SBT, la SEPB, la SOGEMAB et la SONAGESS.<br \/>Fort heureusement, les r\u00e9sultats de l\u2019AGETEER, de la SEPB, de la SOGEMAB et de la SONAGESS se sont r\u00e9v\u00e9l\u00e9s b\u00e9n\u00e9ficiaires en 2019 t\u00e9moignant des efforts entrepris par les responsables desdites soci\u00e9t\u00e9s pour remonter la pente.<br \/>Les trois autres soci\u00e9t\u00e9s ont connu une am\u00e9lioration mais leur bilan reste n\u00e9gatif, voil\u00e0 pourquoi on ne peut pas parler de r\u00e9sultat satisfaisant.<br \/>Vous vous rendrez compte que la SONATER qui a enregistr\u00e9 un r\u00e9sultat positif en 2018 est d\u00e9ficitaire en 2019. Cet \u00e9tat de fait est d\u00fb \u00e0 une certaine instabilit\u00e9 que l\u2019on constate et que l\u2019on d\u00e9plore au sein de certaines cat\u00e9gories de soci\u00e9t\u00e9s notamment les MODP, dont le manque de portefeuille de projets constitue un v\u00e9ritable handicap.<\/p>\n<p><strong>S : Au cours des m\u00eames assises, les \u00e9tats financiers de l\u2019Agence de conseil et de ma\u00eetrise d\u2019ouvrage d\u00e9l\u00e9gu\u00e9e en b\u00e2timent (ACOMOD) n\u2019avaient pas \u00e9t\u00e9 certifi\u00e9s ? Qu\u2019en sera-t-il \u00e0 l\u2019AG qui d\u00e9bute ?<\/strong><\/p>\n<p>H. K. : Relativement \u00e0 cette question, nous attendrons la d\u00e9cision souveraine de l\u2019AG-SE. Mais ce que je peux dire par rapport \u00e0 l\u2019ACOMOD-Burkina, c\u2019est que sa situation s\u2019est am\u00e9lior\u00e9e en 2019. Elle a soumis deux \u00e9tats financiers cette ann\u00e9e, \u00e0 savoir les \u00e9tats financiers de 2018, qui ont bien entendu \u00e9t\u00e9 corrig\u00e9s en tenant compte de l\u2019amendement qui avait \u00e9t\u00e9 fait et aussi les \u00e9tats financiers de 2019 qui r\u00e9v\u00e8lent un r\u00e9sultat b\u00e9n\u00e9ficiaire.<\/p>\n<p><strong>S : Comment voyez-vous l\u2019avenir des soci\u00e9t\u00e9s d\u2019Etat dans un contexte d\u2019ins\u00e9curit\u00e9 grandissante et de crise de la COVID-19?<\/strong><\/p>\n<p>H. K. : L\u2019ins\u00e9curit\u00e9 constitue v\u00e9ritablement une menace pour nos soci\u00e9t\u00e9s d\u2019Etat et aussi pour l\u2019activit\u00e9 \u00e9conomique, en g\u00e9n\u00e9ral.<br \/>A cet effet, il conviendrait que les soci\u00e9t\u00e9s d\u2019Etat d\u00e9veloppent davantage des strat\u00e9gies structurantes pour accro\u00eetre leur capacit\u00e9 de r\u00e9silience en vue de pr\u00e9server leur place dans l\u2019\u00e9conomie nationale. Cela devrait se traduire \u00e9galement par la mise en place des plans de continuit\u00e9 d\u2019activit\u00e9s.<br \/>Aussi, je puis vous rassurer que le gouvernement est conscient des enjeux et des mesures fortes qui vont \u00eatre prises pour accompagner nos entreprises dont les activit\u00e9s sont menac\u00e9es en raison de la situation s\u00e9curitaire.<\/p>\n<p class=\"c1\"><strong>Honor\u00e9 KIRAKOYA<\/strong><\/p>\n<div class=\"td-a-rec td-a-rec-id-content_bottom tdi_31_c2e td_block_template_1\"><img loading=\"lazy\" decoding=\"async\" class=\"aligncenter size-full wp-image-22415\" src=\"https:\/\/www.sidwaya.info\/wp-content\/uploads\/2020\/05\/Bandeau-paiement-mobile-site.png\" alt=\"\" width=\"728\" height=\"90\"\/><\/div>\n<p>Auteur: DD. Sidwaya<br \/>\n<a href=\"https:\/\/www.sidwaya.info\/blog\/2020\/06\/24\/harouna-kabore-ministre-du-commerce-de-lindustrie-et-de-lartisanat-nous-avons-anticipe-sur-limpact-negatif-de-la-covid-19-sur-les-performances-des-societes-d\/\">Cliquez ici pour lire l&rsquo;article depuis sa source.<\/a><\/p>\n","protected":false},"excerpt":{"rendered":"<p>A l\u2019occasion de la tenue de la 28e assembl\u00e9e g\u00e9n\u00e9rale des soci\u00e9t\u00e9s d\u2019Etat, le ministre du Commerce, de l\u2019Industrie et de l\u2019Artisanat, Harouna Kabor\u00e9, dont le d\u00e9partement assure la tutelle gestion de ces entreprises publiques, s\u2019est prononc\u00e9 sur les enjeux de cette rencontre qui se tient dans un contexte de coronavirus. S : La 28e [&hellip;]<\/p>\n","protected":false},"author":1816,"featured_media":90053,"comment_status":"closed","ping_status":"closed","sticky":false,"template":"","format":"standard","meta":{"fifu_image_url":"","fifu_image_alt":"","footnotes":""},"categories":[73,81],"tags":[],"class_list":["post-90052","post","type-post","status-publish","format-standard","has-post-thumbnail","hentry","category-actualite","category-burkina-faso"],"_links":{"self":[{"href":"https:\/\/linitiative.ca\/International\/wp-json\/wp\/v2\/posts\/90052","targetHints":{"allow":["GET"]}}],"collection":[{"href":"https:\/\/linitiative.ca\/International\/wp-json\/wp\/v2\/posts"}],"about":[{"href":"https:\/\/linitiative.ca\/International\/wp-json\/wp\/v2\/types\/post"}],"author":[{"embeddable":true,"href":"https:\/\/linitiative.ca\/International\/wp-json\/wp\/v2\/users\/1816"}],"replies":[{"embeddable":true,"href":"https:\/\/linitiative.ca\/International\/wp-json\/wp\/v2\/comments?post=90052"}],"version-history":[{"count":0,"href":"https:\/\/linitiative.ca\/International\/wp-json\/wp\/v2\/posts\/90052\/revisions"}],"wp:featuredmedia":[{"embeddable":true,"href":"https:\/\/linitiative.ca\/International\/wp-json\/"}],"wp:attachment":[{"href":"https:\/\/linitiative.ca\/International\/wp-json\/wp\/v2\/media?parent=90052"}],"wp:term":[{"taxonomy":"category","embeddable":true,"href":"https:\/\/linitiative.ca\/International\/wp-json\/wp\/v2\/categories?post=90052"},{"taxonomy":"post_tag","embeddable":true,"href":"https:\/\/linitiative.ca\/International\/wp-json\/wp\/v2\/tags?post=90052"}],"curies":[{"name":"wp","href":"https:\/\/api.w.org\/{rel}","templated":true}]}}