{"id":90059,"date":"2020-06-24T15:18:04","date_gmt":"2020-06-24T19:18:04","guid":{"rendered":"https:\/\/linitiative.ca\/International\/zambie-le-ministre-de-la-sante-arrete-pour-enrichissement-illicite\/"},"modified":"2020-06-24T15:18:04","modified_gmt":"2020-06-24T19:18:04","slug":"zambie-le-ministre-de-la-sante-arrete-pour-enrichissement-illicite","status":"publish","type":"post","link":"https:\/\/linitiative.ca\/International\/zambie-le-ministre-de-la-sante-arrete-pour-enrichissement-illicite\/","title":{"rendered":"Zambie: le ministre de la Sant\u00e9 arr\u00eat\u00e9 pour enrichissement illicite"},"content":{"rendered":"<div readability=\"32\">\n<p>Publi\u00e9 le 24.06.2020 \u00e0 20h18 par APA News<\/p>\n<\/div>\n<div readability=\"44.125\">\n<p>Le ministre zambien de la Sant\u00e9, Chitalu Chilufya, a \u00e9t\u00e9 arr\u00eat\u00e9 mercredi sur des all\u00e9gations d\u2019enrichissement illicite.Le porte-parole de la Commission anti-corruption de Zambie, Jonathan Siame, a d\u00e9clar\u00e9 que Chilufya est accus\u00e9 de quatre chefs d\u2019accusation de possession de biens \u00ab raisonnablement suspect\u00e9s d\u2019\u00eatre acquis ill\u00e9galement \u00bb.<\/p>\n<p>\u00a0\u00ab L\u2019arrestation fait suite aux enqu\u00eates que la commission a men\u00e9es contre le ministre en relation avec les all\u00e9gations ci-dessus \u00bb, a d\u00e9clar\u00e9 M. Siame dans un communiqu\u00e9.<\/p>\n<div class=\"c6\" readability=\"8\">\n<p>\u00a0Le fonctionnaire a d\u00e9clar\u00e9 que le ministre a \u00e9t\u00e9 lib\u00e9r\u00e9 sous caution et qu\u2019il doit compara\u00eetre devant le tribunal le 9 juillet.<\/p>\n<\/div>\n<p><iframe loading=\"lazy\" class=\"c7\" frameborder=\"0\" type=\"text\/html\" src=\"https:\/\/dailymotion.com\/embed\/playlist\/x6bz1p?autoplay=1&amp;mute=1\" width=\"100%\" height=\"100%\" allow=\"autoplay\" allowfullscreen=\"\">[embedded content]<\/iframe><\/p>\n<p><\/p>\n<section id=\"sticky-pub\" class=\"c12\">\n<\/section>\n<\/div>\n<p>Auteur: APA News<br \/>\n<a href=\"https:\/\/www.journalducameroun.com\/zambie-le-ministre-de-la-sante-arrete-pour-enrichissement-illicite\/\">Cliquez ici pour lire l&rsquo;article depuis sa source.<\/a><\/p>\n","protected":false},"excerpt":{"rendered":"<p>Publi\u00e9 le 24.06.2020 \u00e0 20h18 par APA News Le ministre zambien de la Sant\u00e9, Chitalu Chilufya, a \u00e9t\u00e9 arr\u00eat\u00e9 mercredi sur des all\u00e9gations d\u2019enrichissement illicite.Le porte-parole de la Commission anti-corruption de Zambie, Jonathan Siame, a d\u00e9clar\u00e9 que Chilufya est accus\u00e9 de quatre chefs d\u2019accusation de possession de biens \u00ab raisonnablement suspect\u00e9s d\u2019\u00eatre acquis ill\u00e9galement \u00bb. [&hellip;]<\/p>\n","protected":false},"author":1965,"featured_media":0,"comment_status":"closed","ping_status":"closed","sticky":false,"template":"","format":"standard","meta":{"fifu_image_url":"","fifu_image_alt":"","footnotes":""},"categories":[73,82],"tags":[],"class_list":["post-90059","post","type-post","status-publish","format-standard","hentry","category-actualite","category-cameroun"],"_links":{"self":[{"href":"https:\/\/linitiative.ca\/International\/wp-json\/wp\/v2\/posts\/90059","targetHints":{"allow":["GET"]}}],"collection":[{"href":"https:\/\/linitiative.ca\/International\/wp-json\/wp\/v2\/posts"}],"about":[{"href":"https:\/\/linitiative.ca\/International\/wp-json\/wp\/v2\/types\/post"}],"author":[{"embeddable":true,"href":"https:\/\/linitiative.ca\/International\/wp-json\/wp\/v2\/users\/1965"}],"replies":[{"embeddable":true,"href":"https:\/\/linitiative.ca\/International\/wp-json\/wp\/v2\/comments?post=90059"}],"version-history":[{"count":0,"href":"https:\/\/linitiative.ca\/International\/wp-json\/wp\/v2\/posts\/90059\/revisions"}],"wp:attachment":[{"href":"https:\/\/linitiative.ca\/International\/wp-json\/wp\/v2\/media?parent=90059"}],"wp:term":[{"taxonomy":"category","embeddable":true,"href":"https:\/\/linitiative.ca\/International\/wp-json\/wp\/v2\/categories?post=90059"},{"taxonomy":"post_tag","embeddable":true,"href":"https:\/\/linitiative.ca\/International\/wp-json\/wp\/v2\/tags?post=90059"}],"curies":[{"name":"wp","href":"https:\/\/api.w.org\/{rel}","templated":true}]}}