{"id":90071,"date":"2020-06-25T09:00:42","date_gmt":"2020-06-25T13:00:42","guid":{"rendered":"https:\/\/linitiative.ca\/International\/sefrou-les-arboriculteurs-a-loeuvre-pour-la-cueillette-des-cerises\/"},"modified":"2020-06-25T09:00:42","modified_gmt":"2020-06-25T13:00:42","slug":"sefrou-les-arboriculteurs-a-loeuvre-pour-la-cueillette-des-cerises","status":"publish","type":"post","link":"https:\/\/linitiative.ca\/International\/sefrou-les-arboriculteurs-a-loeuvre-pour-la-cueillette-des-cerises\/","title":{"rendered":"Sefrou : Les arboriculteurs \u00e0 l\u2019\u0153uvre pour  la cueillette des cerises"},"content":{"rendered":"<p><img decoding=\"async\" class=\"post_layout_5_img\" src=\"http:\/\/aujourdhui.ma\/wp-content\/uploads\/2020\/06\/S\u00e9frou-Les-arboriculteurs-\u00e0-l\u2019\u0153uvre-pour-la-cueillette-des-cerises.jpg\" alt=\"Sefrou : Les arboriculteurs &#xE0; l&#x2019;&#x153;uvre pour la cueillette des cerises\"\/><\/p>\n<p><span class=\"c5\"><strong>Connue pour sa verdure, sa fra\u00eecheur et ses cascades, la province de Sefrou est en pleine saison de cueillette des cerises, un fruit aux multiples vertus.<\/strong><\/span><span id=\"more-348885\"\/><\/p>\n<p>Si les cerisiers poussaient autrefois naturellement et spontan\u00e9ment \u00e0 travers toute la province, ils font d\u00e9sormais partie int\u00e9grante des diff\u00e9rents plans de d\u00e9veloppement de l\u2019arboriculture locale.<br \/>La production actuelle des cerises dans la province de Sefrou, dont la cueillette bat son plein, est estim\u00e9e \u00e0 3.000 tonnes, contre 2.200 tonnes l\u2019ann\u00e9e pr\u00e9c\u00e9dente, soit une hausse de 36%, avec un rendement moyen de 6,5 tonnes par hectare, selon des statistiques de la Direction provinciale de l\u2019agriculture de Sefrou (DPA).<\/p>\n<p>Cultiv\u00e9e sur une superficie globale de 500 ha, soit 5% de la superficie des rosac\u00e9es, la fili\u00e8re de cerisier au niveau de la province comprend de nombreuses vari\u00e9t\u00e9s, dont le bigarreau, le burlat, le bigarreau van, le bigarreau hedelfingen, le folfer, le napol\u00e9on, le big summit, le big sunburst, le stark, le sweetheart, le big lapin et le c\u0153ur de pigeon.<br \/>Selon la DPA de Sefrou, la saison de la cueillette des cerises g\u00e9n\u00e8re quelque 30.000 journ\u00e9es de travail, d\u2019une valeur de l\u2019ordre de 2,4 millions DH.<br \/>Ce fruit est mis annuellement \u00e0 l\u2019honneur \u00e0 l\u2019occasion du festival des cerises de Sefrou, qui remonte \u00e0 1920 et a \u00e9t\u00e9 inscrit en 2012 par l\u2019Unesco sur la liste repr\u00e9sentative du patrimoine culturel immat\u00e9riel de l\u2019humanit\u00e9. Dans une d\u00e9claration \u00e0 la MAP, le directeur provincial de l\u2019agriculture \u00e0 Sefrou, Mohamed Mezzour, a mis en valeur l\u2019apport crucial du Plan Maroc Vert (PMV) au d\u00e9veloppement du secteur agricole au niveau de la province, particuli\u00e8rement pour la fili\u00e8re du cerisier \u00e0 travers la r\u00e9alisation de deux projets pilier II de l\u2019agriculture solidaire, avec un co\u00fbt global de 15 millions de DH.<\/p>\n<p>Ces projets, a-t-il indiqu\u00e9, consistent en la plantation de 100 ha de cerisier \u00e0 la commune rurale Laanoucer avec des vari\u00e9t\u00e9s import\u00e9es, l\u2019entretien de 220 ha de vergers de cerisiers et l\u2019am\u00e9lioration de leur rendement, des cessions de formation au profit des agricultrices et agriculteurs de cerisier et le renforcement des capacit\u00e9s des organisations professionnelles en petit mat\u00e9riel agricole, ainsi que l\u2019encadrement pour la commercialisation et le conditionnement et la qualit\u00e9 des cerises.<\/p>\n<p>Auteur: ALM<br \/>\n<a href=\"https:\/\/aujourdhui.ma\/economie\/sefrou-les-arboriculteurs-a-loeuvre-pour-la-cueillette-des-cerises\">Cliquez ici pour lire l&rsquo;article depuis sa source.<\/a><\/p>\n","protected":false},"excerpt":{"rendered":"<p>Connue pour sa verdure, sa fra\u00eecheur et ses cascades, la province de Sefrou est en pleine saison de cueillette des cerises, un fruit aux multiples vertus. Si les cerisiers poussaient autrefois naturellement et spontan\u00e9ment \u00e0 travers toute la province, ils font d\u00e9sormais partie int\u00e9grante des diff\u00e9rents plans de d\u00e9veloppement de l\u2019arboriculture locale.La production actuelle des [&hellip;]<\/p>\n","protected":false},"author":1759,"featured_media":90072,"comment_status":"closed","ping_status":"closed","sticky":false,"template":"","format":"standard","meta":{"fifu_image_url":"","fifu_image_alt":"","footnotes":""},"categories":[73,54],"tags":[],"class_list":["post-90071","post","type-post","status-publish","format-standard","has-post-thumbnail","hentry","category-actualite","category-maroc"],"_links":{"self":[{"href":"https:\/\/linitiative.ca\/International\/wp-json\/wp\/v2\/posts\/90071","targetHints":{"allow":["GET"]}}],"collection":[{"href":"https:\/\/linitiative.ca\/International\/wp-json\/wp\/v2\/posts"}],"about":[{"href":"https:\/\/linitiative.ca\/International\/wp-json\/wp\/v2\/types\/post"}],"author":[{"embeddable":true,"href":"https:\/\/linitiative.ca\/International\/wp-json\/wp\/v2\/users\/1759"}],"replies":[{"embeddable":true,"href":"https:\/\/linitiative.ca\/International\/wp-json\/wp\/v2\/comments?post=90071"}],"version-history":[{"count":0,"href":"https:\/\/linitiative.ca\/International\/wp-json\/wp\/v2\/posts\/90071\/revisions"}],"wp:featuredmedia":[{"embeddable":true,"href":"https:\/\/linitiative.ca\/International\/wp-json\/"}],"wp:attachment":[{"href":"https:\/\/linitiative.ca\/International\/wp-json\/wp\/v2\/media?parent=90071"}],"wp:term":[{"taxonomy":"category","embeddable":true,"href":"https:\/\/linitiative.ca\/International\/wp-json\/wp\/v2\/categories?post=90071"},{"taxonomy":"post_tag","embeddable":true,"href":"https:\/\/linitiative.ca\/International\/wp-json\/wp\/v2\/tags?post=90071"}],"curies":[{"name":"wp","href":"https:\/\/api.w.org\/{rel}","templated":true}]}}