{"id":90073,"date":"2020-06-25T10:00:28","date_gmt":"2020-06-25T14:00:28","guid":{"rendered":"https:\/\/linitiative.ca\/International\/je-campe-idir-un-kabyle-dans-le-film-belge-des-hommes\/"},"modified":"2020-06-25T10:00:28","modified_gmt":"2020-06-25T14:00:28","slug":"je-campe-idir-un-kabyle-dans-le-film-belge-des-hommes","status":"publish","type":"post","link":"https:\/\/linitiative.ca\/International\/je-campe-idir-un-kabyle-dans-le-film-belge-des-hommes\/","title":{"rendered":"Je campe \u00abIdir\u00bb, un Kabyle, dans  le film belge \u00abDes hommes\u00bb"},"content":{"rendered":"<p><img decoding=\"async\" class=\"post_layout_5_img\" src=\"http:\/\/aujourdhui.ma\/wp-content\/uploads\/2020\/06\/Ahmed-Hammoud.jpg\" alt=\"Je campe &#xAB;Idir&#xBB;, un Kabyle, dans le film belge &#xAB;Des hommes&#xBB;\"\/><\/p>\n<p><span class=\"c6\"><strong><span class=\"c5\">Entretien avec Ahmed Hammoud, acteur et metteur en sc\u00e8ne<\/span><\/strong><\/span><br \/><span id=\"more-348880\"\/><\/p>\n<p><span class=\"c7\">Ahmed Hammoud est l\u2019un des acteurs et metteurs en sc\u00e8ne confirm\u00e9s. Il est plus connu sur la sc\u00e8ne cin\u00e9mato-graphique \u00e9trang\u00e8re que marocaine. Il s\u2019est distingu\u00e9 d\u2019ailleurs dans le film international \u00abMimosas : La voie de l\u2019Atlas\u00bb d\u2019Oliver Laxe, en interpr\u00e9tant le r\u00f4le principal. L\u2019acteur qui joue aux c\u00f4t\u00e9s de G\u00e9rard Depardieu ou Jean Pierre Darroussin dans le film belge \u00abDes hommes\u00bb de Lucas Belvaux (retenu au festival de Cannes 2020), revient dans cet entretien sur son parcours, ses films marquants<\/span><br \/><span class=\"c7\">et ses projets.<\/span><\/p>\n<p><strong>ALM : Parlez-nous d\u2019abord de votre parcours\u2026<\/strong><\/p>\n<p><strong>Ahmed Hammoud :<\/strong> Je suis n\u00e9 \u00e0 Khemisset dans une famille nombreuse. Tout petit, j\u2019ai commenc\u00e9 \u00e0 faire du th\u00e9\u00e2tre \u00e0 l\u2019\u00e9cole dans le cadre des activit\u00e9s parascolaires. Au lyc\u00e9e, j\u2019ai pu participer avec les \u00e9tudiants \u00e0 un festival de th\u00e9\u00e2tre francophone en Roumanie et on a eu le grand prix. C\u2019\u00e9tait vraiment g\u00e9nial, car nous \u00e9tions le seul pays du sud de la M\u00e9diterran\u00e9e \u00e0 participer \u00e0 ce festival aux c\u00f4t\u00e9s des pays europ\u00e9ens et le Canada\u2026 Apr\u00e8s le lyc\u00e9e, j\u2019ai int\u00e9gr\u00e9 l\u2019Institut sup\u00e9rieur d\u2019art dramatique et d\u2019animation culturelle (ISADAC) dont j\u2019ignorais l\u2019existence \u00e0 l\u2019\u00e9poque. Je l\u2019ai d\u00e9couvert, d\u2019ailleurs, un jour par hasard en passant derri\u00e8re le Th\u00e9\u00e2tre Mohammed V et inconsciemment, je me suis retrouv\u00e9 en train de monter les marches jusqu\u2019au cinqui\u00e8me \u00e9tage. En dehors de l\u2019\u00e9cole, j\u2019ai particip\u00e9 \u00e0 un atelier parascolaire que nous avons initi\u00e9 entre \u00e9tudiants, mais aussi avec de jeunes acteurs. D\u2019ailleurs, ce fut le noyau de la compagnie Th\u00e9\u00e2tre Daha Wassa. Un th\u00e9\u00e2tre qui s\u2019investit dans la recherche plut\u00f4t que dans la production des spectacles\u2026.<\/p>\n<p><strong>Vous participez dans le film \u00abDes hommes\u00bb du cin\u00e9aste franco-belge Lucas Belvaux retenu \u00e0 la s\u00e9lection officielle du festival de Cannes 2020. Pouvez-vous nous en parler ainsi que de votre r\u00f4le ?<\/strong><\/p>\n<p>Le film est une adaptation du roman \u2018\u2019Des hommes\u2019\u2019 de Laurent Mauvignier. Il parle en effet de la guerre d\u2019Alg\u00e9rie sous un angle tr\u00e8s int\u00e9ressant : le tra\u00eetre est l\u2019h\u00e9ros dans l\u2019autre camp et vice-versa\u2026 il faut savoir que la situation coloniale en Alg\u00e9rie \u00e9tait tr\u00e8s tendue car il y avait beaucoup d\u2019Alg\u00e9riens (les harkis) qui croyaient profond\u00e9ment dans le projet colonial fran\u00e7ais qui rapporterait prosp\u00e9rit\u00e9 et modernisation, de l\u2019autre c\u00f4t\u00e9 les fellaga, des Alg\u00e9riens nationalistes qui proclament et revendiquent l\u2019identit\u00e9 arabo-amazigho-musulmane -si j\u2019ose dire- et bien \u00e9videmment l\u2019ind\u00e9pendance. Alors qui a raison ? Qui a tort? Au final, \u00e7a reste une question de points de vue. Mais la question revient sans cesse : Pourquoi tant de morts?\u2026 Je n\u2019en dirais pas plus, pour ne pas vous spoiler. Concernant mon r\u00f4le, je campe \u00abIdir\u00bb un harki kabyle tr\u00e8s doux, serviable et courtois. D\u2019ailleurs, je suis tomb\u00e9 amoureux de ce personnage. Je joue aux c\u00f4t\u00e9s de grands acteurs talentueux \u00e0 l\u2019instar de G\u00e9rard Depardieu, Jean Pierre Darroussin, Yoann Zimmer, Catherine Frot et Felix kysyl.<\/p>\n<p><a href=\"https:http:\/\/aujourdhui.ma\/wp-content\/uploads\/2020\/06\/Idir-dans-le-film-Des-hommes.jpg\"><img loading=\"lazy\" decoding=\"async\" class=\"size-full wp-image-348896 aligncenter\" src=\"http:\/\/aujourdhui.ma\/wp-content\/uploads\/2020\/06\/Idir-dans-le-film-Des-hommes.jpg\" alt=\"\" width=\"746\" height=\"380\" srcset=\"http:\/\/aujourdhui.ma\/wp-content\/uploads\/2020\/06\/Idir-dans-le-film-Des-hommes.jpg 746w, \/\/aujourdhui.ma\/wp-content\/uploads\/2020\/06\/Idir-dans-le-film-Des-hommes-300x153.jpg 300w, \/\/aujourdhui.ma\/wp-content\/uploads\/2020\/06\/Idir-dans-le-film-Des-hommes-274x140.jpg 274w, \/\/aujourdhui.ma\/wp-content\/uploads\/2020\/06\/Idir-dans-le-film-Des-hommes-165x84.jpg 165w, \/\/aujourdhui.ma\/wp-content\/uploads\/2020\/06\/Idir-dans-le-film-Des-hommes-702x358.jpg 702w\" sizes=\"auto, (max-width: 746px) 100vw, 746px\"\/><\/a><\/p>\n<p><strong>Comment s\u2019est fait le choix de ce r\u00f4le ?<\/strong><\/p>\n<p>On m\u2019a appel\u00e9 pour un casting, j\u2019ai pr\u00e9par\u00e9 mon texte, j\u2019y suis all\u00e9, j\u2019ai rencontr\u00e9 le r\u00e9alisateur Lucas, j\u2019ai fait quelques essais. J\u2019ai tout de suite senti que le courant passait entre nous, c\u2019est un grand metteur en sc\u00e8ne.<\/p>\n<p><strong>Vous avez particip\u00e9 dans plusieurs films marocains et notamment \u00e9trangers, quel film vous a profond\u00e9ment marqu\u00e9 ?<\/strong><\/p>\n<p>En r\u00e9alit\u00e9, j\u2019ai particip\u00e9 plus dans des films multinationaux que marocains. Je ne sais pas si on peut consid\u00e9rer \u201cMimosas : La voie de l\u2019Atlas\u2019\u2019 (dans lequel j\u2019interpr\u00e8te le r\u00f4le principal) comme un film marocain. Ceci n\u2019a pas \u00e9t\u00e9 accept\u00e9 au Festival national du film \u00e0 Tanger, car c\u2019est une production multinationale. Je participe aussi dans l\u2019autre film \u00abZanka Contact\u00bb de Ismael El Iraki qui est aussi une production belgo-franco-marocaine\u2026 Sinon, les autres films sont \u00e9trangers. Chaque film a son charme, et mon engagement est toujours le m\u00eame\u2026<\/p>\n<p><strong>Vous \u00eates metteur en sc\u00e8ne et vous dirigez la compagnie Daha -Wassa. Quels sont les projets de la troupe ?<\/strong><\/p>\n<p>Nous sommes toujours dans notre logique de travail et de recherche. On se voit presque tous les jours et on organise des s\u00e9ances de travail sous forme corporelle et vocale. Et si toutefois il y aura un spectacle dans un an ou deux \u00e7a sera l\u2019aboutissement de tout cela.<\/p>\n<p><strong>O\u00f9 vous sentez-vous le plus \u00e0 l\u2019aise, au cin\u00e9ma ou bien au th\u00e9\u00e2tre ?<\/strong><\/p>\n<p>Ce sont deux arts totalement diff\u00e9rents. Sauf que pour moi, la t\u00e2che de metteur en sc\u00e8ne que j\u2019ai au th\u00e9\u00e2tre n\u2019est pas la m\u00eame au cin\u00e9ma puisque je joue. Alors, je peux dire que le cin\u00e9ma est moins lourd pour le moment.<\/p>\n<p><strong>Selon vous, comment \u00e9volue le th\u00e9\u00e2tre au Maroc?<\/strong><\/p>\n<p>Je crois qu\u2019il y a un \u00e9norme potentiel, il faut \u00eatre \u00e0 la hauteur et en profiter\u2026.<\/p>\n<p><strong>Quels sont vos projets \u00e0 venir?<\/strong><\/p>\n<p>Pour le moment, j\u2019ai re\u00e7u deux propositions de sc\u00e9narios qui m\u2019ont beaucoup int\u00e9ress\u00e9, et d\u00e8s la fin du confinement, je passerai \u00e0 l\u2019action.<\/p>\n<p>Auteur: Siham Jadraoui<br \/>\n<a href=\"https:\/\/aujourdhui.ma\/culture\/cinema\/je-campe-idir-un-kabyle-dans-le-film-belge-des-hommes\">Cliquez ici pour lire l&rsquo;article depuis sa source.<\/a><\/p>\n","protected":false},"excerpt":{"rendered":"<p>Entretien avec Ahmed Hammoud, acteur et metteur en sc\u00e8ne Ahmed Hammoud est l\u2019un des acteurs et metteurs en sc\u00e8ne confirm\u00e9s. Il est plus connu sur la sc\u00e8ne cin\u00e9mato-graphique \u00e9trang\u00e8re que marocaine. Il s\u2019est distingu\u00e9 d\u2019ailleurs dans le film international \u00abMimosas : La voie de l\u2019Atlas\u00bb d\u2019Oliver Laxe, en interpr\u00e9tant le r\u00f4le principal. L\u2019acteur qui joue [&hellip;]<\/p>\n","protected":false},"author":1759,"featured_media":90074,"comment_status":"closed","ping_status":"closed","sticky":false,"template":"","format":"standard","meta":{"fifu_image_url":"","fifu_image_alt":"","footnotes":""},"categories":[73,54],"tags":[],"class_list":["post-90073","post","type-post","status-publish","format-standard","has-post-thumbnail","hentry","category-actualite","category-maroc"],"_links":{"self":[{"href":"https:\/\/linitiative.ca\/International\/wp-json\/wp\/v2\/posts\/90073","targetHints":{"allow":["GET"]}}],"collection":[{"href":"https:\/\/linitiative.ca\/International\/wp-json\/wp\/v2\/posts"}],"about":[{"href":"https:\/\/linitiative.ca\/International\/wp-json\/wp\/v2\/types\/post"}],"author":[{"embeddable":true,"href":"https:\/\/linitiative.ca\/International\/wp-json\/wp\/v2\/users\/1759"}],"replies":[{"embeddable":true,"href":"https:\/\/linitiative.ca\/International\/wp-json\/wp\/v2\/comments?post=90073"}],"version-history":[{"count":0,"href":"https:\/\/linitiative.ca\/International\/wp-json\/wp\/v2\/posts\/90073\/revisions"}],"wp:featuredmedia":[{"embeddable":true,"href":"https:\/\/linitiative.ca\/International\/wp-json\/"}],"wp:attachment":[{"href":"https:\/\/linitiative.ca\/International\/wp-json\/wp\/v2\/media?parent=90073"}],"wp:term":[{"taxonomy":"category","embeddable":true,"href":"https:\/\/linitiative.ca\/International\/wp-json\/wp\/v2\/categories?post=90073"},{"taxonomy":"post_tag","embeddable":true,"href":"https:\/\/linitiative.ca\/International\/wp-json\/wp\/v2\/tags?post=90073"}],"curies":[{"name":"wp","href":"https:\/\/api.w.org\/{rel}","templated":true}]}}