{"id":90075,"date":"2020-06-25T11:23:16","date_gmt":"2020-06-25T15:23:16","guid":{"rendered":"https:\/\/linitiative.ca\/International\/trafic-de-drogue-un-chauffeur-de-camion-interpelle-a-fes\/"},"modified":"2020-06-25T11:23:16","modified_gmt":"2020-06-25T15:23:16","slug":"trafic-de-drogue-un-chauffeur-de-camion-interpelle-a-fes","status":"publish","type":"post","link":"https:\/\/linitiative.ca\/International\/trafic-de-drogue-un-chauffeur-de-camion-interpelle-a-fes\/","title":{"rendered":"Trafic de drogue : Un chauffeur de camion interpell\u00e9 \u00e0 F\u00e8s"},"content":{"rendered":"<header>\n<\/header>\n<div class=\"entry-content clearfix\" readability=\"49\"><img decoding=\"async\" class=\"post_layout_5_img\" src=\"http:\/\/aujourdhui.ma\/wp-content\/uploads\/2020\/06\/Camion-Trafic-de-drogue-Police-DGSN-Fes.jpg\" alt=\"Trafic de drogue : Un chauffeur de camion interpell&#xE9; &#xE0; F&#xE8;s\"\/><\/p>\n<p><strong><span class=\"c5\">Les \u00e9l\u00e9ments du service pr\u00e9fectoral de la police judiciaire de la ville de F\u00e8s ont r\u00e9ussi, aux premi\u00e8res heures de mercredi et sur la base d\u2019informations pr\u00e9cises fournies par les services de la Direction g\u00e9n\u00e9rale de la surveillance du territoire (DGST), \u00e0 interpeller un chauffeur de camion de transport routier de marchandises, soup\u00e7onn\u00e9 d\u2019implication dans un r\u00e9seau criminel actif dans le trafic de drogue.<\/span><\/strong><br \/><span id=\"more-348909\"\/><\/p>\n<p>Le suspect, \u00e2g\u00e9 de 33 ans, a \u00e9t\u00e9 interpell\u00e9 \u00e0 bord d\u2019un camion immatricul\u00e9 au Maroc dans la commune rurale de \u00ab\u00a0Ghouazi\u00a0\u00bb situ\u00e9e entre Kariat Ba Mohamed et la ville de Jorf El Melha, a indiqu\u00e9 la Direction g\u00e9n\u00e9rale de la s\u00fbret\u00e9 nationale (DGSN) dans un communiqu\u00e9, relevant que les op\u00e9rations de fouille \u00e0 l\u2019int\u00e9rieur du camion ont abouti \u00e0 la saisie de 2 tonnes de haschisch, sous forme de 75 plaquettes dissimul\u00e9es dans une cargaison de foin, et d\u2019une somme d\u2019argent soup\u00e7onn\u00e9e d\u2019\u00eatre le produit de cette activit\u00e9 criminelle.<\/p>\n<\/div>\n<p>Auteur: ALM<br \/>\n<a href=\"https:\/\/aujourdhui.ma\/faits-divers\/trafic-de-drogue-un-chauffeur-de-camion-interpelle-a-fes\">Cliquez ici pour lire l&rsquo;article depuis sa source.<\/a><\/p>\n","protected":false},"excerpt":{"rendered":"<p>Les \u00e9l\u00e9ments du service pr\u00e9fectoral de la police judiciaire de la ville de F\u00e8s ont r\u00e9ussi, aux premi\u00e8res heures de mercredi et sur la base d\u2019informations pr\u00e9cises fournies par les services de la Direction g\u00e9n\u00e9rale de la surveillance du territoire (DGST), \u00e0 interpeller un chauffeur de camion de transport routier de marchandises, soup\u00e7onn\u00e9 d\u2019implication dans [&hellip;]<\/p>\n","protected":false},"author":1759,"featured_media":90076,"comment_status":"closed","ping_status":"closed","sticky":false,"template":"","format":"standard","meta":{"fifu_image_url":"","fifu_image_alt":"","footnotes":""},"categories":[73,54],"tags":[],"class_list":["post-90075","post","type-post","status-publish","format-standard","has-post-thumbnail","hentry","category-actualite","category-maroc"],"_links":{"self":[{"href":"https:\/\/linitiative.ca\/International\/wp-json\/wp\/v2\/posts\/90075","targetHints":{"allow":["GET"]}}],"collection":[{"href":"https:\/\/linitiative.ca\/International\/wp-json\/wp\/v2\/posts"}],"about":[{"href":"https:\/\/linitiative.ca\/International\/wp-json\/wp\/v2\/types\/post"}],"author":[{"embeddable":true,"href":"https:\/\/linitiative.ca\/International\/wp-json\/wp\/v2\/users\/1759"}],"replies":[{"embeddable":true,"href":"https:\/\/linitiative.ca\/International\/wp-json\/wp\/v2\/comments?post=90075"}],"version-history":[{"count":0,"href":"https:\/\/linitiative.ca\/International\/wp-json\/wp\/v2\/posts\/90075\/revisions"}],"wp:featuredmedia":[{"embeddable":true,"href":"https:\/\/linitiative.ca\/International\/wp-json\/"}],"wp:attachment":[{"href":"https:\/\/linitiative.ca\/International\/wp-json\/wp\/v2\/media?parent=90075"}],"wp:term":[{"taxonomy":"category","embeddable":true,"href":"https:\/\/linitiative.ca\/International\/wp-json\/wp\/v2\/categories?post=90075"},{"taxonomy":"post_tag","embeddable":true,"href":"https:\/\/linitiative.ca\/International\/wp-json\/wp\/v2\/tags?post=90075"}],"curies":[{"name":"wp","href":"https:\/\/api.w.org\/{rel}","templated":true}]}}