{"id":90083,"date":"2020-06-25T09:22:29","date_gmt":"2020-06-25T13:22:29","guid":{"rendered":"https:\/\/linitiative.ca\/International\/baisse-des-prix-du-petrole-la-stir-naura-pas-besoin-de-rallonge-financiere\/"},"modified":"2020-06-25T09:22:29","modified_gmt":"2020-06-25T13:22:29","slug":"baisse-des-prix-du-petrole-la-stir-naura-pas-besoin-de-rallonge-financiere","status":"publish","type":"post","link":"https:\/\/linitiative.ca\/International\/baisse-des-prix-du-petrole-la-stir-naura-pas-besoin-de-rallonge-financiere\/","title":{"rendered":"Baisse des prix du p\u00e9trole :  La STIR n\u2019aura pas besoin de rallonge financi\u00e8re"},"content":{"rendered":"<p>La Soci\u00e9t\u00e9 Tunisienne des Industries de Raffinage (STIR) ne demandera pas, en 2020, un appui financier pour couvrir la diff\u00e9rence entre les prix d\u2019achat sur les march\u00e9s internationaux et de vente sur le march\u00e9 local, selon le ministre de l\u2019Energie, des Mines et de la transition \u00e9nerg\u00e9tique, Mongi Marzouk.<\/p>\n<p>Dans sa r\u00e9ponse \u00e0 une question \u00e9crite adress\u00e9e (avril 2020) par le d\u00e9put\u00e9 Yassine Ayari concernant l\u2019impact de la baisse des prix du p\u00e9trole au niveau des march\u00e9s internationaux sur l\u2019\u00e9conomie nationale, il a ajout\u00e9 que la non demande d\u2019un appui financier par la soci\u00e9t\u00e9 r\u00e9duira la pression sur la finance publique.<\/p>\n<p>En effet, a-t-il expliqu\u00e9, une partie des d\u00e9penses de subvention des carburants sera orient\u00e9e vers le soutien de l\u2019effort national de lutte contre Covid-19.<\/p>\n<p>Il a fait savoir que le prix d\u2019\u00e9quilibre pour la STIR est estim\u00e9 \u00e0 41 dollars sur le reste de l\u2019ann\u00e9e (soit une moyenne de 37 dollars\/ le baril pour toute l\u2019ann\u00e9e 2020).<\/p>\n<p>A noter, STIR affronte des difficult\u00e9s financi\u00e8res, sachant que son d\u00e9ficit commercial est d\u00fb \u00e0 la diff\u00e9rence entre les prix d\u2019achat des produits p\u00e9troliers sur les march\u00e9s internationaux et celui de vente sur le march\u00e9 local.<\/p>\n<p>Ce d\u00e9ficit est couvert par une prime de subvention des hydrocarbures, d\u00e9termin\u00e9e par la loi de finances, sur la base des sc\u00e9narios retenus.<\/p>\n<p>La prime \u00e0 la STIR d\u2019assurer la continuit\u00e9 de l\u2019approvisionnement du march\u00e9 local en produits p\u00e9troliers et de couvrir les besoins de la consommation nationale enles quantit\u00e9s et la qualit\u00e9 requises, dans les d\u00e9lais pr\u00e9fix\u00e9s.<\/p>\n<p>Le d\u00e9ficit commercial est impact\u00e9 directement par l\u2019\u00e9volution des prix internationaux des produits p\u00e9troliers, le taux de change du dollar par rapport au dinar et le prix de livraison \u00e0 la raffinerie.<\/p>\n<p>Pour rappel les prix des carburants sont mensuellement ajust\u00e9s, en vertu de l\u2019arr\u00eat\u00e9 des ministres de l\u2019Energie, des Mines et de la Transition \u00e9nerg\u00e9tique et des Finances du 31 mars 2020.<\/p>\n<p>La valeur de l\u2019ajustement mensuel du prix de vente au public ne peut exc\u00e9der le taux de 1,5% du prix de vente en vigueur depuis le dernier ajustement, et ce \u00e0 la hausse ou \u00e0 la baisse \u00ab , selon le m\u00eame arr\u00eat\u00e9.<\/p>\n<p>Le minist\u00e8re a fait remarquer, dans sa r\u00e9ponse au d\u00e9put\u00e9, publi\u00e9e sur son site \u00e9lectronique, que la baisse des prix du p\u00e9trole est une occasion pour les pays consommateurs de r\u00e9duire leurs charges financi\u00e8res et \u00e9conomiques, dont la Tunisie, qui enregistre un d\u00e9ficit \u00e9nerg\u00e9tique de plus de 75%.<\/p>\n<p>Bien que les membres de l\u2019OPEP (Organisation des Pays Exportateurs du P\u00e9trole) ont convenu de r\u00e9duire la production de 9,7 millions de barils par jour \u00e0 partir du mois de mai, le niveau des prix du p\u00e9trole devraient rester plus bas, durant le reste de cette ann\u00e9e, en raison de la crise de la pand\u00e9mie Covid-19 qui a entra\u00een\u00e9 une baisse importante de la demande mondiale et un exc\u00e8dent de stocks.<\/p>\n<p>Selon le m\u00eame document, la baisse des prix du p\u00e9trole \u00e0 l\u2019\u00e9chelle mondiale, les r\u00e9percussions du confinement sanitaire g\u00e9n\u00e9ral, la fermeture des fronti\u00e8res terrestres, maritimes et a\u00e9riennes ont eu un impact n\u00e9gatif direct sur les activit\u00e9s d\u2019exploration, de recherche, de d\u00e9veloppement et de la production, vu que la plupart des entreprises ont contact\u00e9 l\u2019autorit\u00e9 concern\u00e9e au sujet du report des programmes d\u2019investissement de l\u2019exercice 2020.<\/p>\n<p>Des probl\u00e8mes au niveau de la production et de la commercialisation sont pr\u00e9visibles vu qu\u2019un certain nombre de soci\u00e9t\u00e9s ont demand\u00e9 la vente de leur part de production de carburants sur le march\u00e9 local.<\/p>\n<p>Cette question peut poser des probl\u00e8mes au niveau de la liquidit\u00e9 de l\u2019Etat et des capacit\u00e9s actuelles de stockage, ajoute encore le ministre.<\/p>\n<p>A noter que les prix du p\u00e9trole ont connu, selon l\u2019Agence Internationale de l\u2019Energie (AIE), plusieurs changements dans les prix du p\u00e9trole brut et des produits p\u00e9troliers raffin\u00e9s dont l\u2019essence, le gasoil et le p\u00e9trole, au cours de la p\u00e9riode allant de d\u00e9cembre 2019 \u00e0 mai 2020.<\/p>\n<div class=\"wp-post-author-wrap wp-post-author-shortcode left\">\n<h3 class=\"awpa-title\"\/>\n<div class=\"wp-post-author\">\n<div class=\"awpa-img awpa-author-block square\"><a href=\"http:\/\/lexpertjournal.net\/fr\/?author=5\"><img loading=\"lazy\" decoding=\"async\" alt=\"\" src=\"http:\/\/0.gravatar.com\/avatar\/97f8e10a1c1125ba104a76514ee07b16?s=150&amp;d=mm&amp;r=g\" srcset=\"http:\/\/0.gravatar.com\/avatar\/97f8e10a1c1125ba104a76514ee07b16?s=300&amp;d=mm&amp;r=g 2x\" class=\"avatar avatar-150 photo\" height=\"150\" width=\"150\"\/><\/a><\/div>\n<\/div>\n<\/div>\n<aside class=\"mashsb-container mashsb-main mashsb-stretched\">\n<\/aside>\n<p>Auteur: L&rsquo;expert<br \/>\n<a href=\"http:\/\/lexpertjournal.net\/fr\/?p=15463\">Cliquez ici pour lire l&rsquo;article depuis sa source.<\/a><\/p>\n","protected":false},"excerpt":{"rendered":"<p>La Soci\u00e9t\u00e9 Tunisienne des Industries de Raffinage (STIR) ne demandera pas, en 2020, un appui financier pour couvrir la diff\u00e9rence entre les prix d\u2019achat sur les march\u00e9s internationaux et de vente sur le march\u00e9 local, selon le ministre de l\u2019Energie, des Mines et de la transition \u00e9nerg\u00e9tique, Mongi Marzouk. Dans sa r\u00e9ponse \u00e0 une question [&hellip;]<\/p>\n","protected":false},"author":1775,"featured_media":0,"comment_status":"closed","ping_status":"closed","sticky":false,"template":"","format":"standard","meta":{"fifu_image_url":"","fifu_image_alt":"","footnotes":""},"categories":[78,55],"tags":[],"class_list":["post-90083","post","type-post","status-publish","format-standard","hentry","category-economie","category-tunisie"],"_links":{"self":[{"href":"https:\/\/linitiative.ca\/International\/wp-json\/wp\/v2\/posts\/90083","targetHints":{"allow":["GET"]}}],"collection":[{"href":"https:\/\/linitiative.ca\/International\/wp-json\/wp\/v2\/posts"}],"about":[{"href":"https:\/\/linitiative.ca\/International\/wp-json\/wp\/v2\/types\/post"}],"author":[{"embeddable":true,"href":"https:\/\/linitiative.ca\/International\/wp-json\/wp\/v2\/users\/1775"}],"replies":[{"embeddable":true,"href":"https:\/\/linitiative.ca\/International\/wp-json\/wp\/v2\/comments?post=90083"}],"version-history":[{"count":0,"href":"https:\/\/linitiative.ca\/International\/wp-json\/wp\/v2\/posts\/90083\/revisions"}],"wp:attachment":[{"href":"https:\/\/linitiative.ca\/International\/wp-json\/wp\/v2\/media?parent=90083"}],"wp:term":[{"taxonomy":"category","embeddable":true,"href":"https:\/\/linitiative.ca\/International\/wp-json\/wp\/v2\/categories?post=90083"},{"taxonomy":"post_tag","embeddable":true,"href":"https:\/\/linitiative.ca\/International\/wp-json\/wp\/v2\/tags?post=90083"}],"curies":[{"name":"wp","href":"https:\/\/api.w.org\/{rel}","templated":true}]}}