{"id":90084,"date":"2020-06-25T09:23:59","date_gmt":"2020-06-25T13:23:59","guid":{"rendered":"https:\/\/linitiative.ca\/International\/saison-estivale-et-lutte-contre-le-covid-19-des-mesures-dentree-selon-les-specificites-de-la-provenance-des-visiteurs\/"},"modified":"2020-06-25T09:23:59","modified_gmt":"2020-06-25T13:23:59","slug":"saison-estivale-et-lutte-contre-le-covid-19-des-mesures-dentree-selon-les-specificites-de-la-provenance-des-visiteurs","status":"publish","type":"post","link":"https:\/\/linitiative.ca\/International\/saison-estivale-et-lutte-contre-le-covid-19-des-mesures-dentree-selon-les-specificites-de-la-provenance-des-visiteurs\/","title":{"rendered":"Saison estivale et lutte contre le Covid-19 : Des mesures d\u2019entr\u00e9e selon les sp\u00e9cificit\u00e9s de la provenance des visiteurs"},"content":{"rendered":"<p>La Pr\u00e9sidence du gouvernement a annonc\u00e9, mercredi, de nouvelles mesures d\u2019entr\u00e9e des arrivants en Tunisie qui d\u00e9pendent de la situation \u00e9pid\u00e9miologique des pays de r\u00e9sidence, et ce dans le cadre de la poursuite des efforts de lutte contre la propagation du Coronavirus et les pr\u00e9paratifs en pr\u00e9vision de l\u2019ouverture des fronti\u00e8res terrestres, maritimes et a\u00e9riennes, \u00e0 partir du samedi.<\/p>\n<p>La Pr\u00e9sidence du gouvernement a class\u00e9 les pays en trois groupes distincts. Le premier regroupe les pays \u00e0 faible pr\u00e9valence \u00e9pid\u00e9mique, le deuxi\u00e8me comprend les pays \u00e0 propagation \u00e9pid\u00e9mique moyenne, tandis que le troisi\u00e8me est constitu\u00e9 des pays caract\u00e9ris\u00e9s par une propagation \u00e9lev\u00e9e du virus. La Pr\u00e9sidence du gouvernement a d\u00e9cid\u00e9 que les voyageurs en provenance du premier groupe de pays, ne seront pas soumis \u00e0 des mesures pr\u00e9ventives sp\u00e9cifiques. Tandis que les arrivants en provenance du deuxi\u00e8me groupe de pays o\u00f9 la propagation du virus est moyenne, ils devront pr\u00e9senter un test de d\u00e9pistage (RT-PCR), effectu\u00e9 avant 72 heures, et ne d\u00e9passant pas les 120 heures, \u00e0 l\u2019arriv\u00e9e en Tunisie.<\/p>\n<p>Pour les voyageurs en provenance de ces deux groupes de pays, (Tunisiens ou touristes) qui souhaitent s\u00e9journer dans un h\u00f4tel, la Pr\u00e9sidence du gouvernement a soulign\u00e9 la n\u00e9cessit\u00e9 de se rendre \u00e0 l\u2019h\u00f4tel \u00e0 bord de bus touristiques qui respectent les dispositions du protocole sanitaire du tourisme tunisien, en groupes encadr\u00e9s. Ces groupes seront soumis aux exigences de la \u00ab r\u00e9sidence encadr\u00e9e \u00bb dans les h\u00f4tels, et sont appel\u00e9s \u00e0 respecter le protocole sanitaire du tourisme tunisien.<\/p>\n<p>Les groupes encadr\u00e9s de touristes et les r\u00e9sidents dans les h\u00f4tels sont autoris\u00e9s \u00e0 visiter les mus\u00e9es, monuments et sites arch\u00e9ologiques touristiques tout en respectant le protocole de sant\u00e9 de chaque site, selon le communiqu\u00e9. La m\u00eame source indique que les arrivants souhaitant quitter la r\u00e9sidence encadr\u00e9e, peuvent effectuer, \u00e0 leurs frais, une analyse RT-PCR \u00e0 la demande de la personne concern\u00e9e ou \u00e0 la demande du pays de r\u00e9sidence, \u00e0 partir du sixi\u00e8me jour de la date d\u2019entr\u00e9e en Tunisie.<\/p>\n<p>Les Tunisiens r\u00e9sidant \u00e0 l\u2019\u00e9tranger ou les \u00e9trangers en provenance de pays du troisi\u00e8me groupe qui disposent d\u2019un lieu de r\u00e9sidence en Tunisie, seront dans l\u2019obligation de s\u2019engager par \u00e9crit \u00e0 un auto-isolement de 14 jours et de recourir \u00e0 une autre analyse de laboratoire si les sympt\u00f4mes de la maladie apparaissent. L\u2019analyse RT-PCR est effectu\u00e9e \u00e0 la demande de la personne concern\u00e9e si elle souhaite quitter l\u2019auto-quarantaine, \u00e0 ses frais, et \u00e0 partir du sixi\u00e8me jour de son entr\u00e9e en Tunisie.<\/p>\n<p>Pour le troisi\u00e8me groupe de pays, \u00e0 haute pr\u00e9valence \u00e9pid\u00e9mique, l\u2019ouverture des fronti\u00e8res sera limit\u00e9e aux Tunisiens r\u00e9sidant dans ces pays, \u00e0 condition de pr\u00e9senter une analyse de laboratoire (RT PCR) effectu\u00e9e 72 heures avant l\u2019arriv\u00e9e en Tunisie, et \u00e0 condition que la date de r\u00e9alisation de l\u2019analyse ne d\u00e9passe pas les 120 heures \u00e0 l\u2019arriv\u00e9e, avec la n\u00e9cessit\u00e9 d\u2019observer une quarantaine obligatoire pour une p\u00e9riode de 7 jours aux frais de la personne concern\u00e9e. Il est question, aussi, de se soumettre \u00e0 une autre analyse de laboratoire aux frais de l\u2019Etat tout en s\u2019engageant \u00e0 observer une p\u00e9riode d\u2019auto-quarantaine de 7 jours suppl\u00e9mentaires, apr\u00e8s cette analyse.<\/p>\n<p>La Pr\u00e9sidence du gouvernement a indiqu\u00e9 que les voyageurs qui vont se rendre en Tunisie seront appel\u00e9s \u00e0 remplir un formulaire des donn\u00e9es sanitaires avant de quitter l\u2019a\u00e9roport, le port ou le poste frontalier du pays de r\u00e9sidence, pr\u00e9cisant que cette proc\u00e9dure pourrait \u00eatre effectu\u00e9e par voie \u00e9lectronique.<\/p>\n<p>L\u2019Observatoire national des maladies nouvelles et \u00e9mergentes d\u00e9terminera la situation \u00e9pid\u00e9miologique des diff\u00e9rents pays qui ont mis fin \u00e0 la p\u00e9riode de confinement g\u00e9n\u00e9ral et annonc\u00e9 l\u2019ouverture de leurs fronti\u00e8res, sur la base de crit\u00e8res scientifiques et \u00e9pid\u00e9miologiques convenus sur le plan international. Ces informations seront publi\u00e9es en ligne d\u2019une mani\u00e8re actualis\u00e9e sur le site officiel du minist\u00e8re de la Sant\u00e9 (santetunisie.rns.tn).<\/p>\n<div class=\"wp-post-author-wrap wp-post-author-shortcode left\">\n<h3 class=\"awpa-title\"\/>\n<div class=\"wp-post-author\">\n<div class=\"awpa-img awpa-author-block square\"><a href=\"http:\/\/lexpertjournal.net\/fr\/?author=5\"><img loading=\"lazy\" decoding=\"async\" alt=\"\" src=\"http:\/\/0.gravatar.com\/avatar\/97f8e10a1c1125ba104a76514ee07b16?s=150&amp;d=mm&amp;r=g\" srcset=\"http:\/\/0.gravatar.com\/avatar\/97f8e10a1c1125ba104a76514ee07b16?s=300&amp;d=mm&amp;r=g 2x\" class=\"avatar avatar-150 photo\" height=\"150\" width=\"150\"\/><\/a><\/div>\n<\/div>\n<\/div>\n<aside class=\"mashsb-container mashsb-main mashsb-stretched\">\n<\/aside>\n<p>Auteur: L&rsquo;expert<br \/>\n<a href=\"http:\/\/lexpertjournal.net\/fr\/?p=15466\">Cliquez ici pour lire l&rsquo;article depuis sa source.<\/a><\/p>\n","protected":false},"excerpt":{"rendered":"<p>La Pr\u00e9sidence du gouvernement a annonc\u00e9, mercredi, de nouvelles mesures d\u2019entr\u00e9e des arrivants en Tunisie qui d\u00e9pendent de la situation \u00e9pid\u00e9miologique des pays de r\u00e9sidence, et ce dans le cadre de la poursuite des efforts de lutte contre la propagation du Coronavirus et les pr\u00e9paratifs en pr\u00e9vision de l\u2019ouverture des fronti\u00e8res terrestres, maritimes et a\u00e9riennes, [&hellip;]<\/p>\n","protected":false},"author":1775,"featured_media":0,"comment_status":"closed","ping_status":"closed","sticky":false,"template":"","format":"standard","meta":{"fifu_image_url":"","fifu_image_alt":"","footnotes":""},"categories":[78,55],"tags":[],"class_list":["post-90084","post","type-post","status-publish","format-standard","hentry","category-economie","category-tunisie"],"_links":{"self":[{"href":"https:\/\/linitiative.ca\/International\/wp-json\/wp\/v2\/posts\/90084","targetHints":{"allow":["GET"]}}],"collection":[{"href":"https:\/\/linitiative.ca\/International\/wp-json\/wp\/v2\/posts"}],"about":[{"href":"https:\/\/linitiative.ca\/International\/wp-json\/wp\/v2\/types\/post"}],"author":[{"embeddable":true,"href":"https:\/\/linitiative.ca\/International\/wp-json\/wp\/v2\/users\/1775"}],"replies":[{"embeddable":true,"href":"https:\/\/linitiative.ca\/International\/wp-json\/wp\/v2\/comments?post=90084"}],"version-history":[{"count":0,"href":"https:\/\/linitiative.ca\/International\/wp-json\/wp\/v2\/posts\/90084\/revisions"}],"wp:attachment":[{"href":"https:\/\/linitiative.ca\/International\/wp-json\/wp\/v2\/media?parent=90084"}],"wp:term":[{"taxonomy":"category","embeddable":true,"href":"https:\/\/linitiative.ca\/International\/wp-json\/wp\/v2\/categories?post=90084"},{"taxonomy":"post_tag","embeddable":true,"href":"https:\/\/linitiative.ca\/International\/wp-json\/wp\/v2\/tags?post=90084"}],"curies":[{"name":"wp","href":"https:\/\/api.w.org\/{rel}","templated":true}]}}