{"id":90086,"date":"2020-06-25T09:27:09","date_gmt":"2020-06-25T13:27:09","guid":{"rendered":"https:\/\/linitiative.ca\/International\/loi-de-finances-complementaire-pour-2020-pas-de-mesures-fiscales-ni-baisse-de-salaires\/"},"modified":"2020-06-25T09:27:09","modified_gmt":"2020-06-25T13:27:09","slug":"loi-de-finances-complementaire-pour-2020-pas-de-mesures-fiscales-ni-baisse-de-salaires","status":"publish","type":"post","link":"https:\/\/linitiative.ca\/International\/loi-de-finances-complementaire-pour-2020-pas-de-mesures-fiscales-ni-baisse-de-salaires\/","title":{"rendered":"Loi de finances compl\u00e9mentaire pour 2020  Pas de mesures fiscales ni baisse de salaires"},"content":{"rendered":"<p>Le projet de loi des finances compl\u00e9mentaire (LFC) pour l\u2019ann\u00e9e 2020 ne comprend pas de nouvelles mesures d\u2019imp\u00f4ts inflig\u00e9es aux entreprises \u00e9conomiques et aux salari\u00e9s, selon le ministre des Domaines de l\u2019Etat et des Affaires fonci\u00e8res, Ghazi Chaouachi, qui a d\u00e9menti toute information sur la r\u00e9duction des salaires au moment de la crise sanitaire que traverse actuellement le pays.<\/p>\n<p>D\u2019apr\u00e8s lui, le chef du gouvernement Ely\u00e8s Fakhfakh va d\u00e9voiler demain jeudi \u00e0 l\u2019Assembl\u00e9e des repr\u00e9sentants du peuple (ARP) la situation \u00e9conomique difficile et la r\u00e9alit\u00e9 des finances publiques, en m\u00eame temps, il va pr\u00e9senter un ensemble de mesures et nouvelles proc\u00e9dures en rapport avec le projet de la LFC pour l\u2019ann\u00e9e 2020 ainsi que le prochain projet de loi des finances pour l\u2019ann\u00e9e 2021.<\/p>\n<p>Il a affirm\u00e9 que la Tunisie est parvenue gr\u00e2ce \u00e0 des mesures restrictives \u00e0 r\u00e9duire le nombre de cas touch\u00e9s par cette pand\u00e9mie en comparaison avec d\u2019autres pays qui souffrent encore de cette crise sanitaire.<\/p>\n<p>Chaouachi estime que le nouveau gouvernement qui a pris ses fonctions officiellement le 28 f\u00e9vrier 2020 apr\u00e8s avoir obtenu la confiance du parlement avec 129 voix, se trouve dans l\u2019obligation de se concentrer sur une crise sanitaire mondiale, en adoptant un ensemble de mesures pour r\u00e9sorber les effets \u00e9conomiques et sociaux de la pand\u00e9mie covid-19.<\/p>\n<p>Il est pr\u00e9vu que la Tunisie enregistre \u00e0 la fin de cette ann\u00e9e un taux de croissance n\u00e9gative aux alentours de 4, 4%, alors que la loi de finances pour l\u2019ann\u00e9e 2020, pr\u00e9voit une croissance positive de 2,7%.<\/p>\n<div class=\"wp-post-author-wrap wp-post-author-shortcode left\">\n<h3 class=\"awpa-title\"\/>\n<div class=\"wp-post-author\">\n<div class=\"awpa-img awpa-author-block square\"><a href=\"http:\/\/lexpertjournal.net\/fr\/?author=5\"><img loading=\"lazy\" decoding=\"async\" alt=\"\" src=\"http:\/\/0.gravatar.com\/avatar\/97f8e10a1c1125ba104a76514ee07b16?s=150&amp;d=mm&amp;r=g\" srcset=\"http:\/\/0.gravatar.com\/avatar\/97f8e10a1c1125ba104a76514ee07b16?s=300&amp;d=mm&amp;r=g 2x\" class=\"avatar avatar-150 photo\" height=\"150\" width=\"150\"\/><\/a><\/div>\n<\/div>\n<\/div>\n<aside class=\"mashsb-container mashsb-main mashsb-stretched\">\n<\/aside>\n<p>Auteur: L&rsquo;expert<br \/>\n<a href=\"http:\/\/lexpertjournal.net\/fr\/?p=15472\">Cliquez ici pour lire l&rsquo;article depuis sa source.<\/a><\/p>\n","protected":false},"excerpt":{"rendered":"<p>Le projet de loi des finances compl\u00e9mentaire (LFC) pour l\u2019ann\u00e9e 2020 ne comprend pas de nouvelles mesures d\u2019imp\u00f4ts inflig\u00e9es aux entreprises \u00e9conomiques et aux salari\u00e9s, selon le ministre des Domaines de l\u2019Etat et des Affaires fonci\u00e8res, Ghazi Chaouachi, qui a d\u00e9menti toute information sur la r\u00e9duction des salaires au moment de la crise sanitaire que [&hellip;]<\/p>\n","protected":false},"author":1775,"featured_media":0,"comment_status":"closed","ping_status":"closed","sticky":false,"template":"","format":"standard","meta":{"fifu_image_url":"","fifu_image_alt":"","footnotes":""},"categories":[78,55],"tags":[],"class_list":["post-90086","post","type-post","status-publish","format-standard","hentry","category-economie","category-tunisie"],"_links":{"self":[{"href":"https:\/\/linitiative.ca\/International\/wp-json\/wp\/v2\/posts\/90086","targetHints":{"allow":["GET"]}}],"collection":[{"href":"https:\/\/linitiative.ca\/International\/wp-json\/wp\/v2\/posts"}],"about":[{"href":"https:\/\/linitiative.ca\/International\/wp-json\/wp\/v2\/types\/post"}],"author":[{"embeddable":true,"href":"https:\/\/linitiative.ca\/International\/wp-json\/wp\/v2\/users\/1775"}],"replies":[{"embeddable":true,"href":"https:\/\/linitiative.ca\/International\/wp-json\/wp\/v2\/comments?post=90086"}],"version-history":[{"count":0,"href":"https:\/\/linitiative.ca\/International\/wp-json\/wp\/v2\/posts\/90086\/revisions"}],"wp:attachment":[{"href":"https:\/\/linitiative.ca\/International\/wp-json\/wp\/v2\/media?parent=90086"}],"wp:term":[{"taxonomy":"category","embeddable":true,"href":"https:\/\/linitiative.ca\/International\/wp-json\/wp\/v2\/categories?post=90086"},{"taxonomy":"post_tag","embeddable":true,"href":"https:\/\/linitiative.ca\/International\/wp-json\/wp\/v2\/tags?post=90086"}],"curies":[{"name":"wp","href":"https:\/\/api.w.org\/{rel}","templated":true}]}}