{"id":90087,"date":"2020-06-25T09:29:19","date_gmt":"2020-06-25T13:29:19","guid":{"rendered":"https:\/\/linitiative.ca\/International\/energies-renouvelables-dans-lagriculture-allocations-financieres-au-profit-de-10-jeunes-promoteurs-diplomes-du-superieur\/"},"modified":"2020-06-25T09:29:19","modified_gmt":"2020-06-25T13:29:19","slug":"energies-renouvelables-dans-lagriculture-allocations-financieres-au-profit-de-10-jeunes-promoteurs-diplomes-du-superieur","status":"publish","type":"post","link":"https:\/\/linitiative.ca\/International\/energies-renouvelables-dans-lagriculture-allocations-financieres-au-profit-de-10-jeunes-promoteurs-diplomes-du-superieur\/","title":{"rendered":"Energies renouvelables dans l\u2019agriculture :  Allocations financi\u00e8res au profit de 10 jeunes promoteurs dipl\u00f4m\u00e9s du sup\u00e9rieur"},"content":{"rendered":"<p>Le ministre de l\u2019agriculture, de la p\u00eache et des ressources hydrauliques, Oussama Kh\u00e9riji, a pr\u00e9sid\u00e9 mercredi une c\u00e9r\u00e9monie de distribution d\u2019allocations financi\u00e8res au profit de 10 jeunes promoteurs dipl\u00f4m\u00e9s du sup\u00e9rieur, dans le cadre du projet \u00ab REFAT \u00bb pour le d\u00e9veloppement des \u00e9nergies renouvelables dans les secteurs agricole et rural dans les gouvernorats de Gafsa, Sidi Bouzid, Kasserine, Kairouan et Sousse.<\/p>\n<p>Le ministre a indiqu\u00e9 que le d\u00e9partement a mis\u00e9 sur le d\u00e9veloppement des \u00e9nergies renouvelables pour contribuer aux efforts d\u00e9ploy\u00e9s \u00e0 l\u2019\u00e9chelle internationale en vue de r\u00e9duire les \u00e9missions de gaz \u00e0 effet de serre, contribuer aux efforts nationaux pour limiter l\u2019utilisation de l\u2019\u00e9nergie fossile et introduire des incitations pour une production et une consommation plus \u00e9quitables dans l\u2019usage de l\u2019\u00e9nergie au profit des petits agriculteurs outre le d\u00e9veloppement des m\u00e9tiers verts.<\/p>\n<p>Kh\u00e9riji a indiqu\u00e9 que dans le cadre du partenariat et de la coop\u00e9ration technique entre le minist\u00e8re tunisien de l\u2019agriculture et le d\u00e9partement italien de l\u2019environnement, de la terre et de la mer, un projet de collaboration a \u00e9t\u00e9 \u00e9labor\u00e9 en vue de r\u00e9duire l\u2019utilisation de l\u2019eau de mer en tant que source classique d\u2019\u00e9nergie. Il vise, aussi, \u00e0 garantir l\u2019efficacit\u00e9 socio-\u00e9conomique et environnementale pour les petits agriculteurs tunisiens et fournir des opportunit\u00e9s d\u2019emploi en faveur des jeunes dans les r\u00e9gions rurales surtout ceux dipl\u00f4m\u00e9s du sup\u00e9rieur (ing\u00e9nieurs et techniciens) en plus de r\u00e9duire les \u00e9missions de gaz \u00e0 effet de serre..<\/p>\n<p>Le ministre a estim\u00e9 que ce projet avant-gardiste constitue un point de d\u00e9part pour une s\u00e9rie de mesures portant sur le renforcement de l\u2019\u00e9nergie renouvelable dans le secteur agricole en Tunisie surtout dans les r\u00e9gions prioritaires (Kasserine, Gafsa, Sidi Bouzid, Kairouan, Sousse).<\/p>\n<p>Le projet REFAT, qui a \u00e9t\u00e9 lanc\u00e9 dans le cadre de la coop\u00e9ration bilat\u00e9rale italo-tunisienne, vise \u00e0 diffuser les syst\u00e8mes de pompage en utilisant l\u2019\u00e9nergie renouvelable (photovolta\u00efque, \u00e9olienne, hybride), dans le domaine de l\u2019agriculture d\u2019irrigation et le renforcement du dessalement de l\u2019eau de mer en utilisant l\u2019\u00e9nergie solaire par les petits \u00e9leveurs. L\u2019ambition est celle de d\u00e9velopper un programme de perfectionnement et de renforcer les capacit\u00e9s d\u2019utilisation de l\u2019\u00e9nergie renouvelable dans le secteur agricole par les jeunes dipl\u00f4m\u00e9s ainsi que pour les r\u00e9gions actives dans le domaine de l\u2019agriculture.<\/p>\n<p>Le projet soutiendra aussi la diffusion de syst\u00e8mes solaires pour l\u2019irrigation et la production d\u2019eau potable (traitement de l\u2019eau par des processus de dessalement et de phyto-d\u00e9puration).<\/p>\n<p>Les estimations du projet indiquent une r\u00e9duction des \u00e9missions de 136 ktCO2 par an gr\u00e2ce \u00e0 l\u2019adoption de pratiques d\u2019irrigation durables et de 856 ktCO2 par an dans le cadre des activit\u00e9s de traitement de l\u2019eau.<\/p>\n<div class=\"wp-post-author-wrap wp-post-author-shortcode left\">\n<h3 class=\"awpa-title\"\/>\n<div class=\"wp-post-author\">\n<div class=\"awpa-img awpa-author-block square\"><a href=\"http:\/\/lexpertjournal.net\/fr\/?author=5\"><img loading=\"lazy\" decoding=\"async\" alt=\"\" src=\"http:\/\/0.gravatar.com\/avatar\/97f8e10a1c1125ba104a76514ee07b16?s=150&amp;d=mm&amp;r=g\" srcset=\"http:\/\/0.gravatar.com\/avatar\/97f8e10a1c1125ba104a76514ee07b16?s=300&amp;d=mm&amp;r=g 2x\" class=\"avatar avatar-150 photo\" height=\"150\" width=\"150\"\/><\/a><\/div>\n<\/div>\n<\/div>\n<aside class=\"mashsb-container mashsb-main mashsb-stretched\">\n<\/aside>\n<p>Auteur: L&rsquo;expert<br \/>\n<a href=\"http:\/\/lexpertjournal.net\/fr\/?p=15475\">Cliquez ici pour lire l&rsquo;article depuis sa source.<\/a><\/p>\n","protected":false},"excerpt":{"rendered":"<p>Le ministre de l\u2019agriculture, de la p\u00eache et des ressources hydrauliques, Oussama Kh\u00e9riji, a pr\u00e9sid\u00e9 mercredi une c\u00e9r\u00e9monie de distribution d\u2019allocations financi\u00e8res au profit de 10 jeunes promoteurs dipl\u00f4m\u00e9s du sup\u00e9rieur, dans le cadre du projet \u00ab REFAT \u00bb pour le d\u00e9veloppement des \u00e9nergies renouvelables dans les secteurs agricole et rural dans les gouvernorats de [&hellip;]<\/p>\n","protected":false},"author":1775,"featured_media":0,"comment_status":"closed","ping_status":"closed","sticky":false,"template":"","format":"standard","meta":{"fifu_image_url":"","fifu_image_alt":"","footnotes":""},"categories":[78,55],"tags":[],"class_list":["post-90087","post","type-post","status-publish","format-standard","hentry","category-economie","category-tunisie"],"_links":{"self":[{"href":"https:\/\/linitiative.ca\/International\/wp-json\/wp\/v2\/posts\/90087","targetHints":{"allow":["GET"]}}],"collection":[{"href":"https:\/\/linitiative.ca\/International\/wp-json\/wp\/v2\/posts"}],"about":[{"href":"https:\/\/linitiative.ca\/International\/wp-json\/wp\/v2\/types\/post"}],"author":[{"embeddable":true,"href":"https:\/\/linitiative.ca\/International\/wp-json\/wp\/v2\/users\/1775"}],"replies":[{"embeddable":true,"href":"https:\/\/linitiative.ca\/International\/wp-json\/wp\/v2\/comments?post=90087"}],"version-history":[{"count":0,"href":"https:\/\/linitiative.ca\/International\/wp-json\/wp\/v2\/posts\/90087\/revisions"}],"wp:attachment":[{"href":"https:\/\/linitiative.ca\/International\/wp-json\/wp\/v2\/media?parent=90087"}],"wp:term":[{"taxonomy":"category","embeddable":true,"href":"https:\/\/linitiative.ca\/International\/wp-json\/wp\/v2\/categories?post=90087"},{"taxonomy":"post_tag","embeddable":true,"href":"https:\/\/linitiative.ca\/International\/wp-json\/wp\/v2\/tags?post=90087"}],"curies":[{"name":"wp","href":"https:\/\/api.w.org\/{rel}","templated":true}]}}