{"id":90090,"date":"2020-06-25T13:28:25","date_gmt":"2020-06-25T17:28:25","guid":{"rendered":"https:\/\/linitiative.ca\/International\/chu-lunite-de-reanimation-covid-19-independante-du-bloc-operatoire\/"},"modified":"2020-06-25T13:28:25","modified_gmt":"2020-06-25T17:28:25","slug":"chu-lunite-de-reanimation-covid-19-independante-du-bloc-operatoire","status":"publish","type":"post","link":"https:\/\/linitiative.ca\/International\/chu-lunite-de-reanimation-covid-19-independante-du-bloc-operatoire\/","title":{"rendered":"CHU: L\u2019unit\u00e9 de r\u00e9animation Covid-19 ind\u00e9pendante du bloc op\u00e9ratoire"},"content":{"rendered":"<div class=\"single-featured\"><img alt=\"\" data-src=\"http:\/\/www.mapmarrakech.ma\/map\/uploads\/2020\/05\/chu_marrakech-1.jpg\"\/><\/div>\n<div class=\"single-post-excerpt post-excerpt-bc\" readability=\"34\">\n<p>Marrakech \u2013 L\u2019unit\u00e9 de r\u00e9animation Covid-19 cr\u00e9\u00e9e au niveau de l\u2019h\u00f4pital Ibn Tofail relevant du Centre hospitalier universitaire (CHU) Mohammed VI de Marrakech est ind\u00e9pendante du bloc op\u00e9ratoire du m\u00eame \u00e9tablissement hospitalier.<\/p>\n<\/div>\n<div class=\"entry-content clearfix single-post-content\" readability=\"53\">\n<p>Dans une mise au point, l\u2019administration du CHU Mohammed VI indique que cette unit\u00e9, d\u00e9di\u00e9e \u00e0 la prise en charge des cas atteints de Covid-19, qui sont dans un \u00e9tat critique et pr\u00e9sentant des complications, est dot\u00e9e de ses propres acc\u00e8s qui sont ind\u00e9pendants du bloc op\u00e9ratoire, relevant que la cr\u00e9ation de cette unit\u00e9 n\u2019impacte en aucun cas le travail normal du bloc op\u00e9ratoire qui est situ\u00e9 au premier \u00e9tage.<\/p>\n<p>Cette op\u00e9ration permettra \u00e0 l\u2019h\u00f4pital Arrazi et Ibn Tofail de s\u2019occuper de leurs t\u00e2ches principales \u00e0 savoir la prise en charge des autres malades, souligne la m\u00eame source, relevant que cette unit\u00e9 est \u00e9quip\u00e9e de tous les moyens n\u00e9cessaires pour prodiguer des soins dans des conditions qui r\u00e9pondent \u00e0 la s\u00e9curit\u00e9 sanitaire des patients.<\/p>\n<p>Pour rappel, les villes de Benguerir et de Benslimane accueillent les patients Covid-19, dont les cas ne n\u00e9cessitent pas de r\u00e9animation alors que les CHU du Royaume continuent de prendre en charge les cas compliqu\u00e9s du Covid-19.<\/p>\n<\/div>\n<p>Auteur: Meriem IGASS<br \/>\n<a href=\"http:\/\/www.mapmarrakech.ma\/fr\/chu-lunite-de-reanimation-covid-19-independante-du-bloc-operatoire\/\">Cliquez ici pour lire l&rsquo;article depuis sa source.<\/a><\/p>\n","protected":false},"excerpt":{"rendered":"<p>Marrakech \u2013 L\u2019unit\u00e9 de r\u00e9animation Covid-19 cr\u00e9\u00e9e au niveau de l\u2019h\u00f4pital Ibn Tofail relevant du Centre hospitalier universitaire (CHU) Mohammed VI de Marrakech est ind\u00e9pendante du bloc op\u00e9ratoire du m\u00eame \u00e9tablissement hospitalier. Dans une mise au point, l\u2019administration du CHU Mohammed VI indique que cette unit\u00e9, d\u00e9di\u00e9e \u00e0 la prise en charge des cas atteints [&hellip;]<\/p>\n","protected":false},"author":1788,"featured_media":90091,"comment_status":"closed","ping_status":"closed","sticky":false,"template":"","format":"standard","meta":{"fifu_image_url":"","fifu_image_alt":"","footnotes":""},"categories":[54,76],"tags":[],"class_list":["post-90090","post","type-post","status-publish","format-standard","has-post-thumbnail","hentry","category-maroc","category-regions"],"_links":{"self":[{"href":"https:\/\/linitiative.ca\/International\/wp-json\/wp\/v2\/posts\/90090","targetHints":{"allow":["GET"]}}],"collection":[{"href":"https:\/\/linitiative.ca\/International\/wp-json\/wp\/v2\/posts"}],"about":[{"href":"https:\/\/linitiative.ca\/International\/wp-json\/wp\/v2\/types\/post"}],"author":[{"embeddable":true,"href":"https:\/\/linitiative.ca\/International\/wp-json\/wp\/v2\/users\/1788"}],"replies":[{"embeddable":true,"href":"https:\/\/linitiative.ca\/International\/wp-json\/wp\/v2\/comments?post=90090"}],"version-history":[{"count":0,"href":"https:\/\/linitiative.ca\/International\/wp-json\/wp\/v2\/posts\/90090\/revisions"}],"wp:featuredmedia":[{"embeddable":true,"href":"https:\/\/linitiative.ca\/International\/wp-json\/"}],"wp:attachment":[{"href":"https:\/\/linitiative.ca\/International\/wp-json\/wp\/v2\/media?parent=90090"}],"wp:term":[{"taxonomy":"category","embeddable":true,"href":"https:\/\/linitiative.ca\/International\/wp-json\/wp\/v2\/categories?post=90090"},{"taxonomy":"post_tag","embeddable":true,"href":"https:\/\/linitiative.ca\/International\/wp-json\/wp\/v2\/tags?post=90090"}],"curies":[{"name":"wp","href":"https:\/\/api.w.org\/{rel}","templated":true}]}}