{"id":90095,"date":"2020-06-24T15:50:32","date_gmt":"2020-06-24T19:50:32","guid":{"rendered":"https:\/\/linitiative.ca\/International\/webinaire-sur-lexperience-de-lenseignement-a-distance\/"},"modified":"2020-06-24T15:50:32","modified_gmt":"2020-06-24T19:50:32","slug":"webinaire-sur-lexperience-de-lenseignement-a-distance","status":"publish","type":"post","link":"https:\/\/linitiative.ca\/International\/webinaire-sur-lexperience-de-lenseignement-a-distance\/","title":{"rendered":"Webinaire sur l\u2019exp\u00e9rience de l\u2019enseignement \u00e0 distance"},"content":{"rendered":"<div class=\"single-featured\"><img alt=\"\" data-src=\"http:\/\/www.mapoujda.ma\/map\/uploads\/2020\/06\/webinaire-M750&#xD7;430-MAP.jpg\"\/><\/div>\n<div class=\"entry-content clearfix single-post-content\" readability=\"65\">\n<p class=\"c4\">La Facult\u00e9 des lettres et des sciences humaines relevant de l\u2019Universit\u00e9 Mohammed Premier (UMP) d\u2019Oujda organise, vendredi prochain, une visioconf\u00e9rence ax\u00e9e sur son exp\u00e9rience dans le domaine de l\u2019enseignement \u00e0 distance.<\/p>\n<p class=\"c4\">Ce webinaire interactif qui verra la participation d\u2019une pl\u00e9iade de professeurs universitaires, se veut une occasion pour d\u00e9battre des succ\u00e8s obtenus dans le cadre de cette exp\u00e9rience d\u2019enseignement \u00e0 distance, impos\u00e9e par le Covid-19, et des contraintes et d\u00e9fis \u00e0 relever.<\/p>\n<p class=\"c4\">L\u2019enseignement \u00e0 distance a connu de grandes avanc\u00e9es dans de nombreux pays \u00e0 la faveur du d\u00e9veloppement des technologies de l\u2019information et de la communication, indiquent les organisateurs de cette rencontre, notant que les effets de la pand\u00e9mie du coronavirus sur l\u2019enseignement universitaire avec la suspension des cours en pr\u00e9sentiel a montr\u00e9 le besoin pressant de promouvoir ce nouveau genre d\u2019apprentissage pour assurer la continuit\u00e9 p\u00e9dagogique.<\/p>\n<p class=\"c4\">Et de souligner que les participants \u00e0 ce webinaire auront \u00e0 d\u00e9battre des sp\u00e9cificit\u00e9s de la premi\u00e8re exp\u00e9rience de la facult\u00e9 des lettres d\u2019Oujda dans ce domaine, et d\u2019\u00e9valuer les r\u00e9ussites et les imperfections afin de parvenir \u00e0 cr\u00e9er des contenus num\u00e9riques qui remplissent leur r\u00f4le p\u00e9dagogique et d\u2019apprentissage.<\/p>\n<p class=\"c4\">\u2019\u2019L\u2019enseignement \u00e0 distance : r\u00e9alit\u00e9 et perspectives\u2019\u2019, \u2019\u2019D\u00e9fi d\u2019un enseignement \u00e0 distance \u00e0 l\u2019\u00e8re du coronavirus\u2019\u2019, \u2018\u2019Les cours \u00e0 distance entre th\u00e9orie et pratique\u2019\u2019, \u2018\u2019La particularit\u00e9 de l\u2019enseignement \u00e0 distance\u2019\u2019 et \u2019\u2019Le besoin d\u2019une nouvelle int\u00e9gration des outils technologiques\u2019\u2019 sont les principaux sujets qui seront d\u00e9velopp\u00e9s par les participants \u00e0 ce webinaire interactif, pr\u00e9vu vendredi \u00e0 partir de 15H00.<\/p>\n<\/div>\n<p>Auteur: Soufiane ELAHMAR<br \/>\n<a href=\"http:\/\/www.mapoujda.ma\/fr\/webinaire-sur-lexperience-de-lenseignement-a-distance\/\">Cliquez ici pour lire l&rsquo;article depuis sa source.<\/a><\/p>\n","protected":false},"excerpt":{"rendered":"<p>La Facult\u00e9 des lettres et des sciences humaines relevant de l\u2019Universit\u00e9 Mohammed Premier (UMP) d\u2019Oujda organise, vendredi prochain, une visioconf\u00e9rence ax\u00e9e sur son exp\u00e9rience dans le domaine de l\u2019enseignement \u00e0 distance. Ce webinaire interactif qui verra la participation d\u2019une pl\u00e9iade de professeurs universitaires, se veut une occasion pour d\u00e9battre des succ\u00e8s obtenus dans le cadre [&hellip;]<\/p>\n","protected":false},"author":1788,"featured_media":90096,"comment_status":"closed","ping_status":"closed","sticky":false,"template":"","format":"standard","meta":{"fifu_image_url":"","fifu_image_alt":"","footnotes":""},"categories":[54,76],"tags":[],"class_list":["post-90095","post","type-post","status-publish","format-standard","has-post-thumbnail","hentry","category-maroc","category-regions"],"_links":{"self":[{"href":"https:\/\/linitiative.ca\/International\/wp-json\/wp\/v2\/posts\/90095","targetHints":{"allow":["GET"]}}],"collection":[{"href":"https:\/\/linitiative.ca\/International\/wp-json\/wp\/v2\/posts"}],"about":[{"href":"https:\/\/linitiative.ca\/International\/wp-json\/wp\/v2\/types\/post"}],"author":[{"embeddable":true,"href":"https:\/\/linitiative.ca\/International\/wp-json\/wp\/v2\/users\/1788"}],"replies":[{"embeddable":true,"href":"https:\/\/linitiative.ca\/International\/wp-json\/wp\/v2\/comments?post=90095"}],"version-history":[{"count":0,"href":"https:\/\/linitiative.ca\/International\/wp-json\/wp\/v2\/posts\/90095\/revisions"}],"wp:featuredmedia":[{"embeddable":true,"href":"https:\/\/linitiative.ca\/International\/wp-json\/"}],"wp:attachment":[{"href":"https:\/\/linitiative.ca\/International\/wp-json\/wp\/v2\/media?parent=90095"}],"wp:term":[{"taxonomy":"category","embeddable":true,"href":"https:\/\/linitiative.ca\/International\/wp-json\/wp\/v2\/categories?post=90095"},{"taxonomy":"post_tag","embeddable":true,"href":"https:\/\/linitiative.ca\/International\/wp-json\/wp\/v2\/tags?post=90095"}],"curies":[{"name":"wp","href":"https:\/\/api.w.org\/{rel}","templated":true}]}}