{"id":90097,"date":"2020-06-24T16:04:58","date_gmt":"2020-06-24T20:04:58","guid":{"rendered":"https:\/\/linitiative.ca\/International\/controle-technique-des-importations-le-nouveau-systeme-en-vigueur\/"},"modified":"2020-06-24T16:04:58","modified_gmt":"2020-06-24T20:04:58","slug":"controle-technique-des-importations-le-nouveau-systeme-en-vigueur","status":"publish","type":"post","link":"https:\/\/linitiative.ca\/International\/controle-technique-des-importations-le-nouveau-systeme-en-vigueur\/","title":{"rendered":"Contr\u00f4le technique des importations: Le nouveau syst\u00e8me en vigueur"},"content":{"rendered":"<div class=\"body\">\n<div class=\"field field-name-body field-type-text-with-summary field-label-hidden\">\n<div class=\"field-items\" readability=\"10\">\n<div class=\"field-item even\" property=\"content:encoded\" readability=\"15\">\n<p class=\"rtejustify\">Le minist\u00e8re de l\u2019Industrie et du Commerce a annonc\u00e9, hier mercredi 24 juin, que le nouveau syst\u00e8me de contr\u00f4le des produits industriels \u00e0 l\u2019import est entr\u00e9 en vigueur, samedi 20 juin,\u00a0 apr\u00e8s l\u2019expiration de la p\u00e9riode de transition du 1er f\u00e9vrier au 19 juin. Dans le cas o\u00f9 l\u2019obtention du certificat de conformit\u00e9 serait difficile en raison de contraintes li\u00e9es au covid-19, les importateurs sont autoris\u00e9s \u00e0 titre exceptionnel de r\u00e9aliser au Maroc le contr\u00f4le de leurs marchandises arriv\u00e9es apr\u00e8s le 20 juin. Une d\u00e9claration sur l\u2019honneur devra \u00eatre jointe au dossier d\u2019importation via la plateforme PortNet.<br \/><em>\u00a0H.E.<\/em><\/p>\n<\/div>\n<\/div>\n<\/div>\n<\/div>\n<div class=\"eco-conseil\">\n<div class=\"view view-eco-conseil-16 view-id-eco_conseil_16 view-display-id-cookies view-dom-id-68c1bb2a2a9a05d21d141cc767e0f805\">\n<div class=\"view-content\">\n<div id=\"views-bootstrap-grid-1\" class=\"views-bootstrap-grid-plugin-style\">\n<div class=\"row\">\n<div class=\" col-xs-12 col-lg-4\">\n<div class=\"row\">\n<div class=\"col col-xs-12 col-lg-12\">\n<div class=\"field-content\"><a href=\"\/article\/1063806-covid-19-qui-fait-quoi\"><img loading=\"lazy\" decoding=\"async\" class=\"img-responsive\" typeof=\"foaf:Image\" src=\"https:\/\/www.leconomiste.com\/sites\/default\/files\/eco7\/public\/styles\/800x400\/public\/default_images\/default_une.jpg?itok=4jZlgnIZ\" width=\"660\" height=\"330\" alt=\"\"\/><\/a><\/div>\n<\/div>\n<div class=\" title_suite_2 col col-xs-12 col-lg-12\"> <a href=\"\/article\/1063806-covid-19-qui-fait-quoi\"\/><span class=\"field-content\">Covid-19: qui fait quoi?<\/span><\/div>\n<\/div>\n<\/div>\n<div class=\" col-xs-12 col-lg-4\">\n<div class=\"row\">\n<div class=\"col col-xs-12 col-lg-12\">\n<div class=\"field-content\"><a href=\"\/article\/1063805-la-radio-amazighe-passe-au-24h-24\"><img loading=\"lazy\" decoding=\"async\" class=\"img-responsive\" typeof=\"foaf:Image\" src=\"https:\/\/www.leconomiste.com\/sites\/default\/files\/eco7\/public\/styles\/800x400\/public\/default_images\/default_une.jpg?itok=4jZlgnIZ\" width=\"660\" height=\"330\" alt=\"\"\/><\/a><\/div>\n<\/div>\n<div class=\" title_suite_2 col col-xs-12 col-lg-12\"> <a href=\"\/article\/1063805-la-radio-amazighe-passe-au-24h-24\"\/><span class=\"field-content\">La radio Amazighe passe au 24h\/24<\/span><\/div>\n<\/div>\n<\/div>\n<div class=\" col-xs-12 col-lg-4\">\n<div class=\"row\">\n<div class=\"col col-xs-12 col-lg-12\">\n<div class=\"field-content\"><a href=\"\/article\/1063804-operation-marhaba-el-ouafi-interpelle-au-parlement\"><img loading=\"lazy\" decoding=\"async\" class=\"img-responsive\" typeof=\"foaf:Image\" src=\"https:\/\/www.leconomiste.com\/sites\/default\/files\/eco7\/public\/styles\/800x400\/public\/default_images\/default_une.jpg?itok=4jZlgnIZ\" width=\"660\" height=\"330\" alt=\"\"\/><\/a><\/div>\n<\/div>\n<div class=\" title_suite_2 col col-xs-12 col-lg-12\"> <a href=\"\/article\/1063804-operation-marhaba-el-ouafi-interpelle-au-parlement\"\/><span class=\"field-content\">Op\u00e9ration Marhaba: El Ouafi interpell\u00e9 au Parlement<\/span><\/div>\n<\/div>\n<\/div>\n<\/div>\n<\/div>\n<\/div>\n<\/div>\n<\/div>\n<p>Auteur: hlafriqi<br \/>\n<a href=\"https:\/\/www.leconomiste.com\/article\/1063802-controle-technique-des-importations-le-nouveau-systeme-en-vigueur\">Cliquez ici pour lire l&rsquo;article depuis sa source.<\/a><\/p>\n","protected":false},"excerpt":{"rendered":"<p>Le minist\u00e8re de l\u2019Industrie et du Commerce a annonc\u00e9, hier mercredi 24 juin, que le nouveau syst\u00e8me de contr\u00f4le des produits industriels \u00e0 l\u2019import est entr\u00e9 en vigueur, samedi 20 juin,\u00a0 apr\u00e8s l\u2019expiration de la p\u00e9riode de transition du 1er f\u00e9vrier au 19 juin. Dans le cas o\u00f9 l\u2019obtention du certificat de conformit\u00e9 serait difficile [&hellip;]<\/p>\n","protected":false},"author":1763,"featured_media":0,"comment_status":"closed","ping_status":"closed","sticky":false,"template":"","format":"standard","meta":{"fifu_image_url":"","fifu_image_alt":"","footnotes":""},"categories":[78,54],"tags":[],"class_list":["post-90097","post","type-post","status-publish","format-standard","hentry","category-economie","category-maroc"],"_links":{"self":[{"href":"https:\/\/linitiative.ca\/International\/wp-json\/wp\/v2\/posts\/90097","targetHints":{"allow":["GET"]}}],"collection":[{"href":"https:\/\/linitiative.ca\/International\/wp-json\/wp\/v2\/posts"}],"about":[{"href":"https:\/\/linitiative.ca\/International\/wp-json\/wp\/v2\/types\/post"}],"author":[{"embeddable":true,"href":"https:\/\/linitiative.ca\/International\/wp-json\/wp\/v2\/users\/1763"}],"replies":[{"embeddable":true,"href":"https:\/\/linitiative.ca\/International\/wp-json\/wp\/v2\/comments?post=90097"}],"version-history":[{"count":0,"href":"https:\/\/linitiative.ca\/International\/wp-json\/wp\/v2\/posts\/90097\/revisions"}],"wp:attachment":[{"href":"https:\/\/linitiative.ca\/International\/wp-json\/wp\/v2\/media?parent=90097"}],"wp:term":[{"taxonomy":"category","embeddable":true,"href":"https:\/\/linitiative.ca\/International\/wp-json\/wp\/v2\/categories?post=90097"},{"taxonomy":"post_tag","embeddable":true,"href":"https:\/\/linitiative.ca\/International\/wp-json\/wp\/v2\/tags?post=90097"}],"curies":[{"name":"wp","href":"https:\/\/api.w.org\/{rel}","templated":true}]}}