{"id":90098,"date":"2020-06-24T16:06:13","date_gmt":"2020-06-24T20:06:13","guid":{"rendered":"https:\/\/linitiative.ca\/International\/registre-social-unifie-le-projet-de-loi-examine-aujourdhui\/"},"modified":"2020-06-24T16:06:13","modified_gmt":"2020-06-24T20:06:13","slug":"registre-social-unifie-le-projet-de-loi-examine-aujourdhui","status":"publish","type":"post","link":"https:\/\/linitiative.ca\/International\/registre-social-unifie-le-projet-de-loi-examine-aujourdhui\/","title":{"rendered":"Registre social unifi\u00e9: Le projet de loi examin\u00e9 aujourd\u2019hui"},"content":{"rendered":"<div class=\"body\">\n<div class=\"field field-name-body field-type-text-with-summary field-label-hidden\">\n<div class=\"field-items\" readability=\"7.5201729106628\">\n<div class=\"field-item even\" property=\"content:encoded\" readability=\"10.616714697406\">\n<p class=\"rtejustify\">Le projet de loi relatif au syst\u00e8me de ciblage des b\u00e9n\u00e9ficiaires des programmes d\u2019appui social sera examin\u00e9 aujourd\u2019hui en Commission \u00e0 la Chambre des repr\u00e9sentants. Ce texte, qui pr\u00e9voit la cr\u00e9ation d\u2019un Registre social unifi\u00e9, a d\u00e9j\u00e0 \u00e9t\u00e9 approuv\u00e9 par la Chambre des conseillers <a href=\"https:\/\/leconomiste.com\/archive\/edition\/5787\" target=\"_blank\" rel=\"noopener noreferrer\"><span><strong><em>(voir notre \u00e9dition du 22 juin dernier)<\/em><\/strong><\/span><\/a>.<br \/><em>M.A.M.<\/em><\/p>\n<\/div>\n<\/div>\n<\/div>\n<\/div>\n<div class=\"eco-conseil\">\n<div class=\"view view-eco-conseil-16 view-id-eco_conseil_16 view-display-id-cookies view-dom-id-0e7b80dd093a1cfdfb77e8754b2129af\">\n<div class=\"view-content\">\n<div id=\"views-bootstrap-grid-1\" class=\"views-bootstrap-grid-plugin-style\">\n<div class=\"row\">\n<div class=\" col-xs-12 col-lg-4\">\n<div class=\"row\">\n<div class=\"col col-xs-12 col-lg-12\">\n<div class=\"field-content\"><a href=\"\/article\/1063806-covid-19-qui-fait-quoi\"><img loading=\"lazy\" decoding=\"async\" class=\"img-responsive\" typeof=\"foaf:Image\" src=\"https:\/\/www.leconomiste.com\/sites\/default\/files\/eco7\/public\/styles\/800x400\/public\/default_images\/default_une.jpg?itok=4jZlgnIZ\" width=\"660\" height=\"330\" alt=\"\"\/><\/a><\/div>\n<\/div>\n<div class=\" title_suite_2 col col-xs-12 col-lg-12\"> <a href=\"\/article\/1063806-covid-19-qui-fait-quoi\"\/><span class=\"field-content\">Covid-19: qui fait quoi?<\/span><\/div>\n<\/div>\n<\/div>\n<div class=\" col-xs-12 col-lg-4\">\n<div class=\"row\">\n<div class=\"col col-xs-12 col-lg-12\">\n<div class=\"field-content\"><a href=\"\/article\/1063805-la-radio-amazighe-passe-au-24h-24\"><img loading=\"lazy\" decoding=\"async\" class=\"img-responsive\" typeof=\"foaf:Image\" src=\"https:\/\/www.leconomiste.com\/sites\/default\/files\/eco7\/public\/styles\/800x400\/public\/default_images\/default_une.jpg?itok=4jZlgnIZ\" width=\"660\" height=\"330\" alt=\"\"\/><\/a><\/div>\n<\/div>\n<div class=\" title_suite_2 col col-xs-12 col-lg-12\"> <a href=\"\/article\/1063805-la-radio-amazighe-passe-au-24h-24\"\/><span class=\"field-content\">La radio Amazighe passe au 24h\/24<\/span><\/div>\n<\/div>\n<\/div>\n<div class=\" col-xs-12 col-lg-4\">\n<div class=\"row\">\n<div class=\"col col-xs-12 col-lg-12\">\n<div class=\"field-content\"><a href=\"\/article\/1063804-operation-marhaba-el-ouafi-interpelle-au-parlement\"><img loading=\"lazy\" decoding=\"async\" class=\"img-responsive\" typeof=\"foaf:Image\" src=\"https:\/\/www.leconomiste.com\/sites\/default\/files\/eco7\/public\/styles\/800x400\/public\/default_images\/default_une.jpg?itok=4jZlgnIZ\" width=\"660\" height=\"330\" alt=\"\"\/><\/a><\/div>\n<\/div>\n<div class=\" title_suite_2 col col-xs-12 col-lg-12\"> <a href=\"\/article\/1063804-operation-marhaba-el-ouafi-interpelle-au-parlement\"\/><span class=\"field-content\">Op\u00e9ration Marhaba: El Ouafi interpell\u00e9 au Parlement<\/span><\/div>\n<\/div>\n<\/div>\n<\/div>\n<\/div>\n<\/div>\n<\/div>\n<\/div>\n<p>Auteur: hlafriqi<br \/>\n<a href=\"https:\/\/www.leconomiste.com\/article\/1063803-registre-social-unifie-le-projet-de-loi-examine-aujourd-hui\">Cliquez ici pour lire l&rsquo;article depuis sa source.<\/a><\/p>\n","protected":false},"excerpt":{"rendered":"<p>Le projet de loi relatif au syst\u00e8me de ciblage des b\u00e9n\u00e9ficiaires des programmes d\u2019appui social sera examin\u00e9 aujourd\u2019hui en Commission \u00e0 la Chambre des repr\u00e9sentants. Ce texte, qui pr\u00e9voit la cr\u00e9ation d\u2019un Registre social unifi\u00e9, a d\u00e9j\u00e0 \u00e9t\u00e9 approuv\u00e9 par la Chambre des conseillers (voir notre \u00e9dition du 22 juin dernier).M.A.M. Covid-19: qui fait quoi? [&hellip;]<\/p>\n","protected":false},"author":1763,"featured_media":0,"comment_status":"closed","ping_status":"closed","sticky":false,"template":"","format":"standard","meta":{"fifu_image_url":"","fifu_image_alt":"","footnotes":""},"categories":[78,54],"tags":[],"class_list":["post-90098","post","type-post","status-publish","format-standard","hentry","category-economie","category-maroc"],"_links":{"self":[{"href":"https:\/\/linitiative.ca\/International\/wp-json\/wp\/v2\/posts\/90098","targetHints":{"allow":["GET"]}}],"collection":[{"href":"https:\/\/linitiative.ca\/International\/wp-json\/wp\/v2\/posts"}],"about":[{"href":"https:\/\/linitiative.ca\/International\/wp-json\/wp\/v2\/types\/post"}],"author":[{"embeddable":true,"href":"https:\/\/linitiative.ca\/International\/wp-json\/wp\/v2\/users\/1763"}],"replies":[{"embeddable":true,"href":"https:\/\/linitiative.ca\/International\/wp-json\/wp\/v2\/comments?post=90098"}],"version-history":[{"count":0,"href":"https:\/\/linitiative.ca\/International\/wp-json\/wp\/v2\/posts\/90098\/revisions"}],"wp:attachment":[{"href":"https:\/\/linitiative.ca\/International\/wp-json\/wp\/v2\/media?parent=90098"}],"wp:term":[{"taxonomy":"category","embeddable":true,"href":"https:\/\/linitiative.ca\/International\/wp-json\/wp\/v2\/categories?post=90098"},{"taxonomy":"post_tag","embeddable":true,"href":"https:\/\/linitiative.ca\/International\/wp-json\/wp\/v2\/tags?post=90098"}],"curies":[{"name":"wp","href":"https:\/\/api.w.org\/{rel}","templated":true}]}}