{"id":90099,"date":"2020-06-24T16:07:09","date_gmt":"2020-06-24T20:07:09","guid":{"rendered":"https:\/\/linitiative.ca\/International\/operation-marhaba-el-ouafi-interpelle-au-parlement\/"},"modified":"2020-06-24T16:07:09","modified_gmt":"2020-06-24T20:07:09","slug":"operation-marhaba-el-ouafi-interpelle-au-parlement","status":"publish","type":"post","link":"https:\/\/linitiative.ca\/International\/operation-marhaba-el-ouafi-interpelle-au-parlement\/","title":{"rendered":"Op\u00e9ration Marhaba: El Ouafi interpell\u00e9 au Parlement"},"content":{"rendered":"<div class=\"body\">\n<div class=\"field field-name-body field-type-text-with-summary field-label-hidden\">\n<div class=\"field-items\" readability=\"9\">\n<div class=\"field-item even\" property=\"content:encoded\" readability=\"13\">\n<p class=\"rtejustify\">Nezha El Ouafi, ministre en charge des MRE est attendue ce lundi \u00e0 la Commission des affaires \u00e9trang\u00e8res et de la d\u00e9fense \u00e0 la Chambre des repr\u00e9sentants. Au menu de cette r\u00e9union, programm\u00e9e apr\u00e8s la s\u00e9ance hebdomadaire des questions orales: examiner les sc\u00e9narios pour l\u2019op\u00e9ration Marhaba, \u00e0 la lumi\u00e8re du contexte exceptionnel li\u00e9 \u00e0 la crise de la Covid-19.<br \/><em>M.A.M.<\/em><\/p>\n<\/div>\n<\/div>\n<\/div>\n<\/div>\n<div class=\"eco-conseil\">\n<div class=\"view view-eco-conseil-16 view-id-eco_conseil_16 view-display-id-cookies view-dom-id-16107e07e21feaa16d7524f964845c8e\">\n<div class=\"view-content\">\n<div id=\"views-bootstrap-grid-1\" class=\"views-bootstrap-grid-plugin-style\">\n<div class=\"row\">\n<div class=\" col-xs-12 col-lg-4\">\n<div class=\"row\">\n<div class=\"col col-xs-12 col-lg-12\">\n<div class=\"field-content\"><a href=\"\/article\/1063806-covid-19-qui-fait-quoi\"><img loading=\"lazy\" decoding=\"async\" class=\"img-responsive\" typeof=\"foaf:Image\" src=\"https:\/\/www.leconomiste.com\/sites\/default\/files\/eco7\/public\/styles\/800x400\/public\/default_images\/default_une.jpg?itok=4jZlgnIZ\" width=\"660\" height=\"330\" alt=\"\"\/><\/a><\/div>\n<\/div>\n<div class=\" title_suite_2 col col-xs-12 col-lg-12\"> <a href=\"\/article\/1063806-covid-19-qui-fait-quoi\"\/><span class=\"field-content\">Covid-19: qui fait quoi?<\/span><\/div>\n<\/div>\n<\/div>\n<div class=\" col-xs-12 col-lg-4\">\n<div class=\"row\">\n<div class=\"col col-xs-12 col-lg-12\">\n<div class=\"field-content\"><a href=\"\/article\/1063805-la-radio-amazighe-passe-au-24h-24\"><img loading=\"lazy\" decoding=\"async\" class=\"img-responsive\" typeof=\"foaf:Image\" src=\"https:\/\/www.leconomiste.com\/sites\/default\/files\/eco7\/public\/styles\/800x400\/public\/default_images\/default_une.jpg?itok=4jZlgnIZ\" width=\"660\" height=\"330\" alt=\"\"\/><\/a><\/div>\n<\/div>\n<div class=\" title_suite_2 col col-xs-12 col-lg-12\"> <a href=\"\/article\/1063805-la-radio-amazighe-passe-au-24h-24\"\/><span class=\"field-content\">La radio Amazighe passe au 24h\/24<\/span><\/div>\n<\/div>\n<\/div>\n<div class=\" col-xs-12 col-lg-4\">\n<div class=\"row\">\n<div class=\"col col-xs-12 col-lg-12\">\n<div class=\"field-content\"><a href=\"\/article\/1063803-registre-social-unifie-le-projet-de-loi-examine-aujourd-hui\"><img loading=\"lazy\" decoding=\"async\" class=\"img-responsive\" typeof=\"foaf:Image\" src=\"https:\/\/www.leconomiste.com\/sites\/default\/files\/eco7\/public\/styles\/800x400\/public\/default_images\/default_une.jpg?itok=4jZlgnIZ\" width=\"660\" height=\"330\" alt=\"\"\/><\/a><\/div>\n<\/div>\n<div class=\" title_suite_2 col col-xs-12 col-lg-12\"> <a href=\"\/article\/1063803-registre-social-unifie-le-projet-de-loi-examine-aujourd-hui\"\/><span class=\"field-content\">Registre social unifi\u00e9: Le projet de loi examin\u00e9 aujourd\u2019hui<\/span><\/div>\n<\/div>\n<\/div>\n<\/div>\n<\/div>\n<\/div>\n<\/div>\n<\/div>\n<p>Auteur: hlafriqi<br \/>\n<a href=\"https:\/\/www.leconomiste.com\/article\/1063804-operation-marhaba-el-ouafi-interpelle-au-parlement\">Cliquez ici pour lire l&rsquo;article depuis sa source.<\/a><\/p>\n","protected":false},"excerpt":{"rendered":"<p>Nezha El Ouafi, ministre en charge des MRE est attendue ce lundi \u00e0 la Commission des affaires \u00e9trang\u00e8res et de la d\u00e9fense \u00e0 la Chambre des repr\u00e9sentants. Au menu de cette r\u00e9union, programm\u00e9e apr\u00e8s la s\u00e9ance hebdomadaire des questions orales: examiner les sc\u00e9narios pour l\u2019op\u00e9ration Marhaba, \u00e0 la lumi\u00e8re du contexte exceptionnel li\u00e9 \u00e0 la [&hellip;]<\/p>\n","protected":false},"author":1763,"featured_media":0,"comment_status":"closed","ping_status":"closed","sticky":false,"template":"","format":"standard","meta":{"fifu_image_url":"","fifu_image_alt":"","footnotes":""},"categories":[78,54],"tags":[],"class_list":["post-90099","post","type-post","status-publish","format-standard","hentry","category-economie","category-maroc"],"_links":{"self":[{"href":"https:\/\/linitiative.ca\/International\/wp-json\/wp\/v2\/posts\/90099","targetHints":{"allow":["GET"]}}],"collection":[{"href":"https:\/\/linitiative.ca\/International\/wp-json\/wp\/v2\/posts"}],"about":[{"href":"https:\/\/linitiative.ca\/International\/wp-json\/wp\/v2\/types\/post"}],"author":[{"embeddable":true,"href":"https:\/\/linitiative.ca\/International\/wp-json\/wp\/v2\/users\/1763"}],"replies":[{"embeddable":true,"href":"https:\/\/linitiative.ca\/International\/wp-json\/wp\/v2\/comments?post=90099"}],"version-history":[{"count":0,"href":"https:\/\/linitiative.ca\/International\/wp-json\/wp\/v2\/posts\/90099\/revisions"}],"wp:attachment":[{"href":"https:\/\/linitiative.ca\/International\/wp-json\/wp\/v2\/media?parent=90099"}],"wp:term":[{"taxonomy":"category","embeddable":true,"href":"https:\/\/linitiative.ca\/International\/wp-json\/wp\/v2\/categories?post=90099"},{"taxonomy":"post_tag","embeddable":true,"href":"https:\/\/linitiative.ca\/International\/wp-json\/wp\/v2\/tags?post=90099"}],"curies":[{"name":"wp","href":"https:\/\/api.w.org\/{rel}","templated":true}]}}