{"id":90100,"date":"2020-06-24T16:08:22","date_gmt":"2020-06-24T20:08:22","guid":{"rendered":"https:\/\/linitiative.ca\/International\/la-radio-amazighe-passe-au-24h-24\/"},"modified":"2020-06-24T16:08:22","modified_gmt":"2020-06-24T20:08:22","slug":"la-radio-amazighe-passe-au-24h-24","status":"publish","type":"post","link":"https:\/\/linitiative.ca\/International\/la-radio-amazighe-passe-au-24h-24\/","title":{"rendered":"La radio Amazighe passe au 24h\/24"},"content":{"rendered":"<div class=\"body\">\n<div class=\"field field-name-body field-type-text-with-summary field-label-hidden\">\n<div class=\"field-items\" readability=\"12\">\n<div class=\"field-item even\" property=\"content:encoded\" readability=\"19\">\n<p class=\"rtejustify\">A partir du 24 juin 2020,\u00a0 la radio amazighe passe \u00e0 une diffusion non stop 24 heures sur 24 . Ainsi, elle prolonge sa diffusion nocturne de minuit \u00e0 8h du matin.\u00a0 La grille s\u2019enrichit de programmes d\u00e9di\u00e9s \u00e0 la culture, aux arts et expressions litt\u00e9raires et artistiques, ainsi qu\u2019aux modes de vie, \u00e0 l\u2019histoire, aux sciences humaines, naturelles et techniques voire \u00e0 d\u2019autres domaines. Cr\u00e9\u00e9e en 1938, la radio a entam\u00e9\u00a0 la diffusion de ses \u00e9missions en \u00abTachelhit\u00bb pour une dur\u00e9e ne d\u00e9passant pas 10 min, 10 autres minutes ont \u00e9t\u00e9 consacr\u00e9es en 1952 au \u00abTamazight\u00bb et 10 minutes au \u00abTarifit\u00bb en 1955.<br \/><em>A.Bo<\/em><\/p>\n<\/div>\n<\/div>\n<\/div>\n<\/div>\n<div class=\"eco-conseil\">\n<div class=\"view view-eco-conseil-16 view-id-eco_conseil_16 view-display-id-cookies view-dom-id-e5ddf22d3dce1ad55ce5519949e4a462\">\n<div class=\"view-content\">\n<div id=\"views-bootstrap-grid-1\" class=\"views-bootstrap-grid-plugin-style\">\n<div class=\"row\">\n<div class=\" col-xs-12 col-lg-4\">\n<div class=\"row\">\n<div class=\"col col-xs-12 col-lg-12\">\n<div class=\"field-content\"><a href=\"\/article\/1063806-covid-19-qui-fait-quoi\"><img loading=\"lazy\" decoding=\"async\" class=\"img-responsive\" typeof=\"foaf:Image\" src=\"https:\/\/www.leconomiste.com\/sites\/default\/files\/eco7\/public\/styles\/800x400\/public\/default_images\/default_une.jpg?itok=4jZlgnIZ\" width=\"660\" height=\"330\" alt=\"\"\/><\/a><\/div>\n<\/div>\n<div class=\" title_suite_2 col col-xs-12 col-lg-12\"> <a href=\"\/article\/1063806-covid-19-qui-fait-quoi\"\/><span class=\"field-content\">Covid-19: qui fait quoi?<\/span><\/div>\n<\/div>\n<\/div>\n<div class=\" col-xs-12 col-lg-4\">\n<div class=\"row\">\n<div class=\"col col-xs-12 col-lg-12\">\n<div class=\"field-content\"><a href=\"\/article\/1063804-operation-marhaba-el-ouafi-interpelle-au-parlement\"><img loading=\"lazy\" decoding=\"async\" class=\"img-responsive\" typeof=\"foaf:Image\" src=\"https:\/\/www.leconomiste.com\/sites\/default\/files\/eco7\/public\/styles\/800x400\/public\/default_images\/default_une.jpg?itok=4jZlgnIZ\" width=\"660\" height=\"330\" alt=\"\"\/><\/a><\/div>\n<\/div>\n<div class=\" title_suite_2 col col-xs-12 col-lg-12\"> <a href=\"\/article\/1063804-operation-marhaba-el-ouafi-interpelle-au-parlement\"\/><span class=\"field-content\">Op\u00e9ration Marhaba: El Ouafi interpell\u00e9 au Parlement<\/span><\/div>\n<\/div>\n<\/div>\n<div class=\" col-xs-12 col-lg-4\">\n<div class=\"row\">\n<div class=\"col col-xs-12 col-lg-12\">\n<div class=\"field-content\"><a href=\"\/article\/1063803-registre-social-unifie-le-projet-de-loi-examine-aujourd-hui\"><img loading=\"lazy\" decoding=\"async\" class=\"img-responsive\" typeof=\"foaf:Image\" src=\"https:\/\/www.leconomiste.com\/sites\/default\/files\/eco7\/public\/styles\/800x400\/public\/default_images\/default_une.jpg?itok=4jZlgnIZ\" width=\"660\" height=\"330\" alt=\"\"\/><\/a><\/div>\n<\/div>\n<div class=\" title_suite_2 col col-xs-12 col-lg-12\"> <a href=\"\/article\/1063803-registre-social-unifie-le-projet-de-loi-examine-aujourd-hui\"\/><span class=\"field-content\">Registre social unifi\u00e9: Le projet de loi examin\u00e9 aujourd\u2019hui<\/span><\/div>\n<\/div>\n<\/div>\n<\/div>\n<\/div>\n<\/div>\n<\/div>\n<\/div>\n<p>Auteur: hlafriqi<br \/>\n<a href=\"https:\/\/www.leconomiste.com\/article\/1063805-la-radio-amazighe-passe-au-24h-24\">Cliquez ici pour lire l&rsquo;article depuis sa source.<\/a><\/p>\n","protected":false},"excerpt":{"rendered":"<p>A partir du 24 juin 2020,\u00a0 la radio amazighe passe \u00e0 une diffusion non stop 24 heures sur 24 . Ainsi, elle prolonge sa diffusion nocturne de minuit \u00e0 8h du matin.\u00a0 La grille s\u2019enrichit de programmes d\u00e9di\u00e9s \u00e0 la culture, aux arts et expressions litt\u00e9raires et artistiques, ainsi qu\u2019aux modes de vie, \u00e0 l\u2019histoire, [&hellip;]<\/p>\n","protected":false},"author":1763,"featured_media":0,"comment_status":"closed","ping_status":"closed","sticky":false,"template":"","format":"standard","meta":{"fifu_image_url":"","fifu_image_alt":"","footnotes":""},"categories":[78,54],"tags":[],"class_list":["post-90100","post","type-post","status-publish","format-standard","hentry","category-economie","category-maroc"],"_links":{"self":[{"href":"https:\/\/linitiative.ca\/International\/wp-json\/wp\/v2\/posts\/90100","targetHints":{"allow":["GET"]}}],"collection":[{"href":"https:\/\/linitiative.ca\/International\/wp-json\/wp\/v2\/posts"}],"about":[{"href":"https:\/\/linitiative.ca\/International\/wp-json\/wp\/v2\/types\/post"}],"author":[{"embeddable":true,"href":"https:\/\/linitiative.ca\/International\/wp-json\/wp\/v2\/users\/1763"}],"replies":[{"embeddable":true,"href":"https:\/\/linitiative.ca\/International\/wp-json\/wp\/v2\/comments?post=90100"}],"version-history":[{"count":0,"href":"https:\/\/linitiative.ca\/International\/wp-json\/wp\/v2\/posts\/90100\/revisions"}],"wp:attachment":[{"href":"https:\/\/linitiative.ca\/International\/wp-json\/wp\/v2\/media?parent=90100"}],"wp:term":[{"taxonomy":"category","embeddable":true,"href":"https:\/\/linitiative.ca\/International\/wp-json\/wp\/v2\/categories?post=90100"},{"taxonomy":"post_tag","embeddable":true,"href":"https:\/\/linitiative.ca\/International\/wp-json\/wp\/v2\/tags?post=90100"}],"curies":[{"name":"wp","href":"https:\/\/api.w.org\/{rel}","templated":true}]}}