{"id":90101,"date":"2020-06-24T16:10:45","date_gmt":"2020-06-24T20:10:45","guid":{"rendered":"https:\/\/linitiative.ca\/International\/covid-19-qui-fait-quoi\/"},"modified":"2020-06-24T16:10:45","modified_gmt":"2020-06-24T20:10:45","slug":"covid-19-qui-fait-quoi","status":"publish","type":"post","link":"https:\/\/linitiative.ca\/International\/covid-19-qui-fait-quoi\/","title":{"rendered":"Covid-19: qui fait quoi?"},"content":{"rendered":"<div class=\"author\" readability=\"5.6949152542373\"> Par <a href=\"\/content\/nadia-salah\">Nadia SALAH<\/a> <a href=\"\/node\/\"> <\/a> | Edition N\u00b0:5790 Le 25\/06\/2020 | Partager <\/div>\n<div class=\"body\">\n<div class=\"field field-name-body field-type-text-with-summary field-label-hidden\">\n<div class=\"field-items\" readability=\"13\">\n<div class=\"field-item even\" property=\"content:encoded\" readability=\"21\">\n<p class=\"rtejustify\">Pour une fois, le Maroc peut \u00eatre content de se trouver dans le peloton de queue, avec ces 287 personnes touch\u00e9es par la Covid-19 (au 23 juin 2020, c\u2019est-\u00e0-dire pendant la d\u00e9couverte des clusters g\u00e9ants de K\u00e9nitra) par million d\u2019habitants. C\u2019est la m\u00eame proportion qu\u2019en Alg\u00e9rie. Notre voisin a 10 millions d\u2019habitants de plus que le Maroc et est nettement plus urbanis\u00e9. En Tunisie, 12 millions de r\u00e9sidents et un taux d\u2019urbanisation entre Alger et Rabat, le taux d\u2019infection est de 100 personnes par million. \u00a0<br \/>Le pays qui a le plus d\u2019infection est le Qatar, avec 32.202 touch\u00e9s pour un million d\u2019habitants, quelle que soit la nationalit\u00e9.\u00a0 Doha donne ses informations en retard. Le r\u00e9sultat \u00e9tonne dans la mesure o\u00f9 le Qatar a largement les moyens de s\u2019occuper de ses habitants. Plus peupl\u00e9e l\u2019Arabie saoudite prot\u00e8ge cependant mieux: 4.871 touch\u00e9s par million, ce qui est d\u00e9j\u00e0 beaucoup.<br \/>Le r\u00e9sultat saoudien est \u00e0 peu pr\u00e8s ce qu\u2019on trouve dans les pays d\u00e9velopp\u00e9s, sauf pour les USA (7.714) et le Japon (141). La Su\u00e8de et la Norv\u00e8ge ont fait la d\u00e9monstration, sur le dos de leur population, que la \u00abvaccination naturelle\u00bb ne fonctionnait pas: autour de 6.000 touch\u00e9s pour un million de r\u00e9sidents et des morts en surnombre.<\/p>\n<p class=\"rtejustify\"><em>N.S.<\/em><\/p>\n<\/div>\n<\/div>\n<\/div>\n<\/div>\n<div class=\"eco-conseil\">\n<div class=\"view view-eco-conseil-16 view-id-eco_conseil_16 view-display-id-cookies view-dom-id-5de17f46a79b5793146f463cbcf17260\">\n<div class=\"view-content\">\n<div id=\"views-bootstrap-grid-1\" class=\"views-bootstrap-grid-plugin-style\">\n<div class=\"row\">\n<div class=\" col-xs-12 col-lg-4\">\n<div class=\"row\">\n<div class=\"col col-xs-12 col-lg-12\">\n<div class=\"field-content\"><a href=\"\/article\/1063805-la-radio-amazighe-passe-au-24h-24\"><img loading=\"lazy\" decoding=\"async\" class=\"img-responsive\" typeof=\"foaf:Image\" src=\"https:\/\/www.leconomiste.com\/sites\/default\/files\/eco7\/public\/styles\/800x400\/public\/default_images\/default_une.jpg?itok=4jZlgnIZ\" width=\"660\" height=\"330\" alt=\"\"\/><\/a><\/div>\n<\/div>\n<div class=\" title_suite_2 col col-xs-12 col-lg-12\"> <a href=\"\/article\/1063805-la-radio-amazighe-passe-au-24h-24\"\/><span class=\"field-content\">La radio Amazighe passe au 24h\/24<\/span><\/div>\n<\/div>\n<\/div>\n<div class=\" col-xs-12 col-lg-4\">\n<div class=\"row\">\n<div class=\"col col-xs-12 col-lg-12\">\n<div class=\"field-content\"><a href=\"\/article\/1063804-operation-marhaba-el-ouafi-interpelle-au-parlement\"><img loading=\"lazy\" decoding=\"async\" class=\"img-responsive\" typeof=\"foaf:Image\" src=\"https:\/\/www.leconomiste.com\/sites\/default\/files\/eco7\/public\/styles\/800x400\/public\/default_images\/default_une.jpg?itok=4jZlgnIZ\" width=\"660\" height=\"330\" alt=\"\"\/><\/a><\/div>\n<\/div>\n<div class=\" title_suite_2 col col-xs-12 col-lg-12\"> <a href=\"\/article\/1063804-operation-marhaba-el-ouafi-interpelle-au-parlement\"\/><span class=\"field-content\">Op\u00e9ration Marhaba: El Ouafi interpell\u00e9 au Parlement<\/span><\/div>\n<\/div>\n<\/div>\n<div class=\" col-xs-12 col-lg-4\">\n<div class=\"row\">\n<div class=\"col col-xs-12 col-lg-12\">\n<div class=\"field-content\"><a href=\"\/article\/1063803-registre-social-unifie-le-projet-de-loi-examine-aujourd-hui\"><img loading=\"lazy\" decoding=\"async\" class=\"img-responsive\" typeof=\"foaf:Image\" src=\"https:\/\/www.leconomiste.com\/sites\/default\/files\/eco7\/public\/styles\/800x400\/public\/default_images\/default_une.jpg?itok=4jZlgnIZ\" width=\"660\" height=\"330\" alt=\"\"\/><\/a><\/div>\n<\/div>\n<div class=\" title_suite_2 col col-xs-12 col-lg-12\"> <a href=\"\/article\/1063803-registre-social-unifie-le-projet-de-loi-examine-aujourd-hui\"\/><span class=\"field-content\">Registre social unifi\u00e9: Le projet de loi examin\u00e9 aujourd\u2019hui<\/span><\/div>\n<\/div>\n<\/div>\n<\/div>\n<\/div>\n<\/div>\n<\/div>\n<\/div>\n<p>Auteur: hlafriqi<br \/>\n<a href=\"https:\/\/www.leconomiste.com\/article\/1063806-covid-19-qui-fait-quoi\">Cliquez ici pour lire l&rsquo;article depuis sa source.<\/a><\/p>\n","protected":false},"excerpt":{"rendered":"<p>Par Nadia SALAH | Edition N\u00b0:5790 Le 25\/06\/2020 | Partager Pour une fois, le Maroc peut \u00eatre content de se trouver dans le peloton de queue, avec ces 287 personnes touch\u00e9es par la Covid-19 (au 23 juin 2020, c\u2019est-\u00e0-dire pendant la d\u00e9couverte des clusters g\u00e9ants de K\u00e9nitra) par million d\u2019habitants. C\u2019est la m\u00eame proportion qu\u2019en [&hellip;]<\/p>\n","protected":false},"author":1763,"featured_media":0,"comment_status":"closed","ping_status":"closed","sticky":false,"template":"","format":"standard","meta":{"fifu_image_url":"","fifu_image_alt":"","footnotes":""},"categories":[78,54],"tags":[],"class_list":["post-90101","post","type-post","status-publish","format-standard","hentry","category-economie","category-maroc"],"_links":{"self":[{"href":"https:\/\/linitiative.ca\/International\/wp-json\/wp\/v2\/posts\/90101","targetHints":{"allow":["GET"]}}],"collection":[{"href":"https:\/\/linitiative.ca\/International\/wp-json\/wp\/v2\/posts"}],"about":[{"href":"https:\/\/linitiative.ca\/International\/wp-json\/wp\/v2\/types\/post"}],"author":[{"embeddable":true,"href":"https:\/\/linitiative.ca\/International\/wp-json\/wp\/v2\/users\/1763"}],"replies":[{"embeddable":true,"href":"https:\/\/linitiative.ca\/International\/wp-json\/wp\/v2\/comments?post=90101"}],"version-history":[{"count":0,"href":"https:\/\/linitiative.ca\/International\/wp-json\/wp\/v2\/posts\/90101\/revisions"}],"wp:attachment":[{"href":"https:\/\/linitiative.ca\/International\/wp-json\/wp\/v2\/media?parent=90101"}],"wp:term":[{"taxonomy":"category","embeddable":true,"href":"https:\/\/linitiative.ca\/International\/wp-json\/wp\/v2\/categories?post=90101"},{"taxonomy":"post_tag","embeddable":true,"href":"https:\/\/linitiative.ca\/International\/wp-json\/wp\/v2\/tags?post=90101"}],"curies":[{"name":"wp","href":"https:\/\/api.w.org\/{rel}","templated":true}]}}