{"id":90102,"date":"2020-06-25T09:44:32","date_gmt":"2020-06-25T13:44:32","guid":{"rendered":"https:\/\/linitiative.ca\/International\/demain-en-amical-face-a-lesm\/"},"modified":"2020-06-25T09:44:32","modified_gmt":"2020-06-25T13:44:32","slug":"demain-en-amical-face-a-lesm","status":"publish","type":"post","link":"https:\/\/linitiative.ca\/International\/demain-en-amical-face-a-lesm\/","title":{"rendered":"Demain en amical face \u00e0 l\u2019ESM"},"content":{"rendered":"<p>ASS Stage \u00e0 Hammam Bourguiba<\/p>\n<footer class=\"submitted clearfix\">\n<p><span class=\"date-display-single\" property=\"dc:date\" datatype=\"xsd:dateTime\" content=\"2020-06-25T00:00:00+01:00\">Jeudi 25 Juin 2020<\/span><\/p>\n<\/footer>\n<div class=\"content clearfix\" readability=\"41.387837837838\"><span class=\"print-link\"><span class=\"print_html\"><a href=\"http:\/\/www.letemps.com.tn\/print\/115133\" title=\"Display a printer-friendly version of this page.\" class=\"print-page\" onclick=\"window.open(this.href); return false\" rel=\"nofollow\"><img decoding=\"async\" class=\"print-icon\" typeof=\"foaf:Image\" src=\"http:\/\/www.letemps.com.tn\/sites\/all\/modules\/print\/icons\/print_icon.gif\" alt=\"\u0646\u0633\u062e\u0629 \u0644\u0644\u0637\u0628\u0627\u0639\u0629\" title=\"\u0646\u0633\u062e\u0629 \u0644\u0644\u0637\u0628\u0627\u0639\u0629\"\/><\/a><\/span><\/span><\/p>\n<div class=\"beacon9-social\">\n<p><iframe src=\"http:\/\/www.facebook.com\/plugins\/like.php?href=http%3A%2F%2Fwww.letemps.com.tn%2Farticle%2F115133%2Fdemain-en-amical-face-%25C3%25A0-l%25E2%2580%2599esm&amp;layout=button_count&amp;show_faces=false&amp;action=like&amp;font=arial&amp;colorscheme=light\" scrolling=\"no\" frameborder=\"0\" class=\"c1\" allowtransparency=\"true\">[embedded content]<\/iframe><\/p>\n<\/div>\n<div class=\"field field-name-field-op-main-image field-type-image field-label-hidden field-items field-item even\"><img loading=\"lazy\" decoding=\"async\" typeof=\"foaf:Image\" src=\"http:\/\/www.letemps.com.tn\/sites\/www.letemps.com.tn\/files\/styles\/620px_wide\/public\/main\/articles\/p15 n7.jpg\" width=\"675\" height=\"450\" alt=\"\"\/><\/div>\n<div class=\"field field-name-body field-type-text-with-summary field-label-hidden field-items field-item even\" readability=\"53\">\n<p class=\"p1 c3\"><span class=\"c2\"><strong>De retour aux entra\u00eenements depuis le d\u00e9but du mois de juin, les joueurs de l\u2019ASS ont accompli un grand volume de travail surtout sur le plan physique avec des s\u00e9ances quotidiennes en plus des s\u00e9ances de musculations en salle. Mardi, place a \u00e9t\u00e9 donn\u00e9e \u00e0 la premi\u00e8re rencontre amicale disput\u00e9e au Bardo face au ST.<span class=\"Apple-converted-space\">\u00a0<\/span><\/strong><\/span><\/p>\n<p class=\"p1 c3\"><span class=\"c2\"><strong>Cette rencontre s\u2019est sold\u00e9e par un score de parit\u00e9 d\u2019un but partout et a constitu\u00e9 une occasion pour les entra\u00eeneurs des deux \u00e9quipes de passer en revue leur effectif profitant m\u00eame pour tester certains joueurs des cat\u00e9gories des jeunes ou parmi ceux qui pourront renforcer l\u2019effectif au prochain mercato.<span class=\"Apple-converted-space\">\u00a0<\/span><\/strong><\/span><\/p>\n<p class=\"p1 c3\"><span class=\"c2\"><strong>De retour \u00e0 Soliman o\u00f9 ils se sont entra\u00een\u00e9s dans la matin\u00e9e avant de prendre demain le chemin de Hammam Bourguiba o\u00f9 ils s\u00e9journeront en stage jusqu\u2019au 3 juillet. Durant ce stage, le staff technique a pr\u00e9vu des s\u00e9ances de renforcement musculaire et de travail sp\u00e9cifique qui sera adapt\u00e9 aux sp\u00e9cificit\u00e9s des joueurs et des rencontres \u00e0 jouer d\u00e8s la reprise du championnat au d\u00e9but du mois d\u2019ao\u00fbt prochain. Durant son s\u00e9jour \u00e0 Hammam Bourguiba, l\u2019ASS disputera deux rencontres amicales la premi\u00e8re le 26 du mois en cours contre l\u2019ES Metlaoui \u00e9galement en stage et le 2 juillet prochain face \u00e0 l\u2019ES Sahel. Deux rencontres qui devront permettre \u00e0 Sami Gafsi d\u2019\u00e9valuer la forme de ses joueurs.<span class=\"Apple-converted-space\">\u00a0<\/span> Ce ne seront pas les seuls tests que subiront les joueurs. D\u2019autres matchs amicaux seront programm\u00e9s au fur et \u00e0 mesure selon la disponibilit\u00e9 des \u00e9quipes adverses.<span class=\"Apple-converted-space\">\u00a0<\/span><\/strong><\/span><\/p>\n<p class=\"p2 c4\">\u00a0<\/p>\n<p class=\"p3 c5\"><span class=\"c2\"><strong>Retour<span class=\"Apple-converted-space\">\u00a0<\/span><\/strong><\/span><\/p>\n<p class=\"p1 c3\"><span class=\"c2\"><strong>Les derni\u00e8res s\u00e9ances d\u2019entra\u00eenements de l\u2019\u00e9quipe ont enregistr\u00e9 le retour du lat\u00e9ral droit Yosri Za\u00e2louti d\u00e9barrass\u00e9 des suites d\u2019une blessure contract\u00e9e face au CAB lors de la derni\u00e8re rencontre de championnat jou\u00e9e avant l\u2019arr\u00eat de la comp\u00e9tition. <span class=\"Apple-converted-space\">\u00a0<\/span><\/strong><\/span><\/p>\n<p class=\"p4 c6\"><span class=\"c2\"><strong>M.R<\/strong><\/span><\/p>\n<\/div>\n<\/div>\n<p>Auteur: letemps1<br \/>\n<a href=\"http:\/\/www.letemps.com.tn\/article\/115133\/demain-en-amical-face-%C3%A0-l%E2%80%99esm\">Cliquez ici pour lire l&rsquo;article depuis sa source.<\/a><\/p>\n","protected":false},"excerpt":{"rendered":"<p>ASS Stage \u00e0 Hammam Bourguiba Jeudi 25 Juin 2020 [embedded content] De retour aux entra\u00eenements depuis le d\u00e9but du mois de juin, les joueurs de l\u2019ASS ont accompli un grand volume de travail surtout sur le plan physique avec des s\u00e9ances quotidiennes en plus des s\u00e9ances de musculations en salle. Mardi, place a \u00e9t\u00e9 donn\u00e9e [&hellip;]<\/p>\n","protected":false},"author":1773,"featured_media":90103,"comment_status":"closed","ping_status":"closed","sticky":false,"template":"","format":"standard","meta":{"fifu_image_url":"","fifu_image_alt":"","footnotes":""},"categories":[73,55],"tags":[],"class_list":["post-90102","post","type-post","status-publish","format-standard","has-post-thumbnail","hentry","category-actualite","category-tunisie"],"_links":{"self":[{"href":"https:\/\/linitiative.ca\/International\/wp-json\/wp\/v2\/posts\/90102","targetHints":{"allow":["GET"]}}],"collection":[{"href":"https:\/\/linitiative.ca\/International\/wp-json\/wp\/v2\/posts"}],"about":[{"href":"https:\/\/linitiative.ca\/International\/wp-json\/wp\/v2\/types\/post"}],"author":[{"embeddable":true,"href":"https:\/\/linitiative.ca\/International\/wp-json\/wp\/v2\/users\/1773"}],"replies":[{"embeddable":true,"href":"https:\/\/linitiative.ca\/International\/wp-json\/wp\/v2\/comments?post=90102"}],"version-history":[{"count":0,"href":"https:\/\/linitiative.ca\/International\/wp-json\/wp\/v2\/posts\/90102\/revisions"}],"wp:featuredmedia":[{"embeddable":true,"href":"https:\/\/linitiative.ca\/International\/wp-json\/"}],"wp:attachment":[{"href":"https:\/\/linitiative.ca\/International\/wp-json\/wp\/v2\/media?parent=90102"}],"wp:term":[{"taxonomy":"category","embeddable":true,"href":"https:\/\/linitiative.ca\/International\/wp-json\/wp\/v2\/categories?post=90102"},{"taxonomy":"post_tag","embeddable":true,"href":"https:\/\/linitiative.ca\/International\/wp-json\/wp\/v2\/tags?post=90102"}],"curies":[{"name":"wp","href":"https:\/\/api.w.org\/{rel}","templated":true}]}}