{"id":90104,"date":"2020-06-25T09:49:29","date_gmt":"2020-06-25T13:49:29","guid":{"rendered":"https:\/\/linitiative.ca\/International\/la-polemique-fait-rage-autour-de-la-reprise-ou-non-du-championnat-en-egypte\/"},"modified":"2020-06-25T09:49:29","modified_gmt":"2020-06-25T13:49:29","slug":"la-polemique-fait-rage-autour-de-la-reprise-ou-non-du-championnat-en-egypte","status":"publish","type":"post","link":"https:\/\/linitiative.ca\/International\/la-polemique-fait-rage-autour-de-la-reprise-ou-non-du-championnat-en-egypte\/","title":{"rendered":"La pol\u00e9mique fait rage autour de la reprise ou non du championnat en Egypte\u00a0!"},"content":{"rendered":"<p class=\"p1 c3\"><span class=\"c2\">Dans un communiqu\u00e9 paru lundi dernier, le ministre de la jeunesse et des sports \u00e9gyptien a fix\u00e9 la\u00a0reprise championnat, interrompu au mois de mars dernier \u00e0 cause de la propagation de la pand\u00e9mie du covid 19\u00a0 pour le 25 juillet prochain, sur la base d\u2019un protocole sanitaire strict \u00e9tabli conjointement par son d\u00e9partement, le minist\u00e8re de la sant\u00e9 publique et la commission f\u00e9d\u00e9rale charg\u00e9e de g\u00e9rer, provisoirement, les affaires du football au pays du Nil et ce en attendant que soit \u00e9lu un nouveau bureau f\u00e9d\u00e9ral devant succ\u00e9der au pr\u00e9c\u00e9dent bureau de Hani Abou Rida qui a,\u00a0 rappelons-le, pr\u00e9sent\u00e9 sa d\u00e9mission apr\u00e8s l\u2019\u00e9limination surprise de l\u2019\u00e9quipe nationale \u00e9gyptienne au premier tour de la CAN 2019.\u00a0<\/span><\/p>\n<p class=\"p1 c3\"><span class=\"c2\">Mais, la d\u00e9cision du ministre de la jeunesse du sport n\u2019a pas pour autant\u00a0mis fin \u00e0 la pol\u00e9mique qui faisait rage entre les clubs favorables\u00a0 (minoritaires) \u00e0 la reprise du championnat ayant pour chef de file Al Ahly\u00a0 et ceux formant la majorit\u00e9 (14 sur les 18 que compte la premi\u00e8re League \u00e9gyptienne) ayant \u00e0 leur t\u00eate, Nadi Zamalek qui sont pour l\u2019annulation pure et simple du championnat et de la coupe.\u00a0\u00a0<\/span><\/p>\n<p class=\"p1 c3\"><span class=\"c2\">Mortada Mansour\u00a0: \u00ab\u00a0je ne m&rsquo;opposerai\u00a0pas \u00e0 ce que le titre aille \u00e0 Al Ahly en cas d\u2019annulation du championnat!\u00bb<\/span><\/p>\n<p class=\"p1 c3\"><span class=\"c2\">Martelant que la cause (le coronavirus) ayant a entra\u00een\u00e9 l\u2019interruption\u00a0des comp\u00e9titions sportives en Egypte est toujours pr\u00e9sente et est m\u00eame aujourd\u2019hui beaucoup plus r\u00e9pandue puisque l\u2019\u00e9gypte\u00a0d\u00e9plore actuellement plus de 20 mille cas alors qu\u203aau moment o\u00f9 la d\u00e9cision\u00a0de l\u203aarr\u00eat des comp\u00e9titions\u00a0fut\u00a0prise le nombre\u00a0des personnes contamin\u00e9es ne d\u00e9passait pas la cinquantaine, la reprise du championnat du championnat est de nature \u00e0 exposer les joueurs aux dangers de la contamination par le virus.<\/span><\/p>\n<p class=\"p1 c3\"><span class=\"c2\">\u00a0En plus du covid 19 raison, Mortada Mansour \u00e9voque aussi l\u2019absence de ses meilleurs joueurs s\u2019agissant du le Tunisien Ferjani Sassi, les deux Marocains Mohamed Ounnajem\u00a0et Achraf Ben Charqui et le Congolais Kabongo Kosongo, tous les quatre bloqu\u00e9s dans leurs pays respectifs \u00e0 cause de l\u2019arr\u00eat du trafic a\u00e9rien entre\u00a0l\u2019Egypte\u00a0et ces pays. Dans une d\u00e9claration accord\u00e9e, avant hier, \u00e0 la cha\u00eene\u00a0Zamalek TV, ,Mortada Mansour a indiqu\u00e9 qu\u2019il refuse de soumettre ses joueurs aux tests PCR exig\u00e9s par les autorit\u00e9s \u00e9gyptiennes pour la reprise des entra\u00eenements. \u2018je veux rassurer tous ceux qui tiennent tellement \u00e0 reprendre le championnat pour que le titre aille \u00e0 Al Ahly (celui-ci compte 16 points d\u2019avance sur son poursuivant imm\u00e9diat), que nous nous opposerons pas \u00e0 lui accorder le titre en cas d\u2019annulation du championnat. Le plus important de tout, c\u2019est de ne pas mettre la sant\u00e9 des joueurs en danger\u2019 a-ti not\u00e9 en substance.<\/span><\/p>\n<p class=\"p2 c4\"><span class=\"c2\"><strong>Ameur KERKENNI<\/strong><\/span><\/p>\n<p>Auteur: letemps1<br \/>\n<a href=\"http:\/\/www.letemps.com.tn\/article\/115134\/la-pol%C3%A9mique-fait-rage-autour-de-la-reprise-ou-non-du-championnat-en-egypte%C2%A0\">Cliquez ici pour lire l&rsquo;article depuis sa source.<\/a><\/p>\n","protected":false},"excerpt":{"rendered":"<p>Dans un communiqu\u00e9 paru lundi dernier, le ministre de la jeunesse et des sports \u00e9gyptien a fix\u00e9 la\u00a0reprise championnat, interrompu au mois de mars dernier \u00e0 cause de la propagation de la pand\u00e9mie du covid 19\u00a0 pour le 25 juillet prochain, sur la base d\u2019un protocole sanitaire strict \u00e9tabli conjointement par son d\u00e9partement, le minist\u00e8re [&hellip;]<\/p>\n","protected":false},"author":1773,"featured_media":0,"comment_status":"closed","ping_status":"closed","sticky":false,"template":"","format":"standard","meta":{"fifu_image_url":"","fifu_image_alt":"","footnotes":""},"categories":[73,55],"tags":[],"class_list":["post-90104","post","type-post","status-publish","format-standard","hentry","category-actualite","category-tunisie"],"_links":{"self":[{"href":"https:\/\/linitiative.ca\/International\/wp-json\/wp\/v2\/posts\/90104","targetHints":{"allow":["GET"]}}],"collection":[{"href":"https:\/\/linitiative.ca\/International\/wp-json\/wp\/v2\/posts"}],"about":[{"href":"https:\/\/linitiative.ca\/International\/wp-json\/wp\/v2\/types\/post"}],"author":[{"embeddable":true,"href":"https:\/\/linitiative.ca\/International\/wp-json\/wp\/v2\/users\/1773"}],"replies":[{"embeddable":true,"href":"https:\/\/linitiative.ca\/International\/wp-json\/wp\/v2\/comments?post=90104"}],"version-history":[{"count":0,"href":"https:\/\/linitiative.ca\/International\/wp-json\/wp\/v2\/posts\/90104\/revisions"}],"wp:attachment":[{"href":"https:\/\/linitiative.ca\/International\/wp-json\/wp\/v2\/media?parent=90104"}],"wp:term":[{"taxonomy":"category","embeddable":true,"href":"https:\/\/linitiative.ca\/International\/wp-json\/wp\/v2\/categories?post=90104"},{"taxonomy":"post_tag","embeddable":true,"href":"https:\/\/linitiative.ca\/International\/wp-json\/wp\/v2\/tags?post=90104"}],"curies":[{"name":"wp","href":"https:\/\/api.w.org\/{rel}","templated":true}]}}