{"id":90106,"date":"2020-06-25T10:06:00","date_gmt":"2020-06-25T14:06:00","guid":{"rendered":"https:\/\/linitiative.ca\/International\/situation-sociale-chaotique-et-risque-dembrasement\/"},"modified":"2020-06-25T10:06:00","modified_gmt":"2020-06-25T14:06:00","slug":"situation-sociale-chaotique-et-risque-dembrasement","status":"publish","type":"post","link":"https:\/\/linitiative.ca\/International\/situation-sociale-chaotique-et-risque-dembrasement\/","title":{"rendered":"Situation sociale chaotique  et risque d\u2019embrasement"},"content":{"rendered":"<p class=\"p1 c3\"><span class=\"c2\"><strong><em>C\u2019est aujourd\u2019hui que le gouvernement sera auditionn\u00e9 sous la coupole de Bardo. \u00c0 l\u2019Assembl\u00e9e des Repr\u00e9sentants du Peuple (ARP), Ely\u00e8s Fakhfakh et son \u00e9quipe gouvernementale doivent dresser le bilan de leurs 100 premiers jours depuis leur installation au quartier gouvernemental \u00e0 la Kasbah. Un bilan qui s\u2019attellera aux actions men\u00e9es par le gouvernement tout au long de la crise de la pand\u00e9mie ainsi que les r\u00e9formes que le Chef du gouvernement ait entreprises ou voudrait entreprendre.<\/em><\/strong><\/span><\/p>\n<p class=\"p2 c4\">\u00a0<\/p>\n<p class=\"p3 c5\"><span class=\"c2\"><strong><em>Les 100 premiers jours furent pleins de tractations. Politiques soit-elle, ou m\u00eame sociales, Ely\u00e8s Fakhfakh se trouve confront\u00e9, ces derniers jours, \u00e0 une opposition de plus en plus \u00abagressive\u00bb, Qalb Toun\u00e8s et la Coalition Al Karama en l\u2019occurrence. D\u2019apr\u00e8s des sources au sein de l\u2019ARP, ces deux composantes de l\u2019\u00e9chiquier politique \u00e0 l\u2019ARP pr\u00e9parent une motion de censure contre le gouvernement de Fakhfakh.<\/em><\/strong><\/span><\/p>\n<p class=\"p3 c5\"><span class=\"c2\"><strong><em>Le Chef du gouvernement ainsi que son \u00e9quipe, le ministre de l\u2019int\u00e9rieur, principalement, se trouvent \u00e9galement confront\u00e9s \u00e0 une nouvelle vague de tensions sociales. Apr\u00e8s les manifestations survenues \u00e0 El Meknassi (gouvernorat Sidi-Bouzid), les tensions sociales persistent. Cette fois, c\u2019est \u00e0 Tataouine que les mouvements de col\u00e8re se sont d\u00e9clench\u00e9es sur la base de l\u2019accord d\u2019El Kamour. Pour la 6\u00e8me journ\u00e9es cons\u00e9cutive, les manifestations continuent.<span class=\"Apple-converted-space\">\u00a0<\/span><\/em><\/strong><\/span><\/p>\n<p class=\"p3 c5\"><span class=\"c2\"><strong><em>L\u2019intervention polici\u00e8re est critiqu\u00e9e. Le minist\u00e8re de l\u2019int\u00e9rieur se justifie et trouve des excuses pour justifier les d\u00e9passements.<span class=\"Apple-converted-space\">\u00a0<\/span> A vrai dire, les 100 premiers jours du gouvernement \u00e9taient pleins de tractations, sociales principalement. Chiffres \u00e0 l\u2019appui. D\u2019apr\u00e8s, le Forum Tunisien des droits \u00e9conomiques et sociaux (FTDES), les 100 premiers jours de l\u2019actuel gouvernement sont marqu\u00e9s par 1138 mouvements de protestation. C\u2019est dire que tout au long de la p\u00e9riode allant du 27 f\u00e9vrier 2020 (date de prise de fonctions du gouvernement) au 5 juin courant, la Tunisie a connu au moins 11 mouvements de protestations quotidiennes. <span class=\"Apple-converted-space\">\u00a0<\/span><\/em><\/strong><\/span><\/p>\n<p class=\"p2 c4\">\u00a0<\/p>\n<p class=\"p4 c6\"><span class=\"c2\"><strong>Le centre ouest d\u00e9nonce\u2026<\/strong><\/span><\/p>\n<p class=\"p3 c5\"><span class=\"c2\"><strong><em>Sur 1138 mouvements de protestation, environ 500 mouvements sont observ\u00e9s au niveau de la r\u00e9gion du centre-ouest. D\u2019apr\u00e8s le rapport, Sidi Bouzid et Kairouan sont les deux gouvernorats qui connaissent le plus de protestations sociales, avec respectivement 311 et 167 mouvements. Il y a de quoi. \u00c0 Tataouine, les protestations sociales ont atteint 103. De quoi ne pas \u00eatre surpris par les derni\u00e8res manifestations relatives \u00e0 l\u2019accord d\u2019El Kamour. Le ph\u00e9nom\u00e8ne des protestations touche \u00e9galement le gouvernorat de Sousse, o\u00f9 les mouvements se chiffrent \u00e0 97.<\/em><\/strong><\/span><\/p>\n<p class=\"p3 c5\"><span class=\"c2\"><strong><em>Cela repr\u00e9sente 12 mouvements de plus par rapport au gouvernorat de Gafsa. C\u2019est \u00e9galement, deux fois le nombre des protestations survenues \u00e0 Jendouba et 5 fois le nombre des mouvements sociaux observ\u00e9s \u00e0 Bizerte.<span class=\"Apple-converted-space\">\u00a0<\/span> De toutes les mani\u00e8res, les manifestations touchent l\u2019ensemble du territoire national, enfin presque. Tout au long des 100 premiers jours du gouvernement de Fakhfakh, les tensions sociales persistent.<span class=\"Apple-converted-space\">\u00a0<\/span> Le confinement g\u00e9n\u00e9ral, observ\u00e9 tout au long de deux mois, n\u2019a pas emp\u00each\u00e9 les Tunisiens de manifester.<span class=\"Apple-converted-space\">\u00a0<\/span><\/em><\/strong><\/span><\/p>\n<p class=\"p2 c4\">\u00a0<\/p>\n<p class=\"p4 c6\"><span class=\"c2\"><strong>Le sit-in, ce ph\u00e9nom\u00e8ne\u2026<\/strong><\/span><\/p>\n<p class=\"p3 c5\"><span class=\"c2\"><strong><em>D\u2019apr\u00e8s les informations communiqu\u00e9es par le FDTES, les manifestations observ\u00e9es tout long des 100 premiers jours de l\u2019actuel gouvernement ont touch\u00e9 l\u2019ensemble des secteurs. Au moins 317 mouvements ont eu lieu sur la base des revendications syndicales. Il s\u2019agit, entre autres, des revendications des droits syndicaux, tels que l\u2019am\u00e9lioration des conditions de travail et l\u2019application des conventions collectives. 204 autres mouvements sont observ\u00e9es<span class=\"Apple-converted-space\">\u00a0<\/span> dans le secteur de la sant\u00e9, alors que le secteur de la s\u00e9curit\u00e9 conna\u00eet au moins 104 protestations. L\u2019acc\u00e8s \u00e0 l\u2019eau, a fait \u00e9galement l\u2019objet de 69 manifestation. La revendication de l\u2019emploi, \u00e0 son tour, a fait l\u2019objet de 121 mouvements sociaux. Toujours, selon les donn\u00e9es du FTDES, la majorit\u00e9 des mouvements ont \u00e9tait observ\u00e9s sous forme de sit-in. Sur les routes, le FTDES recense 224 sit-in alors que dans les lieux de travail, les sit-in se chiffrent \u00e0 173.<span class=\"Apple-converted-space\">\u00a0<\/span><\/em><\/strong><\/span><\/p>\n<p class=\"p2 c4\">\u00a0<\/p>\n<p class=\"p5 c7\"><span class=\"c2\"><strong>Z.D.<span class=\"Apple-converted-space\">\u00a0<\/span><\/strong><\/span><\/p>\n<p>Auteur: letemps1<br \/>\n<a href=\"http:\/\/www.letemps.com.tn\/article\/115137\/situation-sociale-chaotique-et-risque-d%E2%80%99embrasement\">Cliquez ici pour lire l&rsquo;article depuis sa source.<\/a><\/p>\n","protected":false},"excerpt":{"rendered":"<p>C\u2019est aujourd\u2019hui que le gouvernement sera auditionn\u00e9 sous la coupole de Bardo. \u00c0 l\u2019Assembl\u00e9e des Repr\u00e9sentants du Peuple (ARP), Ely\u00e8s Fakhfakh et son \u00e9quipe gouvernementale doivent dresser le bilan de leurs 100 premiers jours depuis leur installation au quartier gouvernemental \u00e0 la Kasbah. Un bilan qui s\u2019attellera aux actions men\u00e9es par le gouvernement tout au [&hellip;]<\/p>\n","protected":false},"author":1773,"featured_media":0,"comment_status":"closed","ping_status":"closed","sticky":false,"template":"","format":"standard","meta":{"fifu_image_url":"","fifu_image_alt":"","footnotes":""},"categories":[73,55],"tags":[],"class_list":["post-90106","post","type-post","status-publish","format-standard","hentry","category-actualite","category-tunisie"],"_links":{"self":[{"href":"https:\/\/linitiative.ca\/International\/wp-json\/wp\/v2\/posts\/90106","targetHints":{"allow":["GET"]}}],"collection":[{"href":"https:\/\/linitiative.ca\/International\/wp-json\/wp\/v2\/posts"}],"about":[{"href":"https:\/\/linitiative.ca\/International\/wp-json\/wp\/v2\/types\/post"}],"author":[{"embeddable":true,"href":"https:\/\/linitiative.ca\/International\/wp-json\/wp\/v2\/users\/1773"}],"replies":[{"embeddable":true,"href":"https:\/\/linitiative.ca\/International\/wp-json\/wp\/v2\/comments?post=90106"}],"version-history":[{"count":0,"href":"https:\/\/linitiative.ca\/International\/wp-json\/wp\/v2\/posts\/90106\/revisions"}],"wp:attachment":[{"href":"https:\/\/linitiative.ca\/International\/wp-json\/wp\/v2\/media?parent=90106"}],"wp:term":[{"taxonomy":"category","embeddable":true,"href":"https:\/\/linitiative.ca\/International\/wp-json\/wp\/v2\/categories?post=90106"},{"taxonomy":"post_tag","embeddable":true,"href":"https:\/\/linitiative.ca\/International\/wp-json\/wp\/v2\/tags?post=90106"}],"curies":[{"name":"wp","href":"https:\/\/api.w.org\/{rel}","templated":true}]}}