{"id":90111,"date":"2020-06-25T15:13:28","date_gmt":"2020-06-25T19:13:28","guid":{"rendered":"https:\/\/linitiative.ca\/International\/pros-belaili-de-retour-en-arabie-saoudite-la-semaine-prochaine\/"},"modified":"2020-06-25T15:13:28","modified_gmt":"2020-06-25T19:13:28","slug":"pros-belaili-de-retour-en-arabie-saoudite-la-semaine-prochaine","status":"publish","type":"post","link":"https:\/\/linitiative.ca\/International\/pros-belaili-de-retour-en-arabie-saoudite-la-semaine-prochaine\/","title":{"rendered":"Pros : Belaili de retour en Arabie Saoudite la semaine prochaine"},"content":{"rendered":"<div readability=\"32\">\n<p>Auteur : <span>Riad O<\/span> <span class=\"time\">jeudi 25 juin 2020 12:50<\/span><\/p>\n<\/div>\n<div id=\"post_core\" readability=\"39\">\n<p>A en croire la presse saoudienne, le joueur milieu de terrain Alg\u00e9rien d\u2019Al Ahli, Youcef Belaili devrait reprendre l\u2019entra\u00eenement avec son team la semaine prochaine. Le joueur de l\u2019EN se trouve chez lui \u00e0 Oran depuis plusieurs semaines et ce en raison de la pand\u00e9mie du Coronavirus. Alors qu\u2019il souhaite changer de club et tenter une exp\u00e9rience en Europe, Belaili va devoir trouver un club capable de r\u00e9pondre positivement aux exigences financi\u00e8res de la direction d\u2019Al Ahli. Rappelons que les responsables d\u2019Al Ahli ont fix\u00e9 le prix de Belaili \u00e0 4,5 millions de dollars.<\/p>\n<p><strong>Publi\u00e9 dans :<\/strong> <span>Bela\u00efli<\/span><\/p>\n<\/div>\n<p>Auteur:<br \/>\n<a href=\"http:\/\/www.lebuteur.com\/article\/detail?titre=belaili-de-retour-en-arabie-saoudite-la-semaine-prochaine&#038;id=96385&#038;utm_source=feedburner&#038;utm_medium=feed&#038;utm_campaign=Feed%3A+GalerieFArtciles+%28Les+derniers+articles++-+lebuteur.com%29\">Cliquez ici pour lire l&rsquo;article depuis sa source.<\/a><\/p>\n","protected":false},"excerpt":{"rendered":"<p>Auteur : Riad O jeudi 25 juin 2020 12:50 A en croire la presse saoudienne, le joueur milieu de terrain Alg\u00e9rien d\u2019Al Ahli, Youcef Belaili devrait reprendre l\u2019entra\u00eenement avec son team la semaine prochaine. Le joueur de l\u2019EN se trouve chez lui \u00e0 Oran depuis plusieurs semaines et ce en raison de la pand\u00e9mie du [&hellip;]<\/p>\n","protected":false},"author":1738,"featured_media":90112,"comment_status":"closed","ping_status":"closed","sticky":false,"template":"","format":"standard","meta":{"fifu_image_url":"","fifu_image_alt":"","footnotes":""},"categories":[53,75],"tags":[],"class_list":["post-90111","post","type-post","status-publish","format-standard","has-post-thumbnail","hentry","category-algerie","category-sport"],"_links":{"self":[{"href":"https:\/\/linitiative.ca\/International\/wp-json\/wp\/v2\/posts\/90111","targetHints":{"allow":["GET"]}}],"collection":[{"href":"https:\/\/linitiative.ca\/International\/wp-json\/wp\/v2\/posts"}],"about":[{"href":"https:\/\/linitiative.ca\/International\/wp-json\/wp\/v2\/types\/post"}],"author":[{"embeddable":true,"href":"https:\/\/linitiative.ca\/International\/wp-json\/wp\/v2\/users\/1738"}],"replies":[{"embeddable":true,"href":"https:\/\/linitiative.ca\/International\/wp-json\/wp\/v2\/comments?post=90111"}],"version-history":[{"count":0,"href":"https:\/\/linitiative.ca\/International\/wp-json\/wp\/v2\/posts\/90111\/revisions"}],"wp:featuredmedia":[{"embeddable":true,"href":"https:\/\/linitiative.ca\/International\/wp-json\/"}],"wp:attachment":[{"href":"https:\/\/linitiative.ca\/International\/wp-json\/wp\/v2\/media?parent=90111"}],"wp:term":[{"taxonomy":"category","embeddable":true,"href":"https:\/\/linitiative.ca\/International\/wp-json\/wp\/v2\/categories?post=90111"},{"taxonomy":"post_tag","embeddable":true,"href":"https:\/\/linitiative.ca\/International\/wp-json\/wp\/v2\/tags?post=90111"}],"curies":[{"name":"wp","href":"https:\/\/api.w.org\/{rel}","templated":true}]}}