{"id":90120,"date":"2020-06-25T09:00:00","date_gmt":"2020-06-25T13:00:00","guid":{"rendered":"https:\/\/linitiative.ca\/International\/service-national-le-president-tebboune-signe-un-decret-dispensant-les-citoyens-de-30-ans-et-plus\/"},"modified":"2020-06-25T09:00:00","modified_gmt":"2020-06-25T13:00:00","slug":"service-national-le-president-tebboune-signe-un-decret-dispensant-les-citoyens-de-30-ans-et-plus","status":"publish","type":"post","link":"https:\/\/linitiative.ca\/International\/service-national-le-president-tebboune-signe-un-decret-dispensant-les-citoyens-de-30-ans-et-plus\/","title":{"rendered":"Service national : Le Pr\u00e9sident Tebboune signe un d\u00e9cret dispensant les citoyens de 30 ans et plus"},"content":{"rendered":"<p>Un communiqu\u00e9 de la Pr\u00e9sidence de la R\u00e9publique a indiqu\u00e9, \u00ab\u00a0le Pr\u00e9sident de la R\u00e9publique, Abdelmadjid Tebboune a sign\u00e9 ce matin un d\u00e9cret pr\u00e9sidentiel portant dispense des obligations du Service national au profit des citoyens ayant atteint l&rsquo;\u00e2ge de 30 ans et plus au 31 d\u00e9cembre 2020, non encore incorpor\u00e9s\u00a0\u00bb.<\/p>\n<p>\u00ab\u00a0Sont \u00e9galement dispens\u00e9s de ces obligations les citoyens ayant atteint l&rsquo;\u00e2ge de 30 ans et plus au 31 d\u00e9cembre 2020 et qui n&rsquo;ont pas encore r\u00e9gularis\u00e9 leur situation vis-\u00e0-vis du Service national\u00a0\u00bb, a conclu le communiqu\u00e9<br \/>. APS<\/p>\n<p>Auteur: elmoudjahid<br \/>\n<a href=\"http:\/\/www.elmoudjahid.com\/fr\/actualites\/155515\">Cliquez ici pour lire l&rsquo;article depuis sa source.<\/a><\/p>\n","protected":false},"excerpt":{"rendered":"<p>Un communiqu\u00e9 de la Pr\u00e9sidence de la R\u00e9publique a indiqu\u00e9, \u00ab\u00a0le Pr\u00e9sident de la R\u00e9publique, Abdelmadjid Tebboune a sign\u00e9 ce matin un d\u00e9cret pr\u00e9sidentiel portant dispense des obligations du Service national au profit des citoyens ayant atteint l&rsquo;\u00e2ge de 30 ans et plus au 31 d\u00e9cembre 2020, non encore incorpor\u00e9s\u00a0\u00bb. \u00ab\u00a0Sont \u00e9galement dispens\u00e9s de ces [&hellip;]<\/p>\n","protected":false},"author":1744,"featured_media":0,"comment_status":"closed","ping_status":"closed","sticky":false,"template":"","format":"standard","meta":{"fifu_image_url":"","fifu_image_alt":"","footnotes":""},"categories":[73,53],"tags":[],"class_list":["post-90120","post","type-post","status-publish","format-standard","hentry","category-actualite","category-algerie"],"_links":{"self":[{"href":"https:\/\/linitiative.ca\/International\/wp-json\/wp\/v2\/posts\/90120","targetHints":{"allow":["GET"]}}],"collection":[{"href":"https:\/\/linitiative.ca\/International\/wp-json\/wp\/v2\/posts"}],"about":[{"href":"https:\/\/linitiative.ca\/International\/wp-json\/wp\/v2\/types\/post"}],"author":[{"embeddable":true,"href":"https:\/\/linitiative.ca\/International\/wp-json\/wp\/v2\/users\/1744"}],"replies":[{"embeddable":true,"href":"https:\/\/linitiative.ca\/International\/wp-json\/wp\/v2\/comments?post=90120"}],"version-history":[{"count":0,"href":"https:\/\/linitiative.ca\/International\/wp-json\/wp\/v2\/posts\/90120\/revisions"}],"wp:attachment":[{"href":"https:\/\/linitiative.ca\/International\/wp-json\/wp\/v2\/media?parent=90120"}],"wp:term":[{"taxonomy":"category","embeddable":true,"href":"https:\/\/linitiative.ca\/International\/wp-json\/wp\/v2\/categories?post=90120"},{"taxonomy":"post_tag","embeddable":true,"href":"https:\/\/linitiative.ca\/International\/wp-json\/wp\/v2\/tags?post=90120"}],"curies":[{"name":"wp","href":"https:\/\/api.w.org\/{rel}","templated":true}]}}