{"id":90124,"date":"2020-06-25T14:33:50","date_gmt":"2020-06-25T18:33:50","guid":{"rendered":"https:\/\/linitiative.ca\/International\/106646-foot-ligue-1-professionnelle-le-crb-l-asam-et-le-ncm-signent-la-convention-tripartite\/"},"modified":"2020-06-25T14:33:50","modified_gmt":"2020-06-25T18:33:50","slug":"106646-foot-ligue-1-professionnelle-le-crb-l-asam-et-le-ncm-signent-la-convention-tripartite","status":"publish","type":"post","link":"https:\/\/linitiative.ca\/International\/106646-foot-ligue-1-professionnelle-le-crb-l-asam-et-le-ncm-signent-la-convention-tripartite\/","title":{"rendered":"Foot\/ Ligue 1 professionnelle : le CRB, l&rsquo;ASAM, et le NCM signent la  convention tripartite"},"content":{"rendered":"<p><span class=\"sp-nh-title\">Prise en charge du projet du barrage Medjedel de M&rsquo;sila lors de l&rsquo;exercice 2021<\/span> &#8211; <span class=\"sp-nh-date\">jeudi 25 juin 2020 19:34<\/span><\/p>\n<p><span class=\"sp-nh-title\">Foot\/ Ligue 1 professionnelle : le CRB, l&rsquo;ASAM, et le NCM signent la convention tripartite<\/span> &#8211; <span class=\"sp-nh-date\">jeudi 25 juin 2020 19:33<\/span><\/p>\n<p><span class=\"sp-nh-title\">Mostaganem: d\u00e9c\u00e8s du moudjahid Abdelkader Kouini dit Nacer<\/span> &#8211; <span class=\"sp-nh-date\">jeudi 25 juin 2020 19:32<\/span><\/p>\n<p><span class=\"sp-nh-title\">Le secteur des Energies renouvelables dot\u00e9 d\u2019une \u00e9cole nationale sup\u00e9rieure<\/span> &#8211; <span class=\"sp-nh-date\">jeudi 25 juin 2020 19:22<\/span><\/p>\n<p><span class=\"sp-nh-title\">S\u00e9nat : Examen du projet de loi instituant 8 mai Journ\u00e9e nationale de la m\u00e9moire<\/span> &#8211; <span class=\"sp-nh-date\">jeudi 25 juin 2020 19:16<\/span><\/p>\n<p><span class=\"sp-nh-title\">BEM\/BAC: Protocole sanitaire au sein des centres de d\u00e9roulement des \u00e9preuves de sport<\/span> &#8211; <span class=\"sp-nh-date\">jeudi 25 juin 2020 19:07<\/span><\/p>\n<p><span class=\"sp-nh-title\">Minist\u00e8re de la justice: Recrutement de plus de 220 personnes aux besoins sp\u00e9cifiques ces derni\u00e8res ann\u00e9es<\/span> &#8211; <span class=\"sp-nh-date\">jeudi 25 juin 2020 18:53<\/span><\/p>\n<p><span class=\"sp-nh-title\">Football \/ Alg\u00e9rie : les clubs n&rsquo;ont pas les moyens pour reprendre<\/span> &#8211; <span class=\"sp-nh-date\">jeudi 25 juin 2020 18:37<\/span><\/p>\n<p><span class=\"sp-nh-title\">Commerce : cr\u00e9ation d\u2019une cellule d\u2019\u00e9coute au profit des exportateurs<\/span> &#8211; <span class=\"sp-nh-date\">jeudi 25 juin 2020 18:33<\/span><\/p>\n<p><span class=\"sp-nh-title\">Benbouzid : d\u00e9gel des projets du secteur de la sant\u00e9 en fonction des priorit\u00e9s de chaque r\u00e9gion<\/span> &#8211; <span class=\"sp-nh-date\">jeudi 25 juin 2020 18:16<\/span><\/p>\n<p><span class=\"sp-nh-title\">Examens de promotion: Ouadjaout visite les centres de correction \u00e0 Alger<\/span> &#8211; <span class=\"sp-nh-date\">jeudi 25 juin 2020 17:57<\/span><\/p>\n<p><span class=\"sp-nh-title\">Le nouveau recensement des b\u00e2tisses mena\u00e7ant ruine \u00e0 la Casbah d\u2019Alger se poursuit<\/span> &#8211; <span class=\"sp-nh-date\">jeudi 25 juin 2020 17:51<\/span><\/p>\n<p><span class=\"sp-nh-title\">Symposium sur le Sahara occidental: un appel solennel \u00e0 la reprise du processus onusien<\/span> &#8211; <span class=\"sp-nh-date\">jeudi 25 juin 2020 17:50<\/span><\/p>\n<p><span class=\"sp-nh-title\">Affaires religieuses: coup d&rsquo;envoi d&rsquo;une caravane de solidarit\u00e9 \u00e0 destination des villages et mechtas de Tizi Ouzou<\/span> &#8211; <span class=\"sp-nh-date\">jeudi 25 juin 2020 17:32<\/span><\/p>\n<p><span class=\"sp-nh-title\">Coronavirus: 197 nouveaux cas, 128 gu\u00e9risons et 9 d\u00e9c\u00e8s en Alg\u00e9rie durant les derni\u00e8res 24 h<\/span> &#8211; <span class=\"sp-nh-date\">jeudi 25 juin 2020 16:56<\/span><\/p>\n<p><span class=\"sp-nh-title\">AADL: 40.000 souscripteurs choisiront leurs sites dans les prochains jours<\/span> &#8211; <span class=\"sp-nh-date\">jeudi 25 juin 2020 16:50<\/span><\/p>\n<p><span class=\"sp-nh-title\">Moustique tigre \u00e0 Tizi-Ouzou : les agriculteurs invit\u00e9s \u00e0 la vigilance<\/span> &#8211; <span class=\"sp-nh-date\">jeudi 25 juin 2020 16:43<\/span><\/p>\n<p><span class=\"sp-nh-title\">Impact du Covid-19 sur le tourisme: la pand\u00e9mie coutera jusq&rsquo;u\u00e0 2 millions d&#8217;emplois en Afrique<\/span> &#8211; <span class=\"sp-nh-date\">jeudi 25 juin 2020 16:20<\/span><\/p>\n<p><span class=\"sp-nh-title\">Abdelbaki Benziane prend ses fonctions \u00e0 la t\u00eate du minist\u00e8re de l\u2019Enseignement sup\u00e9rieur<\/span> &#8211; <span class=\"sp-nh-date\">jeudi 25 juin 2020 16:14<\/span><\/p>\n<p><span class=\"sp-nh-title\">D\u00e9mant\u00e8lement d\u2019un r\u00e9seau criminel \u00e0 Birtouta (Alger), plus de 32 milliards de centimes r\u00e9cup\u00e9r\u00e9s<\/span> &#8211; <span class=\"sp-nh-date\">jeudi 25 juin 2020 15:59<\/span><\/p>\n<p>Auteur:<br \/>\n<a href=\"http:\/\/www.aps.dz\/sport\/106646-foot-ligue-1-professionnelle-le-crb-l-asam-et-le-ncm-signent-la-convention-tripartite?utm_source=feedburner&#038;utm_medium=feed&#038;utm_campaign=Feed%3A+aps-sport+%28APS+-+SPORT%29\">Cliquez ici pour lire l&rsquo;article depuis sa source.<\/a><\/p>\n","protected":false},"excerpt":{"rendered":"<p>Prise en charge du projet du barrage Medjedel de M&rsquo;sila lors de l&rsquo;exercice 2021 &#8211; jeudi 25 juin 2020 19:34 Foot\/ Ligue 1 professionnelle : le CRB, l&rsquo;ASAM, et le NCM signent la convention tripartite &#8211; jeudi 25 juin 2020 19:33 Mostaganem: d\u00e9c\u00e8s du moudjahid Abdelkader Kouini dit Nacer &#8211; jeudi 25 juin 2020 19:32 [&hellip;]<\/p>\n","protected":false},"author":1790,"featured_media":0,"comment_status":"closed","ping_status":"closed","sticky":false,"template":"","format":"standard","meta":{"fifu_image_url":"","fifu_image_alt":"","footnotes":""},"categories":[53,75],"tags":[],"class_list":["post-90124","post","type-post","status-publish","format-standard","hentry","category-algerie","category-sport"],"_links":{"self":[{"href":"https:\/\/linitiative.ca\/International\/wp-json\/wp\/v2\/posts\/90124","targetHints":{"allow":["GET"]}}],"collection":[{"href":"https:\/\/linitiative.ca\/International\/wp-json\/wp\/v2\/posts"}],"about":[{"href":"https:\/\/linitiative.ca\/International\/wp-json\/wp\/v2\/types\/post"}],"author":[{"embeddable":true,"href":"https:\/\/linitiative.ca\/International\/wp-json\/wp\/v2\/users\/1790"}],"replies":[{"embeddable":true,"href":"https:\/\/linitiative.ca\/International\/wp-json\/wp\/v2\/comments?post=90124"}],"version-history":[{"count":0,"href":"https:\/\/linitiative.ca\/International\/wp-json\/wp\/v2\/posts\/90124\/revisions"}],"wp:attachment":[{"href":"https:\/\/linitiative.ca\/International\/wp-json\/wp\/v2\/media?parent=90124"}],"wp:term":[{"taxonomy":"category","embeddable":true,"href":"https:\/\/linitiative.ca\/International\/wp-json\/wp\/v2\/categories?post=90124"},{"taxonomy":"post_tag","embeddable":true,"href":"https:\/\/linitiative.ca\/International\/wp-json\/wp\/v2\/tags?post=90124"}],"curies":[{"name":"wp","href":"https:\/\/api.w.org\/{rel}","templated":true}]}}