{"id":90131,"date":"2020-06-25T14:00:00","date_gmt":"2020-06-25T18:00:00","guid":{"rendered":"https:\/\/linitiative.ca\/International\/imed-hazgui-la-tunisie-est-determinee-a-moderniser-son-armee-et-a-accroitre-son-interoperabilite-video-photos\/"},"modified":"2020-06-25T14:00:00","modified_gmt":"2020-06-25T18:00:00","slug":"imed-hazgui-la-tunisie-est-determinee-a-moderniser-son-armee-et-a-accroitre-son-interoperabilite-video-photos","status":"publish","type":"post","link":"https:\/\/linitiative.ca\/International\/imed-hazgui-la-tunisie-est-determinee-a-moderniser-son-armee-et-a-accroitre-son-interoperabilite-video-photos\/","title":{"rendered":"Imed Hazgui : La Tunisie est d\u00e9termin\u00e9e \u00e0 moderniser son arm\u00e9e et \u00e0 accro\u00eetre son interop\u00e9rabilit\u00e9 (Vid\u00e9o &amp; Photos)"},"content":{"rendered":"<p class=\"c3\">\u00ab Le choix est clair et la r\u00e9solution ferme. La Tunisie est r\u00e9solument d\u00e9termin\u00e9e \u00e0 moderniser son arm\u00e9e en la dotant des strat\u00e9gies, moyens et ressources appropri\u00e9s afin qu\u2019elle joue pleinement son r\u00f4le dans le d\u00e9veloppement et dans la d\u00e9fense de l\u2019int\u00e9grit\u00e9 nationale et de la totale souverainet\u00e9 de l\u2019\u00c9tat sur l\u2019ensemble du territoire et ses prolongements, a\u00e9riens et maritimes. \u00bb C\u2019est ce qu\u2019affirme le ministre de la D\u00e9fense nationale, Imed Hazgui, dans une interview qu\u2019il a accord\u00e9e \u00e0 <span class=\"c2\"><strong>Leaders<\/strong><\/span>.<\/p>\n<p class=\"c4\"><iframe loading=\"lazy\" src=\"https:\/\/www.youtube.com\/embed\/h-QsaI2dCP8\" allow=\"accelerometer; autoplay; encrypted-media; gyroscope; picture-in-picture\" allowfullscreen=\"\" width=\"560\" height=\"315\" frameborder=\"0\">[embedded content]<\/iframe><\/p>\n<p class=\"c3\">Les priorit\u00e9s sont fix\u00e9es au m\u00eame titre que le renforcement des capacit\u00e9s op\u00e9rationnelles : \u00e9laboration d\u2019une doctrine militaire, d\u2019une nouvelle vision strat\u00e9gique \u00e0 l\u2019horizon 2030-2040, et d\u2019un Livre blanc sur la r\u00e9organisation structurelle pour la premi\u00e8re fois depuis 40 ans, la r\u00e9vision des statuts g\u00e9n\u00e9ral et particulier des militaires, l\u2019am\u00e9lioration des conditions de vie, de travail et de r\u00e9mun\u00e9ration des militaires, la revalorisation des pensions, une plus grande sollicitude envers les retrait\u00e9s, les bless\u00e9s et les familles des martyrs de l\u2019institution militaire, la r\u00e9vision du Service national et la promotion de la femme \u00e0 tous les \u00e9chelons\u2026<\/p>\n<p class=\"c3\">Acquisition de nouveaux \u00e9quipements, perfectionnement des militaires dans diff\u00e9rentes sp\u00e9cialit\u00e9s et technologies de pointe, d\u00e9veloppement des dispositifs de cyberd\u00e9fense, intensification du renseignement et de son traitement et consolidation de la coop\u00e9ration bilat\u00e9rale et internationale, sont pour le ministre de la D\u00e9fense nationale des axes majeurs.<\/p>\n<p class=\"c3\">Une place plus large sera accord\u00e9e \u00e0 la femme au sein de l\u2019arm\u00e9e, d\u00e9j\u00e0 pass\u00e9e en deux ans de 6% \u00e0 15% entre 2015 et 2017, et promotion \u00e0 de hauts grades jusque-l\u00e0 non attribu\u00e9s.<\/p>\n<p class=\"c5\"><img decoding=\"async\" src=\"\/uploads\/FCK_files\/Imed-Hazgui---Fatma-Habaeib-Hentati-(13).jpg\" alt=\"\" width=\"100%\" vspace=\"5\" hspace=\"5\" align=\"middle\"\/><\/p>\n<p class=\"c3\">Le grand d\u00e9fi est cependant, pour le ministre Hazgui, d\u2019intensifier la lutte contre le terrorisme et ses nouvelles mutations, y compris cybern\u00e9tiques, o\u00f9 la Tunisie, en d\u00e9pit de la pand\u00e9mie de Covid-19, n\u2019a gu\u00e8re rel\u00e2ch\u00e9 sa vigilance, enregistrant de nouveaux succ\u00e8s significatifs, affirme-t-il.<\/p>\n<p class=\"c3\">Non sans fiert\u00e9 l\u00e9gitime, le ministre de la D\u00e9fense souligne la contribution significative apport\u00e9e par l\u2019Arm\u00e9e nationale \u00e0 la lutte contre la pand\u00e9mie, qu\u2019il s\u2019agisse du transport a\u00e9rien dans une op\u00e9ration remarquable d\u2019\u00e9quipements m\u00e9dicaux \u00e0 partir de la Chine, ou du rapatriement des Tunisiens. Les appareils militaires sont en effet partis les r\u00e9cup\u00e9rer jusqu\u2019au Vietnam, en Indon\u00e9sie et en Inde, mais aussi en Am\u00e9rique du Nord et en Europe. L\u2019envoi d\u2019une mission m\u00e9dicale tunisienne en Italie, sur instructions du pr\u00e9sident de la R\u00e9publique, chef supr\u00eame des forces arm\u00e9es, constitue elle aussi un motif de fiert\u00e9 et a produit un grand impact aupr\u00e8s des autorit\u00e9s et du peuple italiens.<\/p>\n<p class=\"c3\">\u00abForte de son palmar\u00e8s glorieux, de son engagement patriotique et r\u00e9publicain, pl\u00e9biscit\u00e9e par les Tunisiens et respect\u00e9e partout \u00e0 l\u2019\u00e9tranger, l\u2019Arm\u00e9e tunisienne, affirme le ministre, acc\u00e8de \u00e0 un niveau sup\u00e9rieur d\u2019interop\u00e9rabilit\u00e9. Elle aborde une mutation d\u00e9cisive d\u2019int\u00e9gration capitalis\u00e9e de tous ses moyens r\u00e9nov\u00e9s et enrichis, de modernit\u00e9 et de technologie, ouvrant la voie \u00e0 de nouvelles g\u00e9n\u00e9rations de militaires de tr\u00e8s haut niveau d\u2019engagement. \u00bb<\/p>\n<p class=\"c3\">\u00ab Je voudrais remercier les Tunisiens pour la confiance et la consid\u00e9ration qu\u2019ils t\u00e9moignent \u00e0 notre arm\u00e9e r\u00e9publicaine. Je tiens aussi \u00e0 les rassurer en leur affirmant que les forces arm\u00e9es se tiennent pleinement pr\u00eates \u00e0 d\u00e9fendre le peuple et la patrie, faisant face, de son op\u00e9rationnalit\u00e9 maximale, \u00e0 tout d\u00e9fi et garantissant l\u2019int\u00e9grit\u00e9 territoriale et la souverainet\u00e9 nationale \u00bb, rench\u00e9rit-il.<\/p>\n<p class=\"c3\">Dans ce vaste bureau historique d\u00e9cor\u00e9 de prestigieux troph\u00e9es, au 3\u00e8me \u00e9tage du minist\u00e8re de la D\u00e9fense nationale \u00e0 Beb Mnara, le ministre Imed Hazgui a rapidement pris ses marques. Il succ\u00e8de dans ses nouvelles fonctions \u00e0 d\u2019illustres pr\u00e9d\u00e9cesseurs : Bahi Ladgham, Ahmed Mestiri, Hassib Ben Ammar, B\u00e9ji Ca\u00efd Essebsi, Mohamed Mzali, Dali Jazi, et autres Habib Ben Yahya, pour ne citer que ceux-l\u00e0.<br \/>En trois mois seulement depuis son entr\u00e9e en fonction le 29 f\u00e9vrier dernier, il s\u2019est impr\u00e9gn\u00e9 des principaux dossiers, a pris connaissance des d\u00e9fis et enjeux et commenc\u00e9 sa tourn\u00e9e dans les casernes pour se rapprocher des troupes et des commandements sur le terrain.<\/p>\n<p class=\"c3\">Certes les semaines \u00e9coul\u00e9es, marqu\u00e9es par le confinement, le couvre-feu, le soutien \u00e0 l\u2019action du gouvernement contre le Covid-19, la situation sur nos fronti\u00e8res avec la Libye et la recrudescence du risque terroriste n\u2019ont gu\u00e8re laiss\u00e9 \u00e0 Imed Hazgui le moindre r\u00e9pit. Mais sa grande capacit\u00e9 d\u2019assimilation, sa force de concentration sur l\u2019essentiel, la qualit\u00e9 des relations qu\u2019il a rapidement instaur\u00e9es avec les membres du Conseil sup\u00e9rieur des arm\u00e9es (CSA) comme avec le chef du gouvernement et ses coll\u00e8gues ministres, et le soutien au quotidien du pr\u00e9sident de la R\u00e9publique, chef supr\u00eame des arm\u00e9es, lui facilitent la t\u00e2che. Une t\u00e2che exaltante qu\u2019il prend \u00e0 bras-le-corps.<strong><br \/><\/strong><\/p>\n<p class=\"c3\"><span class=\"c6\"><strong>Interview int\u00e9grale \u00e0 para\u00eetre dans le prochain num\u00e9ro de <em><span class=\"c2\">Leaders<\/span><\/em> N\u00b0 110 du mois de Juillet 2020<\/strong><\/span><\/p>\n<p class=\"c3\"><span class=\"c7\"><em><strong>Propos recueillis par Taoufik Habaieb &amp; Fatma Hentati<\/strong><\/em><\/span><\/p>\n<p class=\"c3\"><strong>Lire aussi<\/strong><\/p>\n<p class=\"c3\"><a href=\"https:\/\/www.leaders.com.tn\/article\/30151-regiment-51-des-commandos-marines-cette-force-navale-d-elite-2-0\" target=\"_blank\" rel=\"noopener noreferrer\"><strong>R\u00e9giment 51 des Commandos marines: Cette force navale d\u2019\u00e9lite 2.0 (Vid\u00e9o et Album Photos)<\/strong><\/a><br \/>\u00a0<\/p>\n<p>Auteur:<br \/>\n<a href=\"https:\/\/www.leaders.com.tn\/article\/30163-imed-hazgui-ministre-de-la-defense-nationale-la-tunisie-est-determinee-a-moderniser-son-armee-et-a-accroitre-son-interoperabilite\">Cliquez ici pour lire l&rsquo;article depuis sa source.<\/a><\/p>\n","protected":false},"excerpt":{"rendered":"<p>\u00ab Le choix est clair et la r\u00e9solution ferme. La Tunisie est r\u00e9solument d\u00e9termin\u00e9e \u00e0 moderniser son arm\u00e9e en la dotant des strat\u00e9gies, moyens et ressources appropri\u00e9s afin qu\u2019elle joue pleinement son r\u00f4le dans le d\u00e9veloppement et dans la d\u00e9fense de l\u2019int\u00e9grit\u00e9 nationale et de la totale souverainet\u00e9 de l\u2019\u00c9tat sur l\u2019ensemble du territoire et [&hellip;]<\/p>\n","protected":false},"author":1772,"featured_media":90132,"comment_status":"closed","ping_status":"closed","sticky":false,"template":"","format":"standard","meta":{"fifu_image_url":"","fifu_image_alt":"","footnotes":""},"categories":[73,55],"tags":[],"class_list":["post-90131","post","type-post","status-publish","format-standard","has-post-thumbnail","hentry","category-actualite","category-tunisie"],"_links":{"self":[{"href":"https:\/\/linitiative.ca\/International\/wp-json\/wp\/v2\/posts\/90131","targetHints":{"allow":["GET"]}}],"collection":[{"href":"https:\/\/linitiative.ca\/International\/wp-json\/wp\/v2\/posts"}],"about":[{"href":"https:\/\/linitiative.ca\/International\/wp-json\/wp\/v2\/types\/post"}],"author":[{"embeddable":true,"href":"https:\/\/linitiative.ca\/International\/wp-json\/wp\/v2\/users\/1772"}],"replies":[{"embeddable":true,"href":"https:\/\/linitiative.ca\/International\/wp-json\/wp\/v2\/comments?post=90131"}],"version-history":[{"count":0,"href":"https:\/\/linitiative.ca\/International\/wp-json\/wp\/v2\/posts\/90131\/revisions"}],"wp:featuredmedia":[{"embeddable":true,"href":"https:\/\/linitiative.ca\/International\/wp-json\/"}],"wp:attachment":[{"href":"https:\/\/linitiative.ca\/International\/wp-json\/wp\/v2\/media?parent=90131"}],"wp:term":[{"taxonomy":"category","embeddable":true,"href":"https:\/\/linitiative.ca\/International\/wp-json\/wp\/v2\/categories?post=90131"},{"taxonomy":"post_tag","embeddable":true,"href":"https:\/\/linitiative.ca\/International\/wp-json\/wp\/v2\/tags?post=90131"}],"curies":[{"name":"wp","href":"https:\/\/api.w.org\/{rel}","templated":true}]}}