{"id":90133,"date":"2020-06-25T14:28:00","date_gmt":"2020-06-25T18:28:00","guid":{"rendered":"https:\/\/linitiative.ca\/International\/interieurs-confirme-sa-position-de-leader-sur-la-tranche-mobilier-de-bureau-en-2019\/"},"modified":"2020-06-25T14:28:00","modified_gmt":"2020-06-25T18:28:00","slug":"interieurs-confirme-sa-position-de-leader-sur-la-tranche-mobilier-de-bureau-en-2019","status":"publish","type":"post","link":"https:\/\/linitiative.ca\/International\/interieurs-confirme-sa-position-de-leader-sur-la-tranche-mobilier-de-bureau-en-2019\/","title":{"rendered":"\u00abInt\u00e9rieurs\u00bb confirme sa position de leader sur la tranche mobilier de bureau en 2019"},"content":{"rendered":"<p>L\u2019ann\u00e9e 2019 a \u00e9t\u00e9 tr\u00e8s fructueuse pour la Soci\u00e9t\u00e9 Atelier du Meuble Int\u00e9rieurs SAM, avec un total bilan de 21.868.386, un b\u00e9n\u00e9fice net de 2.663.073 et une tr\u00e9sorerie positive \u00e0 la fin de la p\u00e9riode de 590.177.<\/p>\n<p>Ces chiffres confirment encore une fois la position de leadership de la soci\u00e9t\u00e9 sur la branche \u00ab mobilier et accessoires de bureau \u00bb en Tunisie. La soci\u00e9t\u00e9 a cl\u00f4tur\u00e9 l\u2019exercice 2019 avec un chiffre d\u2019affaire consolid\u00e9 de 24 400 000 contre un chiffre d\u2019affaire de 21 400 000 en 2018, <span class=\"c2\"><strong>cela repr\u00e9sente une augmentation de 14 %.<\/strong><\/span><\/p>\n<p>Selon les \u00e9tats financiers 2019, une augmentation du capital de la soci\u00e9t\u00e9 par incorporation de r\u00e9serves ordinaires d\u2019un montant de 926 939 dinars et l\u2019\u00e9mission de 926 939 actions nouvelles, ce qui a permis de faire passer le capital de 4 634 696 dinars \u00e0 5 561 635 dinars, soit une augmentation de <span class=\"c2\"><strong>20% par rapport \u00e0 2018.<\/strong><\/span><\/p>\n<p>Le march\u00e9 du mobilier de bureau a connu en 2019 une croissance en glissement annuel de 10% pour passer approximativement de 87 MD \u00e0 96 MD en 2019.<br \/>De son c\u00f4t\u00e9, \u00ab Int\u00e9rieurs \u00bb, a capt\u00e9 une bonne partie de cette croissance du march\u00e9, qui lui a permis de confirmer sa position de leader sur la tranche mobilier de bureau pour s\u2019\u00e9tablir \u00e0 <span class=\"c2\"><strong>25% de part de march\u00e9.<\/strong><\/span><\/p>\n<p class=\"c3\"><span class=\"c2\"><strong>\u2022<\/strong><\/span> Le <span class=\"c2\"><strong>chiffre d\u2019affaires<\/strong><\/span> de la soci\u00e9t\u00e9 <span class=\"c2\"><strong>SAM<\/strong><\/span> a progress\u00e9 de 13,6 % entre 2018 et 2019.<\/p>\n<p class=\"c3\"><span class=\"c2\"><strong>\u2022<\/strong><\/span> Le <span class=\"c2\"><strong>chiffre d\u2019affaires<\/strong><\/span> de la soci\u00e9t\u00e9 <span class=\"c2\"><strong>SMC<\/strong><\/span> a progress\u00e9 de 2% entre 2018 et 2019.<\/p>\n<p class=\"c3\"><span class=\"c2\"><strong>\u2022<\/strong><\/span> Le chiffre d\u2019affaires de la soci\u00e9t\u00e9 TALOS a enregistr\u00e9 une croissance de 175 % entre 2018 et 2019<\/p>\n<p class=\"c3\"><span class=\"c2\"><strong>\u2022<\/strong><\/span> Le chiffre d\u2019affaires 2019 provient essentiellement du Showroom La Soukra avec plus que 11 MDT soit 50% du chiffre d\u2019affaires global<\/p>\n<p class=\"c3\"><span class=\"c2\"><strong>\u2022<\/strong><\/span> Le Showroom de la Soukra continue au fil des ann\u00e9es \u00e0 \u00eatre la vitrine de la marque \u00ab Int\u00e9rieurs \u00bb talonn\u00e9 par l\u2019usine qui p\u00e8se plus que 35% de la force de vente.<\/p>\n<p class=\"c3\"><span class=\"c2\"><strong>\u2022<\/strong><\/span> Le Top 1 des ventes sont les si\u00e8ges de bureau qui repr\u00e9sentent 35% du chiffre d\u2019affaires total, talonn\u00e9 par les bureaux qui s\u2019accaparent 20% des ventes.<br \/>Pour les prochaines ann\u00e9es, SAM compte optimiser davantage ses capacit\u00e9s install\u00e9es pour se d\u00e9velopper tout en s\u2019articulant sur :<\/p>\n<p class=\"c3\"><span class=\"c2\"><strong>\u2022<\/strong><\/span> L\u2019augmentation de la capacit\u00e9 (en quantit\u00e9 et en fr\u00e9quence)<\/p>\n<p class=\"c3\"><span class=\"c2\"><strong>\u2022<\/strong><\/span> L\u2019augmentation du taux d\u2019int\u00e9gration au niveau de la chaine de valeur (Structures des bureaux)<\/p>\n<p class=\"c3\"><span class=\"c2\"><strong>\u2022<\/strong><\/span> L\u2019augmentation de la visibilit\u00e9 de la marque \u00ab Int\u00e9rieurs \u00bb \u00e0 travers l\u2019extension du r\u00e9seau Commercial (extension du showroom de Sfax et renforcer la force de vente)<\/p>\n<p class=\"c3\"><span class=\"c2\"><strong>\u2022<\/strong><\/span> Optimisation de la relation client (date de livraison, SAV,\u2026)<\/p>\n<p class=\"c3\"><span class=\"c2\"><strong>\u2022<\/strong><\/span> E-commerce avec la filiale TALOS.TN<br \/>Sur le plan international, la soci\u00e9t\u00e9 compte :<\/p>\n<p class=\"c3\"><span class=\"c2\"><strong>\u2022<\/strong><\/span> Dynamiser davantage la force de vente \u00e0 l\u2019export (Lybie, Alg\u00e9rie, C\u00f4te d\u2019ivoire, Mauritanie, \u2026.)<\/p>\n<p class=\"c3\"><span class=\"c2\"><strong>\u2022<\/strong><\/span> D\u00e9velopper l\u2018export vers des pays europ\u00e9ens<\/p>\n<p class=\"c3\"><span class=\"c2\"><strong>\u2022<\/strong><\/span> Consolidation de la position de \u00ab Int\u00e9rieurs \u00bb en tant que Leader sur le march\u00e9, un objectif d\u2019atteindre 30% de part de march\u00e9<\/p>\n<p>Le directeur g\u00e9n\u00e9ral de SAM, M. Aziz Ben Slimane a exprim\u00e9 sa satisfaction des r\u00e9sultats enregistr\u00e9s en 2019, et a indiqu\u00e9 que : \u00ab les Chiffres observ\u00e9s \u00e0 fin mars 2020 pr\u00e9sentent un caract\u00e8re particulier li\u00e9 \u00e0 la pand\u00e9mie qu\u2019a connue le monde et la Tunisie, \u00abInt\u00e9rieurs\u00bb a \u00e9t\u00e9 contrainte de suspendre son activit\u00e9 industrielle pour un certain nombre de semaines dans le cadre du respect du plan sanitaire impos\u00e9 par l\u2019\u00e9tat. \u00bb<\/p>\n<p>Il a ajout\u00e9 que : \u00ab Malgr\u00e9 cette donne, la soci\u00e9t\u00e9 a montr\u00e9 une capacit\u00e9 de r\u00e9silience et le Top Management , avec les \u00e9quipes \u00ab Int\u00e9rieurs \u00bb, travaillent d\u2019arrache-pied pour un effet de rattrapage sur les mois restants de l\u2019ann\u00e9e 2020 afin de consolider la dynamique de croissance observ\u00e9e courant les ann\u00e9es d\u2019activit\u00e9. \u00bb<\/p>\n<p>\u00ab Etant le premier site de e-commerce tunisien dans le mobilier et accessoires de bureau, Talos.tn a enregistr\u00e9 une hausse significative des nombre de commandes. Par rapport \u00e0 fin mai 2019, le nombre de commandes a tripl\u00e9. \u00bb, a-t-il conclu.<br \/>\u00a0<\/p>\n<p>Auteur:<br \/>\n<a href=\"https:\/\/www.leaders.com.tn\/article\/30172-interieurs-confirme-sa-position-de-leader-sur-la-tranche-mobilier-de-bureau-en-2019\">Cliquez ici pour lire l&rsquo;article depuis sa source.<\/a><\/p>\n","protected":false},"excerpt":{"rendered":"<p>L\u2019ann\u00e9e 2019 a \u00e9t\u00e9 tr\u00e8s fructueuse pour la Soci\u00e9t\u00e9 Atelier du Meuble Int\u00e9rieurs SAM, avec un total bilan de 21.868.386, un b\u00e9n\u00e9fice net de 2.663.073 et une tr\u00e9sorerie positive \u00e0 la fin de la p\u00e9riode de 590.177. Ces chiffres confirment encore une fois la position de leadership de la soci\u00e9t\u00e9 sur la branche \u00ab mobilier [&hellip;]<\/p>\n","protected":false},"author":1772,"featured_media":0,"comment_status":"closed","ping_status":"closed","sticky":false,"template":"","format":"standard","meta":{"fifu_image_url":"","fifu_image_alt":"","footnotes":""},"categories":[73,55],"tags":[],"class_list":["post-90133","post","type-post","status-publish","format-standard","hentry","category-actualite","category-tunisie"],"_links":{"self":[{"href":"https:\/\/linitiative.ca\/International\/wp-json\/wp\/v2\/posts\/90133","targetHints":{"allow":["GET"]}}],"collection":[{"href":"https:\/\/linitiative.ca\/International\/wp-json\/wp\/v2\/posts"}],"about":[{"href":"https:\/\/linitiative.ca\/International\/wp-json\/wp\/v2\/types\/post"}],"author":[{"embeddable":true,"href":"https:\/\/linitiative.ca\/International\/wp-json\/wp\/v2\/users\/1772"}],"replies":[{"embeddable":true,"href":"https:\/\/linitiative.ca\/International\/wp-json\/wp\/v2\/comments?post=90133"}],"version-history":[{"count":0,"href":"https:\/\/linitiative.ca\/International\/wp-json\/wp\/v2\/posts\/90133\/revisions"}],"wp:attachment":[{"href":"https:\/\/linitiative.ca\/International\/wp-json\/wp\/v2\/media?parent=90133"}],"wp:term":[{"taxonomy":"category","embeddable":true,"href":"https:\/\/linitiative.ca\/International\/wp-json\/wp\/v2\/categories?post=90133"},{"taxonomy":"post_tag","embeddable":true,"href":"https:\/\/linitiative.ca\/International\/wp-json\/wp\/v2\/tags?post=90133"}],"curies":[{"name":"wp","href":"https:\/\/api.w.org\/{rel}","templated":true}]}}