{"id":90139,"date":"2020-06-25T11:16:43","date_gmt":"2020-06-25T15:16:43","guid":{"rendered":"https:\/\/linitiative.ca\/International\/reprise-des-vols-a-laeroport-mohammed-v\/"},"modified":"2020-06-25T11:16:43","modified_gmt":"2020-06-25T15:16:43","slug":"reprise-des-vols-a-laeroport-mohammed-v","status":"publish","type":"post","link":"https:\/\/linitiative.ca\/International\/reprise-des-vols-a-laeroport-mohammed-v\/","title":{"rendered":"Reprise des vols \u00e0 l\u2019a\u00e9roport Mohammed V"},"content":{"rendered":"<p><strong>Les vols int\u00e9rieurs ont repris, jeudi, \u00e0 l\u2019a\u00e9roport Mohammed V de Casablanca par une desserte de la Royal Air Maroc (RAM) vers la ville de Dakhla, dans le cadre de la 2\u00e8me \u00e9tape de l\u2019all\u00e8gement du confinement sanitaire mis en place, depuis le 20 mars dernier, afin d\u2019enrayer la propagation de la pand\u00e9mie du coronavirus (Covid-19).<\/strong><\/p>\n<div class=\"c10\"\/>\n<p>Le directeur du p\u00f4le Clients de la RAM, Othman Bekkari a consid\u00e9r\u00e9 que ce vol \u00ab\u00a0est un moment historique qui restera grav\u00e9 dans les m\u00e9moires des employ\u00e9s de la RAM qui ont pu reprendre leurs activit\u00e9s apr\u00e8s une p\u00e9riode d\u2019arr\u00eat de 3 mois \u00e0 cause de la pand\u00e9mie\u00a0\u00bb.<\/p>\n<p>La compagnie nationale proc\u00e9dera \u00e0 une augmentation graduelle du nombre de fr\u00e9quences et de destinations domestiques, a relev\u00e9 le directeur. Il a ajout\u00e9 que le programme de vols devra conna\u00eetre une mont\u00e9e en puissance pour couvrir l\u2019ensemble du r\u00e9seau national.<\/p>\n<p><strong>Lire aussi | <a href=\"https:\/\/www.challenge.ma\/covid-19-voici-les-nouvelles-dispositions-commerciales-de-ram-en-faveur-de-ses-clients-document-142824\/\" target=\"_blank\" rel=\"noreferrer noopener\" aria-label=\" (opens in a new tab)\">Covid-19 : voici les nouvelles dispositions commerciales de RAM en faveur de ses clients [Document]<\/a><\/strong><\/p>\n<p>A partir de la semaine prochaine, les vols seront au nombre de trois pour chaque destination, au lieu de deux actuellement, a-t-il pr\u00e9cis\u00e9. Othman Bekkari a par ailleurs rappel\u00e9 que la RAM couvrait 28 destination avant la d\u00e9claration de l\u2019\u00e9tat d\u2019urgence sanitaire.<\/p>\n<p><strong>Lire aussi |<\/strong> <a rel=\"noreferrer noopener\" aria-label=\" (opens in a new tab)\" href=\"https:\/\/www.challenge.ma\/ram-augmentation-graduelle-des-frequences-et-des-destinations-domestiques-145770\/\" target=\"_blank\"><strong>RAM: augmentation graduelle des fr\u00e9quences et des destinations domestiques<\/strong><\/a><\/p>\n<p>Le responsable a \u00e9galement mis en avant les actions entreprises par la RAM dans le cadre de sa contribution \u00e0 l\u2019effort national dans le combat contre la pand\u00e9mie, notamment \u00e0 travers l\u2019acheminement des m\u00e9dicaments, l\u2019envoi des aides aux pays africains fr\u00e8res et le rapatriement des Marocains bloqu\u00e9s \u00e0 l\u2019\u00e9tranger.<\/p>\n<div class=\"vw-sticky-sidebar-wrapper vw-sticky-sidebar widget_text awac-wrapper widget_text awac widget custom_html-4 textwidget custom-html-widget\">\n<p class=\"has-background c12\"><span class=\"widget-title c11\">Tribune et D\u00e9bats<\/span><\/p>\n<p>La tribune qui vous parle d\u2019une actu, d\u2019un sujet qui fait d\u00e9bat, les traitent et les analysent. \u00c9conomistes et autres experts, patrons d\u2019entreprises, d\u00e9cideurs, acteurs de la soci\u00e9t\u00e9 civile, s\u2019y prononcent et contribuent \u00e0 sa grande richesse. Vous avez votre opinion, convergente ou diff\u00e9rente. Exprimez-la et mesurez-vous ainsi \u00e0 nos tribuns et d\u00e9batteurs.<\/p>\n<p>Envoyez vos analyses \u00e0 : <a href=\"\/cdn-cgi\/l\/email-protection#70131f1e04111304301318111c1c151e17155e1d11\"><span class=\"__cf_email__\" data-cfemail=\"b1d2dedfc5d0d2c5f1d2d9d0ddddd4dfd6d49fdcd0\">[email\u00a0protected]<\/span><\/a>, en pr\u00e9cisant votre nom, votre pr\u00e9nom et votre m\u00e9tier.<\/p>\n<\/div>\n<p>Auteur: Karim Handaoui<br \/>\n<a href=\"https:\/\/www.challenge.ma\/reprise-des-vols-a-laeroport-mohammed-v-146359\/\">Cliquez ici pour lire l&rsquo;article depuis sa source.<\/a><\/p>\n","protected":false},"excerpt":{"rendered":"<p>Les vols int\u00e9rieurs ont repris, jeudi, \u00e0 l\u2019a\u00e9roport Mohammed V de Casablanca par une desserte de la Royal Air Maroc (RAM) vers la ville de Dakhla, dans le cadre de la 2\u00e8me \u00e9tape de l\u2019all\u00e8gement du confinement sanitaire mis en place, depuis le 20 mars dernier, afin d\u2019enrayer la propagation de la pand\u00e9mie du coronavirus [&hellip;]<\/p>\n","protected":false},"author":1787,"featured_media":0,"comment_status":"closed","ping_status":"closed","sticky":false,"template":"","format":"standard","meta":{"fifu_image_url":"","fifu_image_alt":"","footnotes":""},"categories":[78,54],"tags":[],"class_list":["post-90139","post","type-post","status-publish","format-standard","hentry","category-economie","category-maroc"],"_links":{"self":[{"href":"https:\/\/linitiative.ca\/International\/wp-json\/wp\/v2\/posts\/90139","targetHints":{"allow":["GET"]}}],"collection":[{"href":"https:\/\/linitiative.ca\/International\/wp-json\/wp\/v2\/posts"}],"about":[{"href":"https:\/\/linitiative.ca\/International\/wp-json\/wp\/v2\/types\/post"}],"author":[{"embeddable":true,"href":"https:\/\/linitiative.ca\/International\/wp-json\/wp\/v2\/users\/1787"}],"replies":[{"embeddable":true,"href":"https:\/\/linitiative.ca\/International\/wp-json\/wp\/v2\/comments?post=90139"}],"version-history":[{"count":0,"href":"https:\/\/linitiative.ca\/International\/wp-json\/wp\/v2\/posts\/90139\/revisions"}],"wp:attachment":[{"href":"https:\/\/linitiative.ca\/International\/wp-json\/wp\/v2\/media?parent=90139"}],"wp:term":[{"taxonomy":"category","embeddable":true,"href":"https:\/\/linitiative.ca\/International\/wp-json\/wp\/v2\/categories?post=90139"},{"taxonomy":"post_tag","embeddable":true,"href":"https:\/\/linitiative.ca\/International\/wp-json\/wp\/v2\/tags?post=90139"}],"curies":[{"name":"wp","href":"https:\/\/api.w.org\/{rel}","templated":true}]}}