{"id":90152,"date":"2020-06-25T16:49:41","date_gmt":"2020-06-25T20:49:41","guid":{"rendered":"https:\/\/linitiative.ca\/International\/rencontre-des-partenaires-du-soudan\/"},"modified":"2020-06-25T16:49:41","modified_gmt":"2020-06-25T20:49:41","slug":"rencontre-des-partenaires-du-soudan","status":"publish","type":"post","link":"https:\/\/linitiative.ca\/International\/rencontre-des-partenaires-du-soudan\/","title":{"rendered":"RENCONTRE DES PARTENAIRES DU SOUDAN"},"content":{"rendered":"<div class=\"stream-item stream-item-above-post-content\">\n<p><noscript><\/p>\n<p><a href=\"\/\/www3.smartadserver.com\/ac?jump=1&amp;nwid=2136&amp;siteid=240610&amp;pgname=rg&amp;fmtid=49046&amp;visit=m&amp;tmstp=[timestamp]&amp;out=nonrich\" target=\"_blank\" rel=\"noopener noreferrer\"><img decoding=\"async\" src=\"http:\/\/www3.smartadserver.com\/ac?out=nonrich&amp;nwid=2136&amp;siteid=240610&amp;pgname=rg&amp;fmtid=49046&amp;visit=m&amp;tmstp=[timestamp]\" border=\"0\" alt=\"\"\/><\/a><\/p>\n<p><\/noscript><\/div>\n<p class=\"c3\"><em>Une quarantaine de pays se sont rencontr\u00e9s, hier, \u00e0 Berlin, en vue de soutenir la Transition soudanaise qui clopine depuis sa mise en place. Plac\u00e9e sous la co-pr\u00e9sidence de l\u2019Allemagne, de l\u2019Union europ\u00e9enne, des Nations unies et du Soudan, cette rencontre par vid\u00e9oconf\u00e9rence, Covid-19 oblige, vise \u00e0 mobiliser des moyens financiers pour permettre \u00e0 la Transition de pouvoir organiser des \u00e9lections transparentes, \u00e9quitables et inclusives dans les deux prochaines ann\u00e9es. Et c\u2019est peu dire que le Soudan en a besoin. Car, ce n\u2019est un secret pour personne qu\u2019un an apr\u00e8s la chute du dictateur Omar el-B\u00e9chir, le pays est \u00e0 bout de souffle. Cela est d\u2019autant plus vrai que l\u2019\u00e9conomie est en chute libre. A cela, s\u2019ajoutent une inflation de plus de 100%, une p\u00e9nurie de produits de premi\u00e8re n\u00e9cessit\u00e9 comme le pain, l\u2019essence, etc. C\u2019est pour \u00e9viter donc que ce grand malade en qu\u00eate de rem\u00e8de ne meure par asphyxie \u00e9conomique, que la quarantaine d\u2019Etats a d\u00e9cid\u00e9 d\u2019accourir \u00e0 son chevet. C\u2019est dire si la conf\u00e9rence de Berlin est un espoir pour le peuple soudanais dont la joie de voir le r\u00e9gime dictatorial d\u2019Omar el-B\u00e9chir s\u2019effondrer, n\u2019aura \u00e9t\u00e9 que de courte dur\u00e9e puisqu\u2019il se retrouve, \u00e0 moins d\u2019un an, confront\u00e9 aux dures r\u00e9alit\u00e9s du changement. Pourtant, il est loin de regretter Omar el-B\u00e9chir car, sous le r\u00e8gne de ce dernier, le peuple n\u2019avait ni pain en abondance, ni d\u00e9mocratie encore moins la libert\u00e9. Cela dit, on est fond\u00e9 \u00e0 croire que si plus de quarante pays en viennent aujourd\u2019hui \u00e0 se pencher sur l\u2019avenir de cet Etat qui a connu les pires atrocit\u00e9s avec le conflit du Darfour qui aura fait plus de 300\u00a0000 morts et mis sur le chemin de l\u2019exil, plus de 2 700\u00a0000 personnes selon l\u2019ONU, c\u2019est sans nul doute parce qu\u2019il y a eu un changement de r\u00e9gime. Comme le dit un adage populaire, tout changement suscite de l\u2019espoir. C\u2019est dire si les autorit\u00e9s de la Transition n\u2019ont pas droit \u00e0 l\u2019erreur.<\/em><\/p>\n<p class=\"c3\"><strong><em>Il ne faut pas tomber dans un optimisme b\u00e9at<\/em><\/strong><\/p>\n<p class=\"c3\"><em>Elles doivent mettre un point d\u2019honneur \u00e0 relancer l\u2019\u00e9conomie et \u00e0 r\u00e9former l\u2019Etat afin de lui donner un visage plus d\u00e9mocratique et plus respectueux des droits humains. Et plus t\u00f4t elles h\u00e2teront le pas, mieux cela vaudra. Car, tout laisse croire que le peuple qui a pay\u00e9 le prix le plus fort en d\u00e9boulonnant le r\u00e9gime d\u2019Omar el-B\u00e9chir, pourrait se lasser d\u2019attendre. Et Dieu seul sait ce qui pourrait advenir. Car, comme le dit un autre adage, \u00ab\u00a0ventre affam\u00e9 n\u2019a point d\u2019oreilles\u00a0\u00bb. Autant dire que les autorit\u00e9s soudanaises gagneraient \u00e0 mettre vite en marche un plan de sortie de crise. Certes, leur seule volont\u00e9 ne saurait suffire. Il faudrait et cela est un imp\u00e9ratif, que les partenaires, pour leur part, acceptent de d\u00e9lier et au plus vite, les cordons de la bourse. Et on ose esp\u00e9rer que cette rencontre qui suscite tant d\u2019espoirs du c\u00f4t\u00e9 de Khartoum, n\u2019accouchera pas d\u2019une souris apr\u00e8s que 1,8 milliards de dollars ont \u00e9t\u00e9 promis au pays. Mais on le sait, en mati\u00e8re de promesse, les Occidentaux sont en passe de devenir ma\u00eetres dans l\u2019art de ne pas tenir leurs engagements. Et ce n\u2019est pas les pays du G5 Sahel qui diront le contraire\u00a0; eux qui, depuis des mois voire des ann\u00e9es, tr\u00e9pignent d\u2019impatience de recevoir l\u2019aide promise par des partenaires dans le cadre de la lutte contre le terrorisme au Sahel. C\u2019est dire s\u2019il ne faut pas tomber dans un optimisme b\u00e9at.<\/em><\/p>\n<p class=\"c3\"><strong><em>Dabadi ZOUMBARA<\/em><\/strong><\/p>\n<p>Auteur: Le Pays<br \/>\n<a href=\"http:\/\/lepays.bf\/rencontre-des-partenaires-du-soudan\/\">Cliquez ici pour lire l&rsquo;article depuis sa source.<\/a><\/p>\n","protected":false},"excerpt":{"rendered":"<p>Une quarantaine de pays se sont rencontr\u00e9s, hier, \u00e0 Berlin, en vue de soutenir la Transition soudanaise qui clopine depuis sa mise en place. Plac\u00e9e sous la co-pr\u00e9sidence de l\u2019Allemagne, de l\u2019Union europ\u00e9enne, des Nations unies et du Soudan, cette rencontre par vid\u00e9oconf\u00e9rence, Covid-19 oblige, vise \u00e0 mobiliser des moyens financiers pour permettre \u00e0 la [&hellip;]<\/p>\n","protected":false},"author":1813,"featured_media":0,"comment_status":"closed","ping_status":"closed","sticky":false,"template":"","format":"standard","meta":{"fifu_image_url":"","fifu_image_alt":"","footnotes":""},"categories":[73,81],"tags":[],"class_list":["post-90152","post","type-post","status-publish","format-standard","hentry","category-actualite","category-burkina-faso"],"_links":{"self":[{"href":"https:\/\/linitiative.ca\/International\/wp-json\/wp\/v2\/posts\/90152","targetHints":{"allow":["GET"]}}],"collection":[{"href":"https:\/\/linitiative.ca\/International\/wp-json\/wp\/v2\/posts"}],"about":[{"href":"https:\/\/linitiative.ca\/International\/wp-json\/wp\/v2\/types\/post"}],"author":[{"embeddable":true,"href":"https:\/\/linitiative.ca\/International\/wp-json\/wp\/v2\/users\/1813"}],"replies":[{"embeddable":true,"href":"https:\/\/linitiative.ca\/International\/wp-json\/wp\/v2\/comments?post=90152"}],"version-history":[{"count":0,"href":"https:\/\/linitiative.ca\/International\/wp-json\/wp\/v2\/posts\/90152\/revisions"}],"wp:attachment":[{"href":"https:\/\/linitiative.ca\/International\/wp-json\/wp\/v2\/media?parent=90152"}],"wp:term":[{"taxonomy":"category","embeddable":true,"href":"https:\/\/linitiative.ca\/International\/wp-json\/wp\/v2\/categories?post=90152"},{"taxonomy":"post_tag","embeddable":true,"href":"https:\/\/linitiative.ca\/International\/wp-json\/wp\/v2\/tags?post=90152"}],"curies":[{"name":"wp","href":"https:\/\/api.w.org\/{rel}","templated":true}]}}