{"id":90154,"date":"2020-06-25T16:54:31","date_gmt":"2020-06-25T20:54:31","guid":{"rendered":"https:\/\/linitiative.ca\/International\/creation-annoncee-de-leco\/"},"modified":"2020-06-25T16:54:31","modified_gmt":"2020-06-25T20:54:31","slug":"creation-annoncee-de-leco","status":"publish","type":"post","link":"https:\/\/linitiative.ca\/International\/creation-annoncee-de-leco\/","title":{"rendered":"CREATION ANNONCEE DE L\u2019ECO"},"content":{"rendered":"<div class=\"stream-item stream-item-above-post-content\">\n<p><noscript><\/p>\n<p><a href=\"\/\/www3.smartadserver.com\/ac?jump=1&amp;nwid=2136&amp;siteid=240610&amp;pgname=rg&amp;fmtid=49046&amp;visit=m&amp;tmstp=[timestamp]&amp;out=nonrich\" target=\"_blank\" rel=\"noopener noreferrer\"><img decoding=\"async\" src=\"http:\/\/www3.smartadserver.com\/ac?out=nonrich&amp;nwid=2136&amp;siteid=240610&amp;pgname=rg&amp;fmtid=49046&amp;visit=m&amp;tmstp=[timestamp]\" border=\"0\" alt=\"\"\/><\/a><\/p>\n<p><\/noscript><\/div>\n<p class=\"c3\"><em>Alors que l\u2019on s\u2019achemine \u00e0 petits pas vers la mise en circulation de la nouvelle monnaie appel\u00e9e Eco, le pr\u00e9sident nig\u00e9rian, Muhammadu Buhari, vient de jeter un pav\u00e9 dans la mare. En effet, dans une s\u00e9rie de tweets publi\u00e9s le 24 juin dernier, il a \u00e9voqu\u00e9 un risque de dislocation de la Communaut\u00e9 \u00e9conomique des Etats de l\u2019Afrique de l\u2019Ouest (CEDEAO). Morceau choisi\u00a0: \u00ab\u00a0Cela me donne un sentiment de malaise que la zone UEMOA souhaite reprendre l\u2019Eco en remplacement de son franc CFA avant les autres membres de la CEDEAO\u00a0\u00bb, a-t-il d\u00e9clar\u00e9 tout en ajoutant\u00a0: \u00ab\u00a0La position du Nigeria sur l\u2019Eco est que les crit\u00e8res de convergence n\u2019ont pas \u00e9t\u00e9 remplis par la majorit\u00e9 des pays\u00a0\u00bb. Cette sortie du pr\u00e9sident nig\u00e9rian dont le pays repr\u00e9sente plus de 60% du Produit int\u00e9rieur brut (PIB) de la CEDEAO, intervient au moment o\u00f9 le projet de loi portant modification du trait\u00e9 de l\u2019Union \u00e9conomique et mon\u00e9taire ouest-africaine (UEMOA), est sur les tables des parlements nationaux des diff\u00e9rents pays membres. En tout cas, pour Muhammadu Buhari, hormis le changement de nom, l\u2019Eco n\u2019est en rien diff\u00e9rent du Franc CFA. Surtout quand on sait qu\u2019en d\u00e9pit du d\u00e9part des repr\u00e9sentants de Paris, des instances de la politique mon\u00e9taire de la nouvelle devise, la France reste le garant financier et de ce fait, a le droit de nommer, en cas de crise, des repr\u00e9sentants au sein du Conseil de politique mon\u00e9taire de la Banque centrale des Etats de l\u2019Afrique de l\u2019Ouest (BCEAO).<\/em><\/p>\n<p class=\"c3\"><strong><em>Il subsiste encore des r\u00e9sistances de la part de certains pays de la CEDEAO, en l\u2019occurrence anglophones<\/em><\/strong><\/p>\n<p class=\"c3\"><em>C\u2019est donc clair, le Nigeria ne voit pas d\u2019un bon \u0153il l\u2019av\u00e8nement de l\u2019Eco si fait qu\u2019il se montre prudent et exigeant. Il avait m\u00eame annonc\u00e9 la couleur en f\u00e9vrier dernier, en formulant une demande aux fins de \u00ab\u00a0prolongation du d\u00e9lai pour le lancement de la monnaie unique\u00a0\u00bb. Et ce n\u2019est pas tout. La premi\u00e8re puissance \u00e9conomique n\u2019avait pas dig\u00e9r\u00e9 la mani\u00e8re, dit-on, cavali\u00e8re dont les pr\u00e9sidents fran\u00e7ais et ivoirien, Emmanuel Macron et Alassane Dramane Ouattara, avaient annonc\u00e9 la naissance prochaine de l\u2019Eco. C\u2019est dire donc qu\u2019\u00e0 l\u2019allure o\u00f9 vont les choses, ce n\u2019est pas demain la veille la mise en circulation de l\u2019Eco, tant il subsiste encore des r\u00e9sistances de la part de certains pays de la CEDEAO, en l\u2019occurrence anglophones. C\u2019est donc clair. Tous ceux qui aspirent \u00e0 l\u2019unification du continent noir doivent toujours prier. Car, comment des pays qui n\u2019arrivent pas \u00e0 s\u2019entendre au niveau r\u00e9gional du fait des int\u00e9r\u00eats et des ego des uns et des autres, peuvent-ils accepter un jour de f\u00e9d\u00e9rer dans un grand ensemble continental\u00a0? La question reste pos\u00e9e\u00a0!<\/em><\/p>\n<p class=\"c3\"><strong><em>B.O<\/em><\/strong><\/p>\n<p>Auteur: Le Pays<br \/>\n<a href=\"http:\/\/lepays.bf\/creation-annoncee-de-leco-2\/\">Cliquez ici pour lire l&rsquo;article depuis sa source.<\/a><\/p>\n","protected":false},"excerpt":{"rendered":"<p>Alors que l\u2019on s\u2019achemine \u00e0 petits pas vers la mise en circulation de la nouvelle monnaie appel\u00e9e Eco, le pr\u00e9sident nig\u00e9rian, Muhammadu Buhari, vient de jeter un pav\u00e9 dans la mare. En effet, dans une s\u00e9rie de tweets publi\u00e9s le 24 juin dernier, il a \u00e9voqu\u00e9 un risque de dislocation de la Communaut\u00e9 \u00e9conomique des [&hellip;]<\/p>\n","protected":false},"author":1813,"featured_media":0,"comment_status":"closed","ping_status":"closed","sticky":false,"template":"","format":"standard","meta":{"fifu_image_url":"","fifu_image_alt":"","footnotes":""},"categories":[73,81],"tags":[],"class_list":["post-90154","post","type-post","status-publish","format-standard","hentry","category-actualite","category-burkina-faso"],"_links":{"self":[{"href":"https:\/\/linitiative.ca\/International\/wp-json\/wp\/v2\/posts\/90154","targetHints":{"allow":["GET"]}}],"collection":[{"href":"https:\/\/linitiative.ca\/International\/wp-json\/wp\/v2\/posts"}],"about":[{"href":"https:\/\/linitiative.ca\/International\/wp-json\/wp\/v2\/types\/post"}],"author":[{"embeddable":true,"href":"https:\/\/linitiative.ca\/International\/wp-json\/wp\/v2\/users\/1813"}],"replies":[{"embeddable":true,"href":"https:\/\/linitiative.ca\/International\/wp-json\/wp\/v2\/comments?post=90154"}],"version-history":[{"count":0,"href":"https:\/\/linitiative.ca\/International\/wp-json\/wp\/v2\/posts\/90154\/revisions"}],"wp:attachment":[{"href":"https:\/\/linitiative.ca\/International\/wp-json\/wp\/v2\/media?parent=90154"}],"wp:term":[{"taxonomy":"category","embeddable":true,"href":"https:\/\/linitiative.ca\/International\/wp-json\/wp\/v2\/categories?post=90154"},{"taxonomy":"post_tag","embeddable":true,"href":"https:\/\/linitiative.ca\/International\/wp-json\/wp\/v2\/tags?post=90154"}],"curies":[{"name":"wp","href":"https:\/\/api.w.org\/{rel}","templated":true}]}}