{"id":90155,"date":"2020-06-25T16:57:36","date_gmt":"2020-06-25T20:57:36","guid":{"rendered":"https:\/\/linitiative.ca\/International\/enlevement-dhumanitaires-au-niger\/"},"modified":"2020-06-25T16:57:36","modified_gmt":"2020-06-25T20:57:36","slug":"enlevement-dhumanitaires-au-niger","status":"publish","type":"post","link":"https:\/\/linitiative.ca\/International\/enlevement-dhumanitaires-au-niger\/","title":{"rendered":"ENLEVEMENT D\u2019HUMANITAIRES AU NIGER"},"content":{"rendered":"<div class=\"featured-area featured-area-inner\"><img loading=\"lazy\" decoding=\"async\" width=\"678\" height=\"381\" src=\"http:\/\/lepays.bf\/wp-content\/uploads\/2020\/06\/NIGER.jpg\" class=\"attachment-jannah-image-post size-jannah-image-post wp-post-image\" alt=\"\" srcset=\"http:\/\/lepays.bf\/wp-content\/uploads\/2020\/06\/NIGER.jpg 678w, http:\/\/lepays.bf\/wp-content\/uploads\/2020\/06\/NIGER-300x169.jpg 300w, http:\/\/lepays.bf\/wp-content\/uploads\/2020\/06\/NIGER-390x220.jpg 390w\" sizes=\"auto, (max-width: 678px) 100vw, 678px\"\/><\/div>\n<div class=\"entry-content entry clearfix\" readability=\"60\">\n<div class=\"stream-item stream-item-above-post-content\">\n<p><noscript><\/p>\n<p><a href=\"\/\/www3.smartadserver.com\/ac?jump=1&amp;nwid=2136&amp;siteid=240610&amp;pgname=rg&amp;fmtid=49046&amp;visit=m&amp;tmstp=[timestamp]&amp;out=nonrich\" target=\"_blank\" rel=\"noopener noreferrer\"><img decoding=\"async\" src=\"http:\/\/www3.smartadserver.com\/ac?out=nonrich&amp;nwid=2136&amp;siteid=240610&amp;pgname=rg&amp;fmtid=49046&amp;visit=m&amp;tmstp=[timestamp]\" border=\"0\" alt=\"\"\/><\/a><\/p>\n<p><\/noscript><\/div>\n<p class=\"c3\"><em>Les terroristes ont encore fait parler d\u2019eux au Niger. En effet, ils y ont enlev\u00e9 dans la commune de Makalondi dans le sud-ouest du Niger, proche de la fronti\u00e8re avec le Burkina, une dizaine d\u2019humanitaires d\u2019une ONG (APIS), le 24 juin dernier. Deux v\u00e9hicules appartenant \u00e0 ces humanitaires auraient \u00e9galement \u00e9t\u00e9 emport\u00e9s par les ing\u00e9nieurs du mal. Et jusqu\u2019\u00e0 hier soir, les autorit\u00e9s nig\u00e9riennes \u00e9taient toujours sans nouvelle d\u2019eux. Ce rapt vient rappeler une fois de plus que le Sahel reste une zone \u00e0 hauts risques pour les humanitaires. On se rappelle qu\u2019un pr\u00eatre italien avait \u00e9t\u00e9 aussi enlev\u00e9 dans la m\u00eame zone en septembre 2018. C\u2019est dire si les terroristes sont en passe de mettre cette partie du pays de Mahamadou Issoufou sous coupe r\u00e9gl\u00e9e. L\u2019on se demande comment mettre fin \u00e0 la terreur dans ce No man\u2019s land. Qui arr\u00eatera donc ces cavaliers de l\u2019apocalypse qui se complaisent dans le mal qu\u2019ils font subir \u00e0 leur prochain? Avec d\u00e9sinvolture et insolence, ils agissent comme s\u2019ils venaient d\u2019une autre galaxie. Enlever des humanitaires sans d\u00e9fense, qui ne cherchent qu\u2019\u00e0 secourir les plus vuln\u00e9rables, est un acte bassement vil. Tout laisse croire que ces supp\u00f4ts du mal n\u2019honorent ni l\u2019humanit\u00e9, ni Dieu.\u00a0 Les gouvernants du Niger, du Mali, du Burkina et au-del\u00e0, de toute la sous-r\u00e9gion, sont suffisamment pr\u00e9venus.\u00a0 Cette guerre contre cette race de psychopathes sera longue et harassante. Les seuls antidotes restent sans aucun doute la coh\u00e9sion des gouvernants face \u00e0 cette adversit\u00e9, le renseignement, des \u00e9quipements adapt\u00e9s et en dernier ressort, l\u2019implication r\u00e9gionale et internationale tr\u00e8s active. Ces humanitaires qui partageaient vivres et autres subsides aux populations pauvres et sinistr\u00e9es dans la commune de Makalondi, ne m\u00e9ritent pas ce qui leur arrive et il faut esp\u00e9rer que leurs pays et les gouvernants de la sous-r\u00e9gion, sauront les sortir le plus rapidement possible\u00a0 de cette passe mortif\u00e8re.\u00a0 Cet enl\u00e8vement d\u2019humanitaires est la preuve s\u2019il en est que ces semeurs de terreur ne s\u2019attaquent pas seulement aux humains, mais aussi aux valeurs qu\u2019ils v\u00e9hiculent. C\u2019est pourquoi, cette guerre qui nous est impos\u00e9e \u00e0 tous, doit \u00eatre per\u00e7ue et analys\u00e9e comme une \u00e9quation complexe \u00e0 r\u00e9soudre dans l\u2019urgence et la d\u00e9termination. C\u2019est d\u2019autant plus n\u00e9cessaire que la zone des trois fronti\u00e8res Niger-Mali-Burkina, subit des assauts r\u00e9p\u00e9t\u00e9s de plusieurs groupes terroristes dont AQMI, le GSIM, etc. C\u2019est dire s\u2019il faut agir vite afin que ces humanitaires ne subissent pas le m\u00eame sort que le pr\u00eatre italien qui reste jusque-l\u00e0, introuvable.<\/em><\/p>\n<p class=\"c3\"><strong><em>DZ<\/em><\/strong><\/p>\n<\/div>\n<p>Auteur: Le Pays<br \/>\n<a href=\"http:\/\/lepays.bf\/enlevement-dhumanitaires-au-niger\/\">Cliquez ici pour lire l&rsquo;article depuis sa source.<\/a><\/p>\n","protected":false},"excerpt":{"rendered":"<p>Les terroristes ont encore fait parler d\u2019eux au Niger. En effet, ils y ont enlev\u00e9 dans la commune de Makalondi dans le sud-ouest du Niger, proche de la fronti\u00e8re avec le Burkina, une dizaine d\u2019humanitaires d\u2019une ONG (APIS), le 24 juin dernier. Deux v\u00e9hicules appartenant \u00e0 ces humanitaires auraient \u00e9galement \u00e9t\u00e9 emport\u00e9s par les ing\u00e9nieurs [&hellip;]<\/p>\n","protected":false},"author":1813,"featured_media":90156,"comment_status":"closed","ping_status":"closed","sticky":false,"template":"","format":"standard","meta":{"fifu_image_url":"","fifu_image_alt":"","footnotes":""},"categories":[73,81],"tags":[],"class_list":["post-90155","post","type-post","status-publish","format-standard","has-post-thumbnail","hentry","category-actualite","category-burkina-faso"],"_links":{"self":[{"href":"https:\/\/linitiative.ca\/International\/wp-json\/wp\/v2\/posts\/90155","targetHints":{"allow":["GET"]}}],"collection":[{"href":"https:\/\/linitiative.ca\/International\/wp-json\/wp\/v2\/posts"}],"about":[{"href":"https:\/\/linitiative.ca\/International\/wp-json\/wp\/v2\/types\/post"}],"author":[{"embeddable":true,"href":"https:\/\/linitiative.ca\/International\/wp-json\/wp\/v2\/users\/1813"}],"replies":[{"embeddable":true,"href":"https:\/\/linitiative.ca\/International\/wp-json\/wp\/v2\/comments?post=90155"}],"version-history":[{"count":0,"href":"https:\/\/linitiative.ca\/International\/wp-json\/wp\/v2\/posts\/90155\/revisions"}],"wp:featuredmedia":[{"embeddable":true,"href":"https:\/\/linitiative.ca\/International\/wp-json\/"}],"wp:attachment":[{"href":"https:\/\/linitiative.ca\/International\/wp-json\/wp\/v2\/media?parent=90155"}],"wp:term":[{"taxonomy":"category","embeddable":true,"href":"https:\/\/linitiative.ca\/International\/wp-json\/wp\/v2\/categories?post=90155"},{"taxonomy":"post_tag","embeddable":true,"href":"https:\/\/linitiative.ca\/International\/wp-json\/wp\/v2\/tags?post=90155"}],"curies":[{"name":"wp","href":"https:\/\/api.w.org\/{rel}","templated":true}]}}