{"id":90157,"date":"2020-06-25T17:00:11","date_gmt":"2020-06-25T21:00:11","guid":{"rendered":"https:\/\/linitiative.ca\/International\/nomination-dun-general-comme-premier-ministre-au-burundi\/"},"modified":"2020-06-25T17:00:11","modified_gmt":"2020-06-25T21:00:11","slug":"nomination-dun-general-comme-premier-ministre-au-burundi","status":"publish","type":"post","link":"https:\/\/linitiative.ca\/International\/nomination-dun-general-comme-premier-ministre-au-burundi\/","title":{"rendered":"NOMINATION D\u2019UN GENERAL COMME PREMIER MINISTRE AU BURUNDI"},"content":{"rendered":"<div class=\"stream-item stream-item-above-post-content\">\n<p><noscript><\/p>\n<p><a href=\"\/\/www3.smartadserver.com\/ac?jump=1&amp;nwid=2136&amp;siteid=240610&amp;pgname=rg&amp;fmtid=49046&amp;visit=m&amp;tmstp=[timestamp]&amp;out=nonrich\" target=\"_blank\" rel=\"noopener noreferrer\"><img decoding=\"async\" src=\"http:\/\/www3.smartadserver.com\/ac?out=nonrich&amp;nwid=2136&amp;siteid=240610&amp;pgname=rg&amp;fmtid=49046&amp;visit=m&amp;tmstp=[timestamp]\" border=\"0\" alt=\"\"\/><\/a><\/p>\n<p><\/noscript><\/div>\n<p class=\"c3\"><em>Au Burundi, les choses sont all\u00e9es \u00e0 la vitesse de croisi\u00e8re. En effet, \u00e0 peine investi, le nouveau chef de l\u2019Etat, le g\u00e9n\u00e9ral Evariste Ndayishimiye, s\u2019est d\u00e9p\u00each\u00e9 de s\u2019attacher comme Premier ministre, un homme du s\u00e9rail, c\u2019est-\u00e0-dire l\u2019un des faucons du groupe tr\u00e8s ferm\u00e9 des g\u00e9n\u00e9raux qui r\u00e9gentent le pays depuis l\u2019accession au pouvoir du CNDD-FDD, en 2005. Alain-Guillaume Bunyoni, ainsi qu\u2019il s\u2019appelle, le tout nouveau chef de l\u2019Ex\u00e9cutif, ne s\u2019est pas fait prier pour se rev\u00eatir de ses nouveaux apparats aussit\u00f4t qu\u2019il a re\u00e7u l\u2019aval du parlement qui a approuv\u00e9 sa nomination par 92 voix pour et deux contre. Avec cette militarisation du r\u00e9gime, le pouvoir au Burundi op\u00e8re un nouveau tour de vis. Tous ceux qui scrutaient donc le ciel burundais dans l\u2019espoir d\u2019y lire des signes d\u2019un changement des temps, doivent \u00e0 pr\u00e9sent d\u00e9chanter. Manifestement, les signaux envoy\u00e9s par le nouveau pr\u00e9sident par l\u2019installation \u00e0 la primature d\u2019un dur parmi les durs du r\u00e9gime, sont mauvais. En effet, le r\u00eave d\u2019ouverture du pays, que nourrissaient de nombreux Burundais, se transforme en chim\u00e8re avec l\u2019arriv\u00e9e \u00e0 la t\u00eate du gouvernement, d\u2019un homme qui fait l\u2019objet de sanctions de la part des Am\u00e9ricains et qui, de ce fait, est pratiquement interdit de voyager. Ce n\u2019est donc pas cet homme ostracis\u00e9 par les puissances occidentales, qui parviendra \u00e0 briser le cercle de l\u2019isolement politique et diplomatique du Burundi mis au ban de la communaut\u00e9 internationale. L\u2019on peut, tout aussi, faire le deuil de l\u2019espoir que l\u2019on avait de voir le pays faire des progr\u00e8s en mati\u00e8re de libert\u00e9s d\u00e9mocratiques. Car, le nouveau chef de l\u2019Ex\u00e9cutif, longtemps ministre de la S\u00e9curit\u00e9 sous le d\u00e9funt pr\u00e9sident Pierre Nkurunziza, est l\u2019un des piliers de la violente r\u00e9pression qui s\u2019est abattue sur les opposants du r\u00e9gime. On peut, du m\u00eame coup, dire adieu au v\u0153u du retour des exil\u00e9s qui assistent, indign\u00e9s et impuissants, \u00e0 l\u2019ascension au sommet du pouvoir, de leur bourreau.<\/em><\/p>\n<p class=\"c3\"><strong><em>On ne devrait pas s\u2019\u00e9tonner de voir le nouveau chef de l\u2019Etat s\u2019engager sur la ligne dure<\/em><\/strong><\/p>\n<p class=\"c3\"><em>Enfin, l\u2019on peut aussi faire le requiem de cet autre v\u0153u de voir le Burundi, l\u2019un des pays les plus pauvres de la plan\u00e8te, amorcer son envol socio-\u00e9conomique. Car, en faisant le choix d\u2019un militaire comme chef de gouvernement en lieu et place d\u2019un \u00e9conomiste chevronn\u00e9 qui aurait pu insuffler une dynamique nouvelle \u00e0 l\u2019\u00e9conomie du pays, le pr\u00e9sident Evariste Ndayishimiye ravale au second plan les attentes sociales et \u00e9conomiques des populations.<\/em> <em>Cela dit, l\u2019on ne devrait pas s\u2019\u00e9tonner de voir le nouveau chef de l\u2019Etat qui n\u2019avait pas fait myst\u00e8re de sa volont\u00e9 de poursuivre l\u2019\u0153uvre de son pr\u00e9d\u00e9cesseur, s\u2019engager sur la ligne dure. Car, son ascension au pouvoir, est le r\u00e9sultat de la volont\u00e9 du cercle des g\u00e9n\u00e9raux qui l\u2019ont impos\u00e9 comme successeur \u00e0 Pierre Nkurunziza. Il est donc le garant des int\u00e9r\u00eats de cette aristocratie militaire qui s\u2019est install\u00e9e dans les arcanes du pouvoir pour piller, dans la pire des brutalit\u00e9s, les maigres ressources du pays. Il \u00e9tait donc illusoire de penser que Ndayishimiye se ferait harakiri. Ce qu\u2019il faut d\u00e9sormais redouter, c\u2019est qu\u2019il ne se pose en pire que Nkurunziza. Quand on sait que le bilan du passage de ce dernier, \u00e0 la t\u00eate de l\u2019Etat burundais, s\u2019est sold\u00e9 par pr\u00e8s de 1200 victimes des violences politiques, 400 000 exil\u00e9s, des violations massives des droits de l\u2019Homme, une forte paup\u00e9risation des populations et l\u2019isolement diplomatique et politique du pays, on ne peut envisager que le sc\u00e9nario du pire.<\/em><\/p>\n<p class=\"c3\"><strong><em>SAHO<\/em><\/strong><\/p>\n<p>Auteur: Le Pays<br \/>\n<a href=\"http:\/\/lepays.bf\/nomination-dun-general-comme-premier-ministre-au-burundi\/\">Cliquez ici pour lire l&rsquo;article depuis sa source.<\/a><\/p>\n","protected":false},"excerpt":{"rendered":"<p>Au Burundi, les choses sont all\u00e9es \u00e0 la vitesse de croisi\u00e8re. En effet, \u00e0 peine investi, le nouveau chef de l\u2019Etat, le g\u00e9n\u00e9ral Evariste Ndayishimiye, s\u2019est d\u00e9p\u00each\u00e9 de s\u2019attacher comme Premier ministre, un homme du s\u00e9rail, c\u2019est-\u00e0-dire l\u2019un des faucons du groupe tr\u00e8s ferm\u00e9 des g\u00e9n\u00e9raux qui r\u00e9gentent le pays depuis l\u2019accession au pouvoir du [&hellip;]<\/p>\n","protected":false},"author":1813,"featured_media":0,"comment_status":"closed","ping_status":"closed","sticky":false,"template":"","format":"standard","meta":{"fifu_image_url":"","fifu_image_alt":"","footnotes":""},"categories":[73,81],"tags":[],"class_list":["post-90157","post","type-post","status-publish","format-standard","hentry","category-actualite","category-burkina-faso"],"_links":{"self":[{"href":"https:\/\/linitiative.ca\/International\/wp-json\/wp\/v2\/posts\/90157","targetHints":{"allow":["GET"]}}],"collection":[{"href":"https:\/\/linitiative.ca\/International\/wp-json\/wp\/v2\/posts"}],"about":[{"href":"https:\/\/linitiative.ca\/International\/wp-json\/wp\/v2\/types\/post"}],"author":[{"embeddable":true,"href":"https:\/\/linitiative.ca\/International\/wp-json\/wp\/v2\/users\/1813"}],"replies":[{"embeddable":true,"href":"https:\/\/linitiative.ca\/International\/wp-json\/wp\/v2\/comments?post=90157"}],"version-history":[{"count":0,"href":"https:\/\/linitiative.ca\/International\/wp-json\/wp\/v2\/posts\/90157\/revisions"}],"wp:attachment":[{"href":"https:\/\/linitiative.ca\/International\/wp-json\/wp\/v2\/media?parent=90157"}],"wp:term":[{"taxonomy":"category","embeddable":true,"href":"https:\/\/linitiative.ca\/International\/wp-json\/wp\/v2\/categories?post=90157"},{"taxonomy":"post_tag","embeddable":true,"href":"https:\/\/linitiative.ca\/International\/wp-json\/wp\/v2\/tags?post=90157"}],"curies":[{"name":"wp","href":"https:\/\/api.w.org\/{rel}","templated":true}]}}