{"id":90162,"date":"2020-06-25T17:25:26","date_gmt":"2020-06-25T21:25:26","guid":{"rendered":"https:\/\/linitiative.ca\/International\/second-compact-du-mcc-plus-de-247-milliards-fcfa-seront-investis-en-5-ans\/"},"modified":"2020-06-25T17:25:26","modified_gmt":"2020-06-25T21:25:26","slug":"second-compact-du-mcc-plus-de-247-milliards-fcfa-seront-investis-en-5-ans","status":"publish","type":"post","link":"https:\/\/linitiative.ca\/International\/second-compact-du-mcc-plus-de-247-milliards-fcfa-seront-investis-en-5-ans\/","title":{"rendered":"Second Compact du MCC: Plus de 247 milliards FCFA seront investis en 5 ans"},"content":{"rendered":"<div class=\"td-post-sharing-top td-post-sharing td-ps-bg td-ps-padding td-ps-bar td-post-sharing-style6\">\n<div class=\"td-post-sharing-visible\"><a class=\"td-social-sharing-button td-social-sharing-button-js td-social-network td-social-facebook\" href=\"https:\/\/www.facebook.com\/sharer.php?u=https%3A%2F%2Fwww.sidwaya.info%2Fblog%2F2020%2F06%2F25%2Fsecond-compact-du-mcc-plus-de-247-milliards-fcfa-seront-investis-en-5-ans%2F\"\/><\/p>\n<p>Facebook<\/p>\n<p><a class=\"td-social-sharing-button td-social-sharing-button-js td-social-network td-social-twitter\" href=\"https:\/\/twitter.com\/intent\/tweet?text=Second+Compact+du+MCC%3A+Plus+de+247+milliards+FCFA+seront+investis+en+5+ans&amp;url=https%3A%2F%2Fwww.sidwaya.info%2Fblog%2F2020%2F06%2F25%2Fsecond-compact-du-mcc-plus-de-247-milliards-fcfa-seront-investis-en-5-ans%2F&amp;via=Quotidien+Sidwaya\"\/><\/p>\n<p>Twitter<\/p>\n<p><a class=\"td-social-sharing-button td-social-sharing-button-js td-social-network td-social-pinterest\" href=\"https:\/\/pinterest.com\/pin\/create\/button\/?url=https:\/\/www.sidwaya.info\/blog\/2020\/06\/25\/second-compact-du-mcc-plus-de-247-milliards-fcfa-seront-investis-en-5-ans\/&amp;media=https:\/\/www.sidwaya.info\/wp-content\/uploads\/2020\/06\/Sidfwayapresid.jpg&amp;description=Second+Compact+du+MCC%3A+Plus+de+247+milliards+FCFA+seront+investis+en+5+ans\"\/><\/p>\n<p>Pinterest<\/p>\n<p><a class=\"td-social-sharing-button td-social-sharing-button-js td-social-network td-social-whatsapp\" href=\"whatsapp:\/\/send?text=Second+Compact+du+MCC%3A+Plus+de+247+milliards+FCFA+seront+investis+en+5+ans%20%0A%0A%20https:\/\/www.sidwaya.info\/blog\/2020\/06\/25\/second-compact-du-mcc-plus-de-247-milliards-fcfa-seront-investis-en-5-ans\/\"\/><\/p>\n<p>WhatsApp<\/p>\n<p><a class=\"td-social-sharing-button td-social-sharing-button-js td-social-network td-social-linkedin\" href=\"https:\/\/www.linkedin.com\/shareArticle?mini=true&amp;url=https:\/\/www.sidwaya.info\/blog\/2020\/06\/25\/second-compact-du-mcc-plus-de-247-milliards-fcfa-seront-investis-en-5-ans\/&amp;title=Second+Compact+du+MCC%3A+Plus+de+247+milliards+FCFA+seront+investis+en+5+ans\"\/><\/p>\n<p>Linkedin<\/p>\n<p><a class=\"td-social-sharing-button td-social-sharing-button-js td-social-network td-social-mail\" href=\"mailto:?subject=Second%20Compact%20du%20MCC:%20Plus%20de%20247%20milliards%20FCFA%20seront%20investis%20en%205%20ans&amp;body=https:\/\/www.sidwaya.info\/blog\/2020\/06\/25\/second-compact-du-mcc-plus-de-247-milliards-fcfa-seront-investis-en-5-ans\/\"\/><\/p>\n<p>Email<\/p>\n<p><a class=\"td-social-sharing-button td-social-sharing-button-js td-social-network td-social-print\" href=\"#\"\/><\/p>\n<p>Print<\/p>\n<p><a class=\"td-social-sharing-button td-social-sharing-button-js td-social-network td-social-tumblr\" href=\"https:\/\/www.tumblr.com\/share\/link?url=https:\/\/www.sidwaya.info\/blog\/2020\/06\/25\/second-compact-du-mcc-plus-de-247-milliards-fcfa-seront-investis-en-5-ans\/&amp;name=Second%20Compact%20du%20MCC:%20Plus%20de%20247%20milliards%20FCFA%20seront%20investis%20en%205%20ans\"\/><\/p>\n<p>Tumblr<\/p>\n<p><a class=\"td-social-sharing-button td-social-sharing-button-js td-social-network td-social-telegram\" href=\"https:\/\/telegram.me\/share\/url?url=https:\/\/www.sidwaya.info\/blog\/2020\/06\/25\/second-compact-du-mcc-plus-de-247-milliards-fcfa-seront-investis-en-5-ans\/&amp;text=Second+Compact+du+MCC%3A+Plus+de+247+milliards+FCFA+seront+investis+en+5+ans\"\/><\/p>\n<p>Telegram<\/p>\n<p><a class=\"td-social-sharing-button td-social-sharing-button-js td-social-network td-social-viber\" href=\"viber:\/\/forward?text=Second+Compact+du+MCC%3A+Plus+de+247+milliards+FCFA+seront+investis+en+5+ans%20https:\/\/www.sidwaya.info\/blog\/2020\/06\/25\/second-compact-du-mcc-plus-de-247-milliards-fcfa-seront-investis-en-5-ans\/\"\/><\/p>\n<p>Viber<\/p>\n<p><a class=\"td-social-sharing-button td-social-sharing-button-js td-social-network td-social-naver\" href=\"https:\/\/share.naver.com\/web\/shareView.nhn?url=https:\/\/www.sidwaya.info\/blog\/2020\/06\/25\/second-compact-du-mcc-plus-de-247-milliards-fcfa-seront-investis-en-5-ans\/&amp;title=Second+Compact+du+MCC%3A+Plus+de+247+milliards+FCFA+seront+investis+en+5+ans\"\/><\/p>\n<p>Naver<\/p>\n<\/div>\n<\/div>\n<div class=\"td-post-content tagdiv-type\" readability=\"52\">\n<div class=\"td-post-featured-image\"><a href=\"https:\/\/www.sidwaya.info\/wp-content\/uploads\/2020\/06\/Sidfwayapresid.jpg\" data-caption=\"\"><img loading=\"lazy\" decoding=\"async\" width=\"696\" height=\"464\" class=\"entry-thumb td-modal-image\" src=\"https:\/\/www.sidwaya.info\/wp-content\/uploads\/2020\/06\/Sidfwayapresid-696x464.jpg\" srcset=\"https:\/\/www.sidwaya.info\/wp-content\/uploads\/2020\/06\/Sidfwayapresid-696x464.jpg 696w, https:\/\/www.sidwaya.info\/wp-content\/uploads\/2020\/06\/Sidfwayapresid-300x200.jpg 300w, https:\/\/www.sidwaya.info\/wp-content\/uploads\/2020\/06\/Sidfwayapresid-768x512.jpg 768w, https:\/\/www.sidwaya.info\/wp-content\/uploads\/2020\/06\/Sidfwayapresid-630x420.jpg 630w, https:\/\/www.sidwaya.info\/wp-content\/uploads\/2020\/06\/Sidfwayapresid.jpg 787w\" sizes=\"auto, (max-width: 696px) 100vw, 696px\" alt=\"\" title=\"Sidfwayapresid\"\/><\/a><\/div>\n<p>Le pr\u00e9sident du Faso, Roch Marc Christian Kabor\u00e9 a eu, mercredi 25 juin 2020, un \u00e9change par visioconf\u00e9rence avec le Directeur g\u00e9n\u00e9ral du Millennium Challenge Corporation (MCC), Sean Cairncross. L\u2019approbation du second Compact au profit du Burkina Faso par le Conseil d\u2019administration du MCC, et les prochaines \u00e9tapes dans le processus du Compact, ont \u00e9t\u00e9 au centre des discussions.<br \/>\u00ab Nous avons eu, il y a quelques jours, des \u00e9changes avec le charg\u00e9 d\u2019affaires, qui assure l\u2019int\u00e9rim au niveau de l\u2019ambassade des Etats-Unis au Burkina Faso, et nous avons \u00e9t\u00e9 tr\u00e8s enchant\u00e9 et r\u00e9joui d\u2019apprendre que le deuxi\u00e8me Compact a \u00e9t\u00e9 agr\u00e9\u00e9 par le Conseil d\u2019administration du MCC \u00bb, a indiqu\u00e9 le pr\u00e9sident du Faso \u00e0 Sean Cairncross. \u00ab Je tiens \u00e0 r\u00e9it\u00e9rer que nous ferons le maximum pour m\u00e9riter toujours cette confiance \u00bb, a assur\u00e9 Roch Marc Christian Kabor\u00e9 au directeur g\u00e9n\u00e9ral du MCC.Le second Compact au profit du Burkina Faso sera agr\u00e9\u00e9 dans les prochains jours par le Congr\u00e8s am\u00e9ricain, avant sa signature officielle entre les deux parties.<br \/>Ce programme am\u00e9ricain permettra d\u2019investir en cinq ans, au Burkina Faso, plus de 247 milliards FCFA au profit des populations.<\/p>\n<p>Direction de la communication de la Pr\u00e9sidence du Faso<\/p>\n<div class=\"td-a-rec td-a-rec-id-content_bottom tdi_30_555 td_block_template_1\"><img loading=\"lazy\" decoding=\"async\" class=\"aligncenter size-full wp-image-22415\" src=\"https:\/\/www.sidwaya.info\/wp-content\/uploads\/2020\/05\/Bandeau-paiement-mobile-site.png\" alt=\"\" width=\"728\" height=\"90\"\/><\/div>\n<\/div>\n<footer>\n<div class=\"td-post-sharing-bottom\">\n<p><iframe frameborder=\"0\" src=\"https:\/\/www.facebook.com\/plugins\/like.php?href=https:\/\/www.sidwaya.info\/blog\/2020\/06\/25\/second-compact-du-mcc-plus-de-247-milliards-fcfa-seront-investis-en-5-ans\/&amp;layout=button_count&amp;show_faces=false&amp;width=105&amp;action=like&amp;colorscheme=light&amp;height=21\" class=\"c1\">[embedded content]<\/iframe><\/p>\n<div id=\"td_social_sharing_article_bottom\" class=\"td-post-sharing td-ps-bg td-ps-padding td-post-sharing-style7\">\n<div class=\"td-post-sharing-visible\"><a class=\"td-social-sharing-button td-social-sharing-button-js td-social-network td-social-facebook\" href=\"https:\/\/www.facebook.com\/sharer.php?u=https%3A%2F%2Fwww.sidwaya.info%2Fblog%2F2020%2F06%2F25%2Fsecond-compact-du-mcc-plus-de-247-milliards-fcfa-seront-investis-en-5-ans%2F\"\/><\/p>\n<p>Facebook<\/p>\n<p><a class=\"td-social-sharing-button td-social-sharing-button-js td-social-network td-social-twitter\" href=\"https:\/\/twitter.com\/intent\/tweet?text=Second+Compact+du+MCC%3A+Plus+de+247+milliards+FCFA+seront+investis+en+5+ans&amp;url=https%3A%2F%2Fwww.sidwaya.info%2Fblog%2F2020%2F06%2F25%2Fsecond-compact-du-mcc-plus-de-247-milliards-fcfa-seront-investis-en-5-ans%2F&amp;via=Quotidien+Sidwaya\"\/><\/p>\n<p>Twitter<\/p>\n<p><a class=\"td-social-sharing-button td-social-sharing-button-js td-social-network td-social-pinterest\" href=\"https:\/\/pinterest.com\/pin\/create\/button\/?url=https:\/\/www.sidwaya.info\/blog\/2020\/06\/25\/second-compact-du-mcc-plus-de-247-milliards-fcfa-seront-investis-en-5-ans\/&amp;media=https:\/\/www.sidwaya.info\/wp-content\/uploads\/2020\/06\/Sidfwayapresid.jpg&amp;description=Second+Compact+du+MCC%3A+Plus+de+247+milliards+FCFA+seront+investis+en+5+ans\"\/><\/p>\n<p>Pinterest<\/p>\n<p><a class=\"td-social-sharing-button td-social-sharing-button-js td-social-network td-social-whatsapp\" href=\"whatsapp:\/\/send?text=Second+Compact+du+MCC%3A+Plus+de+247+milliards+FCFA+seront+investis+en+5+ans%20%0A%0A%20https:\/\/www.sidwaya.info\/blog\/2020\/06\/25\/second-compact-du-mcc-plus-de-247-milliards-fcfa-seront-investis-en-5-ans\/\"\/><\/p>\n<p>WhatsApp<\/p>\n<p><a class=\"td-social-sharing-button td-social-sharing-button-js td-social-network td-social-linkedin\" href=\"https:\/\/www.linkedin.com\/shareArticle?mini=true&amp;url=https:\/\/www.sidwaya.info\/blog\/2020\/06\/25\/second-compact-du-mcc-plus-de-247-milliards-fcfa-seront-investis-en-5-ans\/&amp;title=Second+Compact+du+MCC%3A+Plus+de+247+milliards+FCFA+seront+investis+en+5+ans\"\/><\/p>\n<p>Linkedin<\/p>\n<p><a class=\"td-social-sharing-button td-social-sharing-button-js td-social-network td-social-mail\" href=\"mailto:?subject=Second%20Compact%20du%20MCC:%20Plus%20de%20247%20milliards%20FCFA%20seront%20investis%20en%205%20ans&amp;body=https:\/\/www.sidwaya.info\/blog\/2020\/06\/25\/second-compact-du-mcc-plus-de-247-milliards-fcfa-seront-investis-en-5-ans\/\"\/><\/p>\n<p>Email<\/p>\n<p><a class=\"td-social-sharing-button td-social-sharing-button-js td-social-network td-social-print\" href=\"#\"\/><\/p>\n<p>Print<\/p>\n<p><a class=\"td-social-sharing-button td-social-sharing-button-js td-social-network td-social-tumblr\" href=\"https:\/\/www.tumblr.com\/share\/link?url=https:\/\/www.sidwaya.info\/blog\/2020\/06\/25\/second-compact-du-mcc-plus-de-247-milliards-fcfa-seront-investis-en-5-ans\/&amp;name=Second%20Compact%20du%20MCC:%20Plus%20de%20247%20milliards%20FCFA%20seront%20investis%20en%205%20ans\"\/><\/p>\n<p>Tumblr<\/p>\n<p><a class=\"td-social-sharing-button td-social-sharing-button-js td-social-network td-social-telegram\" href=\"https:\/\/telegram.me\/share\/url?url=https:\/\/www.sidwaya.info\/blog\/2020\/06\/25\/second-compact-du-mcc-plus-de-247-milliards-fcfa-seront-investis-en-5-ans\/&amp;text=Second+Compact+du+MCC%3A+Plus+de+247+milliards+FCFA+seront+investis+en+5+ans\"\/><\/p>\n<p>Telegram<\/p>\n<p><a class=\"td-social-sharing-button td-social-sharing-button-js td-social-network td-social-viber\" href=\"viber:\/\/forward?text=Second+Compact+du+MCC%3A+Plus+de+247+milliards+FCFA+seront+investis+en+5+ans%20https:\/\/www.sidwaya.info\/blog\/2020\/06\/25\/second-compact-du-mcc-plus-de-247-milliards-fcfa-seront-investis-en-5-ans\/\"\/><\/p>\n<p>Viber<\/p>\n<p><a class=\"td-social-sharing-button td-social-sharing-button-js td-social-network td-social-naver\" href=\"https:\/\/share.naver.com\/web\/shareView.nhn?url=https:\/\/www.sidwaya.info\/blog\/2020\/06\/25\/second-compact-du-mcc-plus-de-247-milliards-fcfa-seront-investis-en-5-ans\/&amp;title=Second+Compact+du+MCC%3A+Plus+de+247+milliards+FCFA+seront+investis+en+5+ans\"\/><\/p>\n<p>Naver<\/p>\n<\/div>\n<\/div>\n<\/div>\n<div class=\"td-block-row td-post-next-prev\">\n<div class=\"td-block-span6 td-post-prev-post td-post-next-prev-content\"><span>Article pr\u00e9c\u00e9dent<\/span><a href=\"https:\/\/www.sidwaya.info\/blog\/2020\/06\/25\/validite-du-conseil-municipal-du-22-juin-a-ouagadougou\/\">Validit\u00e9 du conseil municipal du 22 juin \u00e0 Ouagadougou<\/a><\/div>\n<div class=\"td-block-span6 td-post-next-post td-post-next-prev-content\"><span>Article suivant<\/span><a href=\"https:\/\/www.sidwaya.info\/blog\/2020\/06\/25\/covid-19-et-prise-en-charge-psychosociale-le-president-du-faso-salue-linitiative-de-licesco\/\">COVID-19 et prise en charge psychosociale: le pr\u00e9sident du Faso salue l\u2019initiative de l\u2019ICESCO<\/a><\/div>\n<\/div>\n<\/footer>\n<p>Auteur: BM. Sidwaya<br \/>\n<a href=\"https:\/\/www.sidwaya.info\/blog\/2020\/06\/25\/second-compact-du-mcc-plus-de-247-milliards-fcfa-seront-investis-en-5-ans\/\">Cliquez ici pour lire l&rsquo;article depuis sa source.<\/a><\/p>\n","protected":false},"excerpt":{"rendered":"<p>Facebook Twitter Pinterest WhatsApp Linkedin Email Print Tumblr Telegram Viber Naver Le pr\u00e9sident du Faso, Roch Marc Christian Kabor\u00e9 a eu, mercredi 25 juin 2020, un \u00e9change par visioconf\u00e9rence avec le Directeur g\u00e9n\u00e9ral du Millennium Challenge Corporation (MCC), Sean Cairncross. L\u2019approbation du second Compact au profit du Burkina Faso par le Conseil d\u2019administration du MCC, [&hellip;]<\/p>\n","protected":false},"author":1816,"featured_media":90163,"comment_status":"closed","ping_status":"closed","sticky":false,"template":"","format":"standard","meta":{"fifu_image_url":"","fifu_image_alt":"","footnotes":""},"categories":[73,81],"tags":[],"class_list":["post-90162","post","type-post","status-publish","format-standard","has-post-thumbnail","hentry","category-actualite","category-burkina-faso"],"_links":{"self":[{"href":"https:\/\/linitiative.ca\/International\/wp-json\/wp\/v2\/posts\/90162","targetHints":{"allow":["GET"]}}],"collection":[{"href":"https:\/\/linitiative.ca\/International\/wp-json\/wp\/v2\/posts"}],"about":[{"href":"https:\/\/linitiative.ca\/International\/wp-json\/wp\/v2\/types\/post"}],"author":[{"embeddable":true,"href":"https:\/\/linitiative.ca\/International\/wp-json\/wp\/v2\/users\/1816"}],"replies":[{"embeddable":true,"href":"https:\/\/linitiative.ca\/International\/wp-json\/wp\/v2\/comments?post=90162"}],"version-history":[{"count":0,"href":"https:\/\/linitiative.ca\/International\/wp-json\/wp\/v2\/posts\/90162\/revisions"}],"wp:featuredmedia":[{"embeddable":true,"href":"https:\/\/linitiative.ca\/International\/wp-json\/"}],"wp:attachment":[{"href":"https:\/\/linitiative.ca\/International\/wp-json\/wp\/v2\/media?parent=90162"}],"wp:term":[{"taxonomy":"category","embeddable":true,"href":"https:\/\/linitiative.ca\/International\/wp-json\/wp\/v2\/categories?post=90162"},{"taxonomy":"post_tag","embeddable":true,"href":"https:\/\/linitiative.ca\/International\/wp-json\/wp\/v2\/tags?post=90162"}],"curies":[{"name":"wp","href":"https:\/\/api.w.org\/{rel}","templated":true}]}}