{"id":90164,"date":"2020-06-25T17:31:48","date_gmt":"2020-06-25T21:31:48","guid":{"rendered":"https:\/\/linitiative.ca\/International\/covid-19-et-prise-en-charge-psychosociale-le-president-du-faso-salue-linitiative-de-licesco\/"},"modified":"2020-06-25T17:31:48","modified_gmt":"2020-06-25T21:31:48","slug":"covid-19-et-prise-en-charge-psychosociale-le-president-du-faso-salue-linitiative-de-licesco","status":"publish","type":"post","link":"https:\/\/linitiative.ca\/International\/covid-19-et-prise-en-charge-psychosociale-le-president-du-faso-salue-linitiative-de-licesco\/","title":{"rendered":"COVID-19 et prise en charge psychosociale: le pr\u00e9sident du Faso salue l\u2019initiative de l\u2019ICESCO"},"content":{"rendered":"<div class=\"td-post-featured-image\"><a href=\"https:\/\/www.sidwaya.info\/wp-content\/uploads\/2020\/06\/rockba26-2.jpg\" data-caption=\"\"><img loading=\"lazy\" decoding=\"async\" width=\"696\" height=\"482\" class=\"entry-thumb td-modal-image\" src=\"https:\/\/www.sidwaya.info\/wp-content\/uploads\/2020\/06\/rockba26-2-696x482.jpg\" srcset=\"https:\/\/www.sidwaya.info\/wp-content\/uploads\/2020\/06\/rockba26-2-696x482.jpg 696w, https:\/\/www.sidwaya.info\/wp-content\/uploads\/2020\/06\/rockba26-2-300x208.jpg 300w, https:\/\/www.sidwaya.info\/wp-content\/uploads\/2020\/06\/rockba26-2-768x532.jpg 768w, https:\/\/www.sidwaya.info\/wp-content\/uploads\/2020\/06\/rockba26-2-218x150.jpg 218w, https:\/\/www.sidwaya.info\/wp-content\/uploads\/2020\/06\/rockba26-2-606x420.jpg 606w, https:\/\/www.sidwaya.info\/wp-content\/uploads\/2020\/06\/rockba26-2-100x70.jpg 100w, https:\/\/www.sidwaya.info\/wp-content\/uploads\/2020\/06\/rockba26-2.jpg 787w\" sizes=\"auto, (max-width: 696px) 100vw, 696px\" alt=\"\" title=\"rockba26\"\/><\/a><\/div>\n<p><strong>Le pr\u00e9sident du Faso, Roch Marc Christian Kabor\u00e9 \u00e9tait l\u2019invit\u00e9 d\u2019honneur, mercredi 25 juin 2020, par visioconf\u00e9rence, d\u2019une rencontre de haut niveau sur le th\u00e8me : \u00ab Sant\u00e9 mentale et appui psychosocial pour favoriser la r\u00e9silience dans le contexte de la COVID-19 et post COVID-19 \u00bb. Cette rencontre virtuelle \u00e9tait organis\u00e9e par l\u2019Organisation islamique pour l\u2019\u00e9ducation, les sciences et la culture (ICESCO.Fr) et a connu la participation de l\u2019Union africaine.<\/strong><\/p>\n<p>\u00ab Nous avons le devoir de contribuer, tous ensemble, \u00e0 acc\u00e9l\u00e9rer le d\u00e9veloppement de notre continent si jeune et si riche \u00bb, a d\u00e9clar\u00e9 le pr\u00e9sident du Faso, Roch Marc Christian Kabor\u00e9, rappelant le d\u00e9sastre \u00e9conomique engendr\u00e9 par la COVID -19 et son impact sur les diff\u00e9rentes formes d\u2019organisation des communaut\u00e9s humaines, surtout au Sahel, confront\u00e9 au terrorisme et aux conflits communautaires.<br \/>Roch Marc Christian Kabor\u00e9 a indiqu\u00e9 que l\u2019impact de la COVID-19 sur le bien-\u00eatre et la sant\u00e9 mentale des populations est une pr\u00e9occupation. Il a donc pris l\u2019engagement de partager avec ses pairs, les recommandations de la rencontre, et salu\u00e9 l\u2019initiative de l\u2019ICESCO de mettre en place une coalition globale humanitaire en vue de porter assistance, notamment aux pays africains. \u00abC\u2019est un acte fort de grande solidarit\u00e9, de renforcement du dialogue entre les peuples, de mutualisation des efforts et de rationalisation des ressources. Je reste convaincu que ce m\u00e9canisme de coordination permettra de renforcer l\u2019assistance aux pays africains et en particulier au Burkina Faso \u00bb, a d\u00e9clar\u00e9 le pr\u00e9sident du Faso.<br \/>Le directeur g\u00e9n\u00e9ral de l\u2019ICESCO, Dr Salim Al Malik, a remerci\u00e9 le pr\u00e9sident du Faso pour sa disponibilit\u00e9 et l\u2019a f\u00e9licit\u00e9 pour les efforts du Burkina Faso dans la lutte contre le terrorisme et la COVID-19. Il a soulign\u00e9 que, selon les Nations unies, 264 millions de femmes ont \u00e9t\u00e9 victimes de violences domestiques depuis la survenue de la pand\u00e9mie de coronavirus, d\u2019o\u00f9 l\u2019urgence d\u2019inscrire dans la r\u00e9ponse \u00e0 la pand\u00e9mie, des strat\u00e9gies de prise en charge psychosociale des communaut\u00e9s.<br \/>Pour la commissaire aux affaires sociales de l\u2019Union africaine, Dr Elfadil Mohammed Elfadil Amira, les violences g\u00e9n\u00e9r\u00e9es par les confinements d\u00e9cid\u00e9s dans le cadre de la COVID-19 touchent principalement les femmes, les jeunes filles et les enfants. Elle a salu\u00e9 le r\u00f4le du pr\u00e9sident du Faso dans la protection de ce segment de population, entre autres, \u00e0 travers son engagement comme champion de l\u2019Union africaine dans la lutte contre les mutilations g\u00e9nitales f\u00e9minines.<\/p>\n<p>Direction de la communication de la Pr\u00e9sidence du Faso<\/p>\n<div class=\"td-a-rec td-a-rec-id-content_inline tdi_30_ff5 td_block_template_1\"><img loading=\"lazy\" decoding=\"async\" class=\"aligncenter size-full wp-image-21314\" src=\"https:\/\/www.sidwaya.info\/wp-content\/uploads\/2020\/04\/Bandeau-Covid-19-Sidwaya-1.jpg\" alt=\"\" width=\"790\" height=\"98\"\/><\/div>\n<div class=\"td-a-rec td-a-rec-id-content_bottom tdi_31_e4d td_block_template_1\"><img loading=\"lazy\" decoding=\"async\" class=\"aligncenter size-full wp-image-22415\" src=\"https:\/\/www.sidwaya.info\/wp-content\/uploads\/2020\/05\/Bandeau-paiement-mobile-site.png\" alt=\"\" width=\"728\" height=\"90\"\/><\/div>\n<p>Auteur: BM. Sidwaya<br \/>\n<a href=\"https:\/\/www.sidwaya.info\/blog\/2020\/06\/25\/covid-19-et-prise-en-charge-psychosociale-le-president-du-faso-salue-linitiative-de-licesco\/\">Cliquez ici pour lire l&rsquo;article depuis sa source.<\/a><\/p>\n","protected":false},"excerpt":{"rendered":"<p>Le pr\u00e9sident du Faso, Roch Marc Christian Kabor\u00e9 \u00e9tait l\u2019invit\u00e9 d\u2019honneur, mercredi 25 juin 2020, par visioconf\u00e9rence, d\u2019une rencontre de haut niveau sur le th\u00e8me : \u00ab Sant\u00e9 mentale et appui psychosocial pour favoriser la r\u00e9silience dans le contexte de la COVID-19 et post COVID-19 \u00bb. Cette rencontre virtuelle \u00e9tait organis\u00e9e par l\u2019Organisation islamique pour [&hellip;]<\/p>\n","protected":false},"author":1816,"featured_media":90165,"comment_status":"closed","ping_status":"closed","sticky":false,"template":"","format":"standard","meta":{"fifu_image_url":"","fifu_image_alt":"","footnotes":""},"categories":[73,81],"tags":[],"class_list":["post-90164","post","type-post","status-publish","format-standard","has-post-thumbnail","hentry","category-actualite","category-burkina-faso"],"_links":{"self":[{"href":"https:\/\/linitiative.ca\/International\/wp-json\/wp\/v2\/posts\/90164","targetHints":{"allow":["GET"]}}],"collection":[{"href":"https:\/\/linitiative.ca\/International\/wp-json\/wp\/v2\/posts"}],"about":[{"href":"https:\/\/linitiative.ca\/International\/wp-json\/wp\/v2\/types\/post"}],"author":[{"embeddable":true,"href":"https:\/\/linitiative.ca\/International\/wp-json\/wp\/v2\/users\/1816"}],"replies":[{"embeddable":true,"href":"https:\/\/linitiative.ca\/International\/wp-json\/wp\/v2\/comments?post=90164"}],"version-history":[{"count":0,"href":"https:\/\/linitiative.ca\/International\/wp-json\/wp\/v2\/posts\/90164\/revisions"}],"wp:featuredmedia":[{"embeddable":true,"href":"https:\/\/linitiative.ca\/International\/wp-json\/"}],"wp:attachment":[{"href":"https:\/\/linitiative.ca\/International\/wp-json\/wp\/v2\/media?parent=90164"}],"wp:term":[{"taxonomy":"category","embeddable":true,"href":"https:\/\/linitiative.ca\/International\/wp-json\/wp\/v2\/categories?post=90164"},{"taxonomy":"post_tag","embeddable":true,"href":"https:\/\/linitiative.ca\/International\/wp-json\/wp\/v2\/tags?post=90164"}],"curies":[{"name":"wp","href":"https:\/\/api.w.org\/{rel}","templated":true}]}}