{"id":90171,"date":"2020-06-25T16:18:05","date_gmt":"2020-06-25T20:18:05","guid":{"rendered":"https:\/\/linitiative.ca\/International\/lua-appelee-a-cooperer-pour-mettre-au-point-un-vaccin-anti-covid-19\/"},"modified":"2020-06-25T16:18:05","modified_gmt":"2020-06-25T20:18:05","slug":"lua-appelee-a-cooperer-pour-mettre-au-point-un-vaccin-anti-covid-19","status":"publish","type":"post","link":"https:\/\/linitiative.ca\/International\/lua-appelee-a-cooperer-pour-mettre-au-point-un-vaccin-anti-covid-19\/","title":{"rendered":"L\u2019UA appel\u00e9e \u00e0 coop\u00e9rer  pour mettre au point un vaccin anti-covid 19"},"content":{"rendered":"<div readability=\"32\">\n<p>Publi\u00e9 le 25.06.2020 \u00e0 21h18 par APA News<\/p>\n<\/div>\n<div readability=\"58.34009483667\">\n<p>Les dirigeants africains devraient soutenir les efforts pour d\u00e9velopper un vaccin contre le nouveau coronavirus sur le continent, a d\u00e9clar\u00e9 jeudi le pr\u00e9sident sud-africain Cyril Ramaphosa.Ramaphosa, l\u2019actuel pr\u00e9sident de l\u2019Union africaine s\u2019exprimait dans une allocution lors d\u2019une conf\u00e9rence virtuelle de deux jours sur le r\u00f4le de leadership de l\u2019Afrique dans la mise au point et l\u2019acc\u00e8s aux vaccins contre la Covid-19.<\/p>\n<p>Il a estim\u00e9 que si la maladie\u00a0\u00e9tait encore \u00e0 ses d\u00e9buts en Afrique, les infections, elles, augmentaient, pendant que les pays assouplissaient leurs confinements face \u00e0 une pression sociale et \u00e9conomique croissante.<\/p>\n<div class=\"c7\" readability=\"32\">\n<p>Ramaphosa a d\u00e9clar\u00e9 qu\u2019il \u00e9tait donc essentiel qu\u2019il y ait d\u2019importantes capacit\u00e9s locales de fabrication de vaccins en Afrique pour aider \u00e0 sauver sa population du virus mortel.<\/p>\n<p>\u00ab\u00a0Le succ\u00e8s de la mise au point et de l\u2019acc\u00e8s \u00e0 un vaccin s\u00fbr pour tous les Africains n\u00e9cessite la collaboration et la coop\u00e9ration de tous les Etats membres\u00a0\u00bb, a d\u00e9clar\u00e9 Ramaphosa lors de la conf\u00e9rence qui a pris fin jeudi.<\/p>\n<p>La r\u00e9union a r\u00e9uni des dirigeants africains, des experts et d\u2019autres parties prenantes cl\u00e9s.<\/p>\n<p>\u00ab\u00a0Nous devons avoir une feuille de route qui implique les efforts des Africains pour produire des vaccins efficaces, s\u00fbrs et \u00e0 des prix abordables\u00a0\u00bb, a d\u00e9clar\u00e9 le pr\u00e9sident de l\u2019UA.<\/p>\n<p>Il a \u00e9galement \u00e9voqu\u00e9 la n\u00e9cessit\u00e9 de mobiliser des ressources aupr\u00e8s des bailleurs internationaux et de l\u2019int\u00e9rieur du continent pour garantir l\u2019approvisionnement du vaccin une fois qu\u2019il aura \u00e9t\u00e9 d\u00e9velopp\u00e9.<\/p>\n<p>\u00ab\u00a0En travaillant ensemble, en mettant en commun nos ressources et en investissant dans l\u2019innovation, nous surmonterons cette grave menace pour la sant\u00e9 et le bien-\u00eatre de nos populations\u00a0\u00bb, a conclu Cyril Ramaphosa.<\/p>\n<\/div>\n<p><iframe loading=\"lazy\" class=\"c8\" frameborder=\"0\" type=\"text\/html\" src=\"https:\/\/dailymotion.com\/embed\/playlist\/x6bz1p?autoplay=1&amp;mute=1\" width=\"100%\" height=\"100%\" allow=\"autoplay\" allowfullscreen=\"\">[embedded content]<\/iframe><\/p>\n<p><\/p>\n<section id=\"sticky-pub\" class=\"c13\">\n<\/section>\n<\/div>\n<p>Auteur: APA News<br \/>\n<a href=\"https:\/\/www.journalducameroun.com\/lua-appelee-a-cooperer-pour-mettre-au-point-un-vaccin-anti-covid-19\/\">Cliquez ici pour lire l&rsquo;article depuis sa source.<\/a><\/p>\n","protected":false},"excerpt":{"rendered":"<p>Publi\u00e9 le 25.06.2020 \u00e0 21h18 par APA News Les dirigeants africains devraient soutenir les efforts pour d\u00e9velopper un vaccin contre le nouveau coronavirus sur le continent, a d\u00e9clar\u00e9 jeudi le pr\u00e9sident sud-africain Cyril Ramaphosa.Ramaphosa, l\u2019actuel pr\u00e9sident de l\u2019Union africaine s\u2019exprimait dans une allocution lors d\u2019une conf\u00e9rence virtuelle de deux jours sur le r\u00f4le de leadership [&hellip;]<\/p>\n","protected":false},"author":1965,"featured_media":0,"comment_status":"closed","ping_status":"closed","sticky":false,"template":"","format":"standard","meta":{"fifu_image_url":"","fifu_image_alt":"","footnotes":""},"categories":[73,82],"tags":[],"class_list":["post-90171","post","type-post","status-publish","format-standard","hentry","category-actualite","category-cameroun"],"_links":{"self":[{"href":"https:\/\/linitiative.ca\/International\/wp-json\/wp\/v2\/posts\/90171","targetHints":{"allow":["GET"]}}],"collection":[{"href":"https:\/\/linitiative.ca\/International\/wp-json\/wp\/v2\/posts"}],"about":[{"href":"https:\/\/linitiative.ca\/International\/wp-json\/wp\/v2\/types\/post"}],"author":[{"embeddable":true,"href":"https:\/\/linitiative.ca\/International\/wp-json\/wp\/v2\/users\/1965"}],"replies":[{"embeddable":true,"href":"https:\/\/linitiative.ca\/International\/wp-json\/wp\/v2\/comments?post=90171"}],"version-history":[{"count":0,"href":"https:\/\/linitiative.ca\/International\/wp-json\/wp\/v2\/posts\/90171\/revisions"}],"wp:attachment":[{"href":"https:\/\/linitiative.ca\/International\/wp-json\/wp\/v2\/media?parent=90171"}],"wp:term":[{"taxonomy":"category","embeddable":true,"href":"https:\/\/linitiative.ca\/International\/wp-json\/wp\/v2\/categories?post=90171"},{"taxonomy":"post_tag","embeddable":true,"href":"https:\/\/linitiative.ca\/International\/wp-json\/wp\/v2\/tags?post=90171"}],"curies":[{"name":"wp","href":"https:\/\/api.w.org\/{rel}","templated":true}]}}