{"id":90172,"date":"2020-06-25T16:51:14","date_gmt":"2020-06-25T20:51:14","guid":{"rendered":"https:\/\/linitiative.ca\/International\/cameroun-ernest-obama-comparaitra-libre-a-la-demande-de-jean-pierre-amougou-belinga\/"},"modified":"2020-06-25T16:51:14","modified_gmt":"2020-06-25T20:51:14","slug":"cameroun-ernest-obama-comparaitra-libre-a-la-demande-de-jean-pierre-amougou-belinga","status":"publish","type":"post","link":"https:\/\/linitiative.ca\/International\/cameroun-ernest-obama-comparaitra-libre-a-la-demande-de-jean-pierre-amougou-belinga\/","title":{"rendered":"Cameroun: Ernest Obama compara\u00eetra libre \u00e0 la demande de Jean-Pierre Amougou Belinga"},"content":{"rendered":"<div readability=\"32\">\n<p>Publi\u00e9 le 25.06.2020 \u00e0 21h51 par JournalduCameroun.com<\/p>\n<\/div>\n<div readability=\"48.312016865777\">\n<h2>La requ\u00eate du PDG du Groupe l\u2019Anecdote, confirm\u00e9e par Vision 4, a \u00e9t\u00e9 adress\u00e9e au procureur g\u00e9n\u00e9ral de la cour d\u2019appel du Centre \u201cpour des raisons humanitaires\u201d<\/h2>\n<p class=\"c7\"><span class=\"c6\">Le man\u00e8ge orchestr\u00e9 pour l\u2019interpellation de<\/span> <a href=\"https:\/\/www.journalducameroun.com\/vision-4-donne-version-interp-ernest-obama\/\"><strong>Dieudonn\u00e9 Ernest Obama Nana<\/strong><\/a> <span class=\"c6\">le 18 juin dernier perd de son \u00e9lan au fil des jours. La cha\u00eene de t\u00e9l\u00e9vision priv\u00e9e Vision 4, pour laquelle il travaillait, a confirm\u00e9 ce soir l\u2019authenticit\u00e9 de la lettre envoy\u00e9e le 24 juin par le PDG du Groupe l\u2019Anecdote,<\/span> <strong>Jean Pierre Amougou Belinga<\/strong><span class=\"c6\">, au procureur g\u00e9n\u00e9ral de la cour d\u2019appel du Centre pour permettre \u00e0 Ernest Obama de compara\u00eetre libre.<\/span><\/p>\n<div class=\"c8\" readability=\"27\">\n<p class=\"c7\"><span class=\"c6\">La lettre, partag\u00e9e sur les r\u00e9seaux sociaux, justifie la suspension de la proc\u00e9dure de placement en d\u00e9tention provisoire<\/span> <em><span class=\"c6\">\u201cpour des raisons humanitaires\u201d<\/span><\/em><span class=\"c6\">.<\/span><\/p>\n<p class=\"c7\"><span class=\"c6\">Vision 4, qui mettait au d\u00e9part, sur le dos d\u2019Ernest Obama dans le r\u00e9cit de l\u2019affaire, des actes de <em>\u201ctrahison\u201d<\/em>, abus de confiance, organisation de coups bas, divulgation d\u2019infos strat\u00e9giques, d\u00e9tournement d\u2019argent, a \u00e9voqu\u00e9 ce soir la suite des poursuites portant sur un<\/span> <em><span class=\"c6\">\u201cabus de confiance aggrav\u00e9\u201d<\/span><\/em><span class=\"c6\">.<\/span><\/p>\n<p class=\"c7\"><span class=\"c6\">Cette accusation se traduirait dans le<\/span> <em><span class=\"c6\">\u201cd\u00e9tournement d\u2019\u00e9normes sommes d\u2019argent\u201d<\/span><\/em> <span class=\"c6\">lorsque l\u2019ex-pr\u00e9sentateur de<\/span> <em><span class=\"c6\">Club d\u2019\u00c9lites<\/span><\/em> <span class=\"c6\">assumait les fonctions de directeur g\u00e9n\u00e9ral de la cha\u00eene de t\u00e9l\u00e9vision du Groupe l\u2019Anecdote.<\/span><\/p>\n<\/div>\n<p><iframe loading=\"lazy\" class=\"c9\" frameborder=\"0\" type=\"text\/html\" src=\"https:\/\/dailymotion.com\/embed\/playlist\/x6bz1p?autoplay=1&amp;mute=1\" width=\"100%\" height=\"100%\" allow=\"autoplay\" allowfullscreen=\"\">[embedded content]<\/iframe><\/p>\n<p><\/p>\n<section id=\"sticky-pub\" class=\"c14\">\n<\/section>\n<\/div>\n<p>Auteur: Eug\u00e8ne SHEMA<br \/>\n<a href=\"https:\/\/www.journalducameroun.com\/ernest-obama-compar-libre-dem-amougou\/\">Cliquez ici pour lire l&rsquo;article depuis sa source.<\/a><\/p>\n","protected":false},"excerpt":{"rendered":"<p>Publi\u00e9 le 25.06.2020 \u00e0 21h51 par JournalduCameroun.com La requ\u00eate du PDG du Groupe l\u2019Anecdote, confirm\u00e9e par Vision 4, a \u00e9t\u00e9 adress\u00e9e au procureur g\u00e9n\u00e9ral de la cour d\u2019appel du Centre \u201cpour des raisons humanitaires\u201d Le man\u00e8ge orchestr\u00e9 pour l\u2019interpellation de Dieudonn\u00e9 Ernest Obama Nana le 18 juin dernier perd de son \u00e9lan au fil des [&hellip;]<\/p>\n","protected":false},"author":1965,"featured_media":0,"comment_status":"closed","ping_status":"closed","sticky":false,"template":"","format":"standard","meta":{"fifu_image_url":"","fifu_image_alt":"","footnotes":""},"categories":[73,82],"tags":[],"class_list":["post-90172","post","type-post","status-publish","format-standard","hentry","category-actualite","category-cameroun"],"_links":{"self":[{"href":"https:\/\/linitiative.ca\/International\/wp-json\/wp\/v2\/posts\/90172","targetHints":{"allow":["GET"]}}],"collection":[{"href":"https:\/\/linitiative.ca\/International\/wp-json\/wp\/v2\/posts"}],"about":[{"href":"https:\/\/linitiative.ca\/International\/wp-json\/wp\/v2\/types\/post"}],"author":[{"embeddable":true,"href":"https:\/\/linitiative.ca\/International\/wp-json\/wp\/v2\/users\/1965"}],"replies":[{"embeddable":true,"href":"https:\/\/linitiative.ca\/International\/wp-json\/wp\/v2\/comments?post=90172"}],"version-history":[{"count":0,"href":"https:\/\/linitiative.ca\/International\/wp-json\/wp\/v2\/posts\/90172\/revisions"}],"wp:attachment":[{"href":"https:\/\/linitiative.ca\/International\/wp-json\/wp\/v2\/media?parent=90172"}],"wp:term":[{"taxonomy":"category","embeddable":true,"href":"https:\/\/linitiative.ca\/International\/wp-json\/wp\/v2\/categories?post=90172"},{"taxonomy":"post_tag","embeddable":true,"href":"https:\/\/linitiative.ca\/International\/wp-json\/wp\/v2\/tags?post=90172"}],"curies":[{"name":"wp","href":"https:\/\/api.w.org\/{rel}","templated":true}]}}