{"id":90175,"date":"2020-06-25T11:34:29","date_gmt":"2020-06-25T15:34:29","guid":{"rendered":"https:\/\/linitiative.ca\/International\/insecurite-yaounde-sous-haute-surveillance\/"},"modified":"2020-06-25T11:34:29","modified_gmt":"2020-06-25T15:34:29","slug":"insecurite-yaounde-sous-haute-surveillance","status":"publish","type":"post","link":"https:\/\/linitiative.ca\/International\/insecurite-yaounde-sous-haute-surveillance\/","title":{"rendered":"Ins\u00e9curit\u00e9 : Yaound\u00e9 sous haute surveillance"},"content":{"rendered":"<p>Yaound\u00e9 est vraisemblablement \u00a0dans la spirale d\u2019une lourde psychose. Un message radio port\u00e9 du 22 juin 2020 sign\u00e9 du commissaire divisionnaire Didier Ngah, le d\u00e9l\u00e9gu\u00e9 r\u00e9gional \u00e0 la s\u00fbret\u00e9 nationale pour Centre par int\u00e9rim renseigne suffisamment sur cette lourde ambiance. Adress\u00e9 \u00e0 tous les chefs d\u2019unit\u00e9 de la r\u00e9gion du centre, le message rend compte de l\u2019\u00e9volution du contexte s\u00e9curitaire dans la ville de Yaound\u00e9. Contexte marqu\u00e9 par \u00abl\u2019explosion de 2 engins explosifs improvis\u00e9s dans la nuit du 20 au 21 juin 2020\u00bb, indique le document du commissaire divisionnaire qui applique scrupuleusement les instructions du d\u00e9l\u00e9gu\u00e9 g\u00e9n\u00e9ral \u00e0 la s\u00fbret\u00e9 nationale. Martin Mbarga Nguele a fermement recommand\u00e9, renseigne l\u2019officier de police, \u00abdes fouilles s\u00e9curitaires\u00bb dans les taxis et autres suspects \u00abde jour comme de nuit sans tracasseries\u00bb.\u00a0<\/p>\n<p>Quelques heures plus tard une vaste op\u00e9ration de rafle a d\u00e9marr\u00e9 dans la capitale politique. Selon le quotidien Le Jour, dans son \u00e9dition de ce 25 juin, les forces de maintien de l\u2019ordre et de s\u00e9curit\u00e9\u00a0 ont, le 23 juin dernier, quadrill\u00e9 les secteurs dits \u00ab\u00a0quartier anglophone et Bilono\u00a0\u00bb. \u00ab\u00a0Chaque maison a fait l\u2019objet d\u2019une fouille \u00e0 la moulinette\u00a0\u00bb peut-on lire dans les colonnes du journal. Selon plusieurs sources qui ont v\u00e9cu la sc\u00e8ne, de nombreuses personnes ont \u00e9t\u00e9 interpell\u00e9s pendant cette descente inopin\u00e9e.<\/p>\n<p><strong>Op\u00e9ration coup de poing<\/strong><\/p>\n<p>De mani\u00e8re pr\u00e9cise, les instructions du d\u00e9l\u00e9gu\u00e9 g\u00e9n\u00e9ral \u00e0 la s\u00fbret\u00e9 nationale se manifestent par \u00abdes fouilles corporelles des chauffeurs ainsi que des occupants\u00bb. Sont \u00e9galement effectu\u00e9es, les fouilles des sacs \u00e0 mains, sacs \u00e0 dos, les malles arri\u00e8res, bo\u00eetes \u00e0 gang, capots, dessous de si\u00e8ges des v\u00e9hicules. Le contexte s\u00e9curitaire au Cameroun est en effet marqu\u00e9 par une recrudescence inqui\u00e9tante de la criminalit\u00e9 dans les grandes villes, notamment : trafic de drogues et produits psychotropes, braquages \u00e0 mains arm\u00e9es, cambriolages etc\u2026La situation en zone anglophone favorise par ailleurs la diss\u00e9mination d\u2019armes de tout calibre, parfois utilis\u00e9es dans des op\u00e9rations criminelles.<\/p>\n<p>Martin Mbarga Nguele instruit par ailleurs \u00abla multiplication des op\u00e9rations coup de poing et autres op\u00e9rations de bouclage\u00bb dans toutes les zones suspectes de la capitale politique. Avec ce nouveau d\u00e9veloppement sur la situation s\u00e9curitaire, \u00a0Yaound\u00e9 entre dans une moyenne p\u00e9riode de tension. P\u00e9riode qui comporte un risque \u00e9lev\u00e9 de bavures, abus, trafics d\u2019influence, mais aussi de d\u00e9couverte ou d\u00e9mant\u00e8lement d\u2019\u00e9ventuels r\u00e9seaux de criminalit\u00e9.<\/p>\n<p>Lire aussi\u00a0: <strong><a href=\"https:\/\/ecomatin.net\/integration-sous-regionale-linsecurite-nouvelle-grande-hypotheque\/\">Int\u00e9gration sous r\u00e9gionale: l\u2019ins\u00e9curit\u00e9, nouvelle grande hypoth\u00e8que<\/a><\/strong><\/p>\n<p>[author title=\u00a0\u00bbLa R\u00e9daction EcoMatin\u00a0\u00bb image=\u00a0\u00bbhttp:\/\/\u00a0\u00bb][\/author]<\/p>\n<div class=\"awac-wrapper awac widget posts-list-widget-11\">\n<h4 class=\"widget-title\">Le plus r\u00e9cent<\/h4>\n<\/div>\n<p>Auteur: EcoMatin<br \/>\n<a href=\"https:\/\/ecomatin.net\/insecurite-yaounde-sous-haute-surveillance\/\">Cliquez ici pour lire l&rsquo;article depuis sa source.<\/a><\/p>\n","protected":false},"excerpt":{"rendered":"<p>Yaound\u00e9 est vraisemblablement \u00a0dans la spirale d\u2019une lourde psychose. Un message radio port\u00e9 du 22 juin 2020 sign\u00e9 du commissaire divisionnaire Didier Ngah, le d\u00e9l\u00e9gu\u00e9 r\u00e9gional \u00e0 la s\u00fbret\u00e9 nationale pour Centre par int\u00e9rim renseigne suffisamment sur cette lourde ambiance. Adress\u00e9 \u00e0 tous les chefs d\u2019unit\u00e9 de la r\u00e9gion du centre, le message rend compte [&hellip;]<\/p>\n","protected":false},"author":1969,"featured_media":0,"comment_status":"closed","ping_status":"closed","sticky":false,"template":"","format":"standard","meta":{"fifu_image_url":"","fifu_image_alt":"","footnotes":""},"categories":[82,78],"tags":[],"class_list":["post-90175","post","type-post","status-publish","format-standard","hentry","category-cameroun","category-economie"],"_links":{"self":[{"href":"https:\/\/linitiative.ca\/International\/wp-json\/wp\/v2\/posts\/90175","targetHints":{"allow":["GET"]}}],"collection":[{"href":"https:\/\/linitiative.ca\/International\/wp-json\/wp\/v2\/posts"}],"about":[{"href":"https:\/\/linitiative.ca\/International\/wp-json\/wp\/v2\/types\/post"}],"author":[{"embeddable":true,"href":"https:\/\/linitiative.ca\/International\/wp-json\/wp\/v2\/users\/1969"}],"replies":[{"embeddable":true,"href":"https:\/\/linitiative.ca\/International\/wp-json\/wp\/v2\/comments?post=90175"}],"version-history":[{"count":0,"href":"https:\/\/linitiative.ca\/International\/wp-json\/wp\/v2\/posts\/90175\/revisions"}],"wp:attachment":[{"href":"https:\/\/linitiative.ca\/International\/wp-json\/wp\/v2\/media?parent=90175"}],"wp:term":[{"taxonomy":"category","embeddable":true,"href":"https:\/\/linitiative.ca\/International\/wp-json\/wp\/v2\/categories?post=90175"},{"taxonomy":"post_tag","embeddable":true,"href":"https:\/\/linitiative.ca\/International\/wp-json\/wp\/v2\/tags?post=90175"}],"curies":[{"name":"wp","href":"https:\/\/api.w.org\/{rel}","templated":true}]}}